{"id":1036,"date":"2023-02-15T12:59:45","date_gmt":"2023-02-15T12:59:45","guid":{"rendered":"https:\/\/welt-auto.ro\/?p=1036"},"modified":"2023-02-15T13:03:53","modified_gmt":"2023-02-15T13:03:53","slug":"odata-cu-reducerile-de-personal-de-la-ford-disponibilizarile-legate-de-vehiculele-electrice-incep-sa-se-faca-simtite-europa","status":"publish","type":"post","link":"https:\/\/welt-auto.ro\/odata-cu-reducerile-de-personal-de-la-ford-disponibilizarile-legate-de-vehiculele-electrice-incep-sa-se-faca-simtite-europa\/","title":{"rendered":"Odat\u0103 cu reducerile de personal de la Ford, disponibiliz\u0103rile legate de vehiculele electrice \u00eencep s\u0103 se fac\u0103 sim\u021bite \u00een Europa"},"content":{"rendered":"<figure id=\"attachment_1037\" aria-describedby=\"caption-attachment-1037\" style=\"width: 792px\" class=\"wp-caption aligncenter\"><a href=\"https:\/\/welt-auto.ro\/file\/2023\/02\/Ford-Mustang-Mach-E-GT-2021.webp\"><img loading=\"lazy\" decoding=\"async\" class=\"size-full wp-image-1037\" src=\"https:\/\/welt-auto.ro\/file\/2023\/02\/Ford-Mustang-Mach-E-GT-2021.webp\" alt=\"Ford Mustang Mach-E-GT 2021\" width=\"792\" height=\"493\" srcset=\"https:\/\/welt-auto.ro\/file\/2023\/02\/Ford-Mustang-Mach-E-GT-2021.webp 792w, https:\/\/welt-auto.ro\/file\/2023\/02\/Ford-Mustang-Mach-E-GT-2021-300x187.webp 300w, https:\/\/welt-auto.ro\/file\/2023\/02\/Ford-Mustang-Mach-E-GT-2021-768x478.webp 768w, https:\/\/welt-auto.ro\/file\/2023\/02\/Ford-Mustang-Mach-E-GT-2021-675x420.webp 675w, https:\/\/welt-auto.ro\/file\/2023\/02\/Ford-Mustang-Mach-E-GT-2021-640x398.webp 640w, https:\/\/welt-auto.ro\/file\/2023\/02\/Ford-Mustang-Mach-E-GT-2021-681x424.webp 681w\" sizes=\"auto, (max-width: 792px) 100vw, 792px\" \/><\/a><figcaption id=\"caption-attachment-1037\" class=\"wp-caption-text\">Mustang Mach-E este primul automobil complet electric al Ford pentru pia\u021ba european\u0103. Acesta va fi urmat de vehicule electrice de mici dimensiuni bazate pe platforma MEB a grupului VW \u0219i de altele mai mari, proiectate \u00een SUA.<\/figcaption><\/figure>\n<p>Ani de zile de avertismente privind pierderea de locuri de munc\u0103 \u00een urma tranzi\u021biei de la propulsoarele cu ardere intern\u0103 la automobilele complet electrice \u00eencep s\u0103 devin\u0103 realitate, deoarece <a href=\"https:\/\/welt-auto.ro\/search\/Ford\">Ford<\/a> a anun\u021bat s\u0103pt\u0103m\u00e2na aceasta c\u0103 va reduce aproape jum\u0103tate din personalul s\u0103u european de inginerie, format din 6.200 de persoane.<\/p>\n<pre>De interes: <a href=\"https:\/\/welt-auto.ro\/ford-va-reduce-numarul-de-locuri-de-munca-timp-ce-se-restructureaza-europa\/\">Ford va reduce num\u0103rul de locuri de munc\u0103<\/a><\/pre>\n<p>Martin Sander, \u0219eful Ford EV din Europa, a declarat c\u0103 motivul este, pur \u0219i simplu, c\u0103 ma\u0219inile electrice sunt mult mai simple. &#8222;Aceste schimb\u0103ri sunt determinate de tranzi\u021bia c\u0103tre propulsoare complet electrice \u0219i de reducerea drastic\u0103 a complexit\u0103\u021bii vehiculelor \u0219i opera\u021biunilor noastre&#8221;, a declarat Sander.<\/p>\n<p>\u00cen viitor, Ford se va baza pe platforma MEB a grupului Volkswagen pentru dou\u0103 ma\u0219ini electrice construite la K\u00f6ln, care vor fi lansate anul acesta \u0219i anul viitor, \u00eemp\u0103r\u021bind bazele cu <a href=\"https:\/\/welt-auto.ro\/search\/Volkswagen\">VW<\/a> ID4 \u0219i VW ID5. Urm\u0103toarea sa genera\u021bie de vehicule electrice va utiliza o nou\u0103 arhitectur\u0103 definit\u0103 prin software dezvoltat\u0103 \u00een SUA.<\/p>\n<p>&#8222;Avem nevoie \u00een mod clar de o structur\u0103 de costuri mai simpl\u0103 \u0219i mai competitiv\u0103 \u00een Europa, care s\u0103 fie aliniat\u0103 la viitorul nostru portofoliu de produse de vehicule electrice&#8221;, a declarat Sander \u00een cadrul unei conferin\u021be telefonice mar\u021bi diminea\u021b\u0103.<\/p>\n<p>Ceilal\u021bi 3.400 de ingineri ai Ford din Europa, din Marea Britanie \u0219i Germania, vor fi \u00een continuare necesari pentru a dezvolta &#8222;top hats&#8221; \u0219i alte caracteristici pentru ca ma\u0219inile s\u0103 se remarce pe pia\u021ba ultracompetitiv\u0103 din Europa, precum \u0219i pentru a men\u021bine afacerea profitabil\u0103 a Ford cu furgonete comerciale. Dar pentru 2.800 dintre ei, nu au existat suficiente proiecte pentru a-i men\u021bine angaja\u021bi, a declarat Sanders.<\/p>\n<p>&#8222;Exist\u0103 semnificativ mai pu\u021bin\u0103 munc\u0103 de f\u0103cut \u00een ceea ce prive\u0219te trenurile de rulare, pentru c\u0103 renun\u021b\u0103m la motoarele cu combustie&#8221;, a spus el. Ford reduce, de asemenea, 1.000 de posturi administrative.<\/p>\n<p>Ford este una dintre primele companii care leag\u0103 \u00een mod explicit anun\u021burile de reducere a locurilor de munc\u0103 de complexitatea redus\u0103 a ma\u0219inilor electrice, dar cu siguran\u021b\u0103 nu va fi ultima.<\/p>\n","protected":false},"excerpt":{"rendered":"<p>Ani de zile de avertismente privind pierderea de locuri de munc\u0103 \u00een urma tranzi\u021biei de la propulsoarele cu ardere intern\u0103 la automobilele complet electrice \u00eencep s\u0103 devin\u0103 realitate, deoarece Ford a anun\u021bat s\u0103pt\u0103m\u00e2na aceasta c\u0103 va reduce aproape jum\u0103tate din personalul s\u0103u european de inginerie, format din 6.200 de persoane. De interes: Ford va reduce [&hellip;]<\/p>\n","protected":false},"author":2,"featured_media":1037,"comment_status":"open","ping_status":"open","sticky":false,"template":"","format":"standard","meta":{"footnotes":""},"categories":[17],"tags":[192,91,283],"class_list":["post-1036","post","type-post","status-publish","format-standard","has-post-thumbnail","hentry","category-modele-noi-auto","tag-ford","tag-masini-electrice","tag-reduceri-personal"],"yoast_head":"<!-- This site is optimized with the Yoast SEO plugin v23.1 - https:\/\/yoast.com\/wordpress\/plugins\/seo\/ -->\n<title>Odat\u0103 cu reducerile de personal de la Ford, disponibiliz\u0103rile legate de vehiculele electrice \u00eencep s\u0103 se fac\u0103 sim\u021bite \u00een Europa - Un altfel de Blog Auto - Welt-auto.ro<\/title>\n<meta name=\"robots\" content=\"index, follow, max-snippet:-1, max-image-preview:large, max-video-preview:-1\" \/>\n<link rel=\"canonical\" href=\"https:\/\/welt-auto.ro\/odata-cu-reducerile-de-personal-de-la-ford-disponibilizarile-legate-de-vehiculele-electrice-incep-sa-se-faca-simtite-europa\/\" \/>\n<meta property=\"og:locale\" content=\"ro_RO\" \/>\n<meta property=\"og:type\" content=\"article\" \/>\n<meta property=\"og:title\" content=\"Odat\u0103 cu reducerile de personal de la Ford, disponibiliz\u0103rile legate de vehiculele electrice \u00eencep s\u0103 se fac\u0103 sim\u021bite \u00een Europa - Un altfel de Blog Auto - Welt-auto.ro\" \/>\n<meta property=\"og:description\" content=\"Ani de zile de avertismente privind pierderea de locuri de munc\u0103 \u00een urma tranzi\u021biei de la propulsoarele cu ardere intern\u0103 la automobilele complet electrice \u00eencep s\u0103 devin\u0103 realitate, deoarece Ford a anun\u021bat s\u0103pt\u0103m\u00e2na aceasta c\u0103 va reduce aproape jum\u0103tate din personalul s\u0103u european de inginerie, format din 6.200 de persoane. De interes: Ford va reduce [&hellip;]\" \/>\n<meta property=\"og:url\" content=\"https:\/\/welt-auto.ro\/odata-cu-reducerile-de-personal-de-la-ford-disponibilizarile-legate-de-vehiculele-electrice-incep-sa-se-faca-simtite-europa\/\" \/>\n<meta property=\"og:site_name\" content=\"Un altfel de Blog Auto - Welt-auto.ro\" \/>\n<meta property=\"article:publisher\" content=\"https:\/\/www.facebook.com\/weltautor\" \/>\n<meta property=\"article:published_time\" content=\"2023-02-15T12:59:45+00:00\" \/>\n<meta property=\"article:modified_time\" content=\"2023-02-15T13:03:53+00:00\" \/>\n<meta property=\"og:image\" content=\"https:\/\/welt-auto.ro\/file\/2023\/02\/Ford-Mustang-Mach-E-GT-2021.webp\" \/>\n\t<meta property=\"og:image:width\" content=\"792\" \/>\n\t<meta property=\"og:image:height\" content=\"493\" \/>\n\t<meta property=\"og:image:type\" content=\"image\/webp\" \/>\n<meta name=\"author\" content=\"Andrei Welther\" \/>\n<meta name=\"twitter:card\" content=\"summary_large_image\" \/>\n<meta name=\"twitter:label1\" content=\"Scris de\" \/>\n\t<meta name=\"twitter:data1\" content=\"Andrei Welther\" \/>\n\t<meta name=\"twitter:label2\" content=\"Timp estimat pentru citire\" \/>\n\t<meta name=\"twitter:data2\" content=\"2 minute\" \/>\n<script type=\"application\/ld+json\" class=\"yoast-schema-graph\">{\"@context\":\"https:\/\/schema.org\",\"@graph\":[{\"@type\":\"WebPage\",\"@id\":\"https:\/\/welt-auto.ro\/odata-cu-reducerile-de-personal-de-la-ford-disponibilizarile-legate-de-vehiculele-electrice-incep-sa-se-faca-simtite-europa\/\",\"url\":\"https:\/\/welt-auto.ro\/odata-cu-reducerile-de-personal-de-la-ford-disponibilizarile-legate-de-vehiculele-electrice-incep-sa-se-faca-simtite-europa\/\",\"name\":\"Odat\u0103 cu reducerile de personal de la Ford, disponibiliz\u0103rile legate de vehiculele electrice \u00eencep s\u0103 se fac\u0103 sim\u021bite \u00een Europa - Un altfel de Blog Auto - Welt-auto.ro\",\"isPartOf\":{\"@id\":\"https:\/\/welt-auto.ro\/#website\"},\"primaryImageOfPage\":{\"@id\":\"https:\/\/welt-auto.ro\/odata-cu-reducerile-de-personal-de-la-ford-disponibilizarile-legate-de-vehiculele-electrice-incep-sa-se-faca-simtite-europa\/#primaryimage\"},\"image\":{\"@id\":\"https:\/\/welt-auto.ro\/odata-cu-reducerile-de-personal-de-la-ford-disponibilizarile-legate-de-vehiculele-electrice-incep-sa-se-faca-simtite-europa\/#primaryimage\"},\"thumbnailUrl\":\"https:\/\/welt-auto.ro\/file\/2023\/02\/Ford-Mustang-Mach-E-GT-2021.webp\",\"datePublished\":\"2023-02-15T12:59:45+00:00\",\"dateModified\":\"2023-02-15T13:03:53+00:00\",\"author\":{\"@id\":\"https:\/\/welt-auto.ro\/#\/schema\/person\/69a640369c1548e5b5e04f610d3be559\"},\"breadcrumb\":{\"@id\":\"https:\/\/welt-auto.ro\/odata-cu-reducerile-de-personal-de-la-ford-disponibilizarile-legate-de-vehiculele-electrice-incep-sa-se-faca-simtite-europa\/#breadcrumb\"},\"inLanguage\":\"ro-RO\",\"potentialAction\":[{\"@type\":\"ReadAction\",\"target\":[\"https:\/\/welt-auto.ro\/odata-cu-reducerile-de-personal-de-la-ford-disponibilizarile-legate-de-vehiculele-electrice-incep-sa-se-faca-simtite-europa\/\"]}]},{\"@type\":\"ImageObject\",\"inLanguage\":\"ro-RO\",\"@id\":\"https:\/\/welt-auto.ro\/odata-cu-reducerile-de-personal-de-la-ford-disponibilizarile-legate-de-vehiculele-electrice-incep-sa-se-faca-simtite-europa\/#primaryimage\",\"url\":\"https:\/\/welt-auto.ro\/file\/2023\/02\/Ford-Mustang-Mach-E-GT-2021.webp\",\"contentUrl\":\"https:\/\/welt-auto.ro\/file\/2023\/02\/Ford-Mustang-Mach-E-GT-2021.webp\",\"width\":792,\"height\":493,\"caption\":\"Mustang Mach-E este primul automobil complet electric al Ford pentru pia\u021ba european\u0103. Acesta va fi urmat de vehicule electrice de mici dimensiuni bazate pe platforma MEB a grupului VW \u0219i de altele mai mari, proiectate \u00een SUA.\"},{\"@type\":\"BreadcrumbList\",\"@id\":\"https:\/\/welt-auto.ro\/odata-cu-reducerile-de-personal-de-la-ford-disponibilizarile-legate-de-vehiculele-electrice-incep-sa-se-faca-simtite-europa\/#breadcrumb\",\"itemListElement\":[{\"@type\":\"ListItem\",\"position\":1,\"name\":\"Prima pagin\u0103\",\"item\":\"https:\/\/welt-auto.ro\/\"},{\"@type\":\"ListItem\",\"position\":2,\"name\":\"Odat\u0103 cu reducerile de personal de la Ford, disponibiliz\u0103rile legate de vehiculele electrice \u00eencep s\u0103 se fac\u0103 sim\u021bite \u00een Europa\"}]},{\"@type\":\"WebSite\",\"@id\":\"https:\/\/welt-auto.ro\/#website\",\"url\":\"https:\/\/welt-auto.ro\/\",\"name\":\"Un altfel de Blog Auto - Welt-auto.ro\",\"description\":\"Un altfel de blog auto -afla acum detalii din lumea auto\",\"potentialAction\":[{\"@type\":\"SearchAction\",\"target\":{\"@type\":\"EntryPoint\",\"urlTemplate\":\"https:\/\/welt-auto.ro\/?s={search_term_string}\"},\"query-input\":\"required name=search_term_string\"}],\"inLanguage\":\"ro-RO\"},{\"@type\":\"Person\",\"@id\":\"https:\/\/welt-auto.ro\/#\/schema\/person\/69a640369c1548e5b5e04f610d3be559\",\"name\":\"Andrei Welther\",\"image\":{\"@type\":\"ImageObject\",\"inLanguage\":\"ro-RO\",\"@id\":\"https:\/\/welt-auto.ro\/#\/schema\/person\/image\/\",\"url\":\"https:\/\/secure.gravatar.com\/avatar\/bd4a792415fb39fa51798d58ac2f37a43840d82d0caaa90a29f315aec4e6d416?s=96&d=mm&r=g\",\"contentUrl\":\"https:\/\/secure.gravatar.com\/avatar\/bd4a792415fb39fa51798d58ac2f37a43840d82d0caaa90a29f315aec4e6d416?s=96&d=mm&r=g\",\"caption\":\"Andrei Welther\"},\"sameAs\":[\"https:\/\/weltcars.com\"],\"url\":\"https:\/\/welt-auto.ro\/profile\/weltandrei\/\"}]}<\/script>\n<!-- \/ Yoast SEO plugin. -->","yoast_head_json":{"title":"Odat\u0103 cu reducerile de personal de la Ford, disponibiliz\u0103rile legate de vehiculele electrice \u00eencep s\u0103 se fac\u0103 sim\u021bite \u00een Europa - Un altfel de Blog Auto - Welt-auto.ro","robots":{"index":"index","follow":"follow","max-snippet":"max-snippet:-1","max-image-preview":"max-image-preview:large","max-video-preview":"max-video-preview:-1"},"canonical":"https:\/\/welt-auto.ro\/odata-cu-reducerile-de-personal-de-la-ford-disponibilizarile-legate-de-vehiculele-electrice-incep-sa-se-faca-simtite-europa\/","og_locale":"ro_RO","og_type":"article","og_title":"Odat\u0103 cu reducerile de personal de la Ford, disponibiliz\u0103rile legate de vehiculele electrice \u00eencep s\u0103 se fac\u0103 sim\u021bite \u00een Europa - Un altfel de Blog Auto - Welt-auto.ro","og_description":"Ani de zile de avertismente privind pierderea de locuri de munc\u0103 \u00een urma tranzi\u021biei de la propulsoarele cu ardere intern\u0103 la automobilele complet electrice \u00eencep s\u0103 devin\u0103 realitate, deoarece Ford a anun\u021bat s\u0103pt\u0103m\u00e2na aceasta c\u0103 va reduce aproape jum\u0103tate din personalul s\u0103u european de inginerie, format din 6.200 de persoane. De interes: Ford va reduce [&hellip;]","og_url":"https:\/\/welt-auto.ro\/odata-cu-reducerile-de-personal-de-la-ford-disponibilizarile-legate-de-vehiculele-electrice-incep-sa-se-faca-simtite-europa\/","og_site_name":"Un altfel de Blog Auto - Welt-auto.ro","article_publisher":"https:\/\/www.facebook.com\/weltautor","article_published_time":"2023-02-15T12:59:45+00:00","article_modified_time":"2023-02-15T13:03:53+00:00","og_image":[{"width":792,"height":493,"url":"https:\/\/welt-auto.ro\/file\/2023\/02\/Ford-Mustang-Mach-E-GT-2021.webp","type":"image\/webp"}],"author":"Andrei Welther","twitter_card":"summary_large_image","twitter_misc":{"Scris de":"Andrei Welther","Timp estimat pentru citire":"2 minute"},"schema":{"@context":"https:\/\/schema.org","@graph":[{"@type":"WebPage","@id":"https:\/\/welt-auto.ro\/odata-cu-reducerile-de-personal-de-la-ford-disponibilizarile-legate-de-vehiculele-electrice-incep-sa-se-faca-simtite-europa\/","url":"https:\/\/welt-auto.ro\/odata-cu-reducerile-de-personal-de-la-ford-disponibilizarile-legate-de-vehiculele-electrice-incep-sa-se-faca-simtite-europa\/","name":"Odat\u0103 cu reducerile de personal de la Ford, disponibiliz\u0103rile legate de vehiculele electrice \u00eencep s\u0103 se fac\u0103 sim\u021bite \u00een Europa - Un altfel de Blog Auto - Welt-auto.ro","isPartOf":{"@id":"https:\/\/welt-auto.ro\/#website"},"primaryImageOfPage":{"@id":"https:\/\/welt-auto.ro\/odata-cu-reducerile-de-personal-de-la-ford-disponibilizarile-legate-de-vehiculele-electrice-incep-sa-se-faca-simtite-europa\/#primaryimage"},"image":{"@id":"https:\/\/welt-auto.ro\/odata-cu-reducerile-de-personal-de-la-ford-disponibilizarile-legate-de-vehiculele-electrice-incep-sa-se-faca-simtite-europa\/#primaryimage"},"thumbnailUrl":"https:\/\/welt-auto.ro\/file\/2023\/02\/Ford-Mustang-Mach-E-GT-2021.webp","datePublished":"2023-02-15T12:59:45+00:00","dateModified":"2023-02-15T13:03:53+00:00","author":{"@id":"https:\/\/welt-auto.ro\/#\/schema\/person\/69a640369c1548e5b5e04f610d3be559"},"breadcrumb":{"@id":"https:\/\/welt-auto.ro\/odata-cu-reducerile-de-personal-de-la-ford-disponibilizarile-legate-de-vehiculele-electrice-incep-sa-se-faca-simtite-europa\/#breadcrumb"},"inLanguage":"ro-RO","potentialAction":[{"@type":"ReadAction","target":["https:\/\/welt-auto.ro\/odata-cu-reducerile-de-personal-de-la-ford-disponibilizarile-legate-de-vehiculele-electrice-incep-sa-se-faca-simtite-europa\/"]}]},{"@type":"ImageObject","inLanguage":"ro-RO","@id":"https:\/\/welt-auto.ro\/odata-cu-reducerile-de-personal-de-la-ford-disponibilizarile-legate-de-vehiculele-electrice-incep-sa-se-faca-simtite-europa\/#primaryimage","url":"https:\/\/welt-auto.ro\/file\/2023\/02\/Ford-Mustang-Mach-E-GT-2021.webp","contentUrl":"https:\/\/welt-auto.ro\/file\/2023\/02\/Ford-Mustang-Mach-E-GT-2021.webp","width":792,"height":493,"caption":"Mustang Mach-E este primul automobil complet electric al Ford pentru pia\u021ba european\u0103. Acesta va fi urmat de vehicule electrice de mici dimensiuni bazate pe platforma MEB a grupului VW \u0219i de altele mai mari, proiectate \u00een SUA."},{"@type":"BreadcrumbList","@id":"https:\/\/welt-auto.ro\/odata-cu-reducerile-de-personal-de-la-ford-disponibilizarile-legate-de-vehiculele-electrice-incep-sa-se-faca-simtite-europa\/#breadcrumb","itemListElement":[{"@type":"ListItem","position":1,"name":"Prima pagin\u0103","item":"https:\/\/welt-auto.ro\/"},{"@type":"ListItem","position":2,"name":"Odat\u0103 cu reducerile de personal de la Ford, disponibiliz\u0103rile legate de vehiculele electrice \u00eencep s\u0103 se fac\u0103 sim\u021bite \u00een Europa"}]},{"@type":"WebSite","@id":"https:\/\/welt-auto.ro\/#website","url":"https:\/\/welt-auto.ro\/","name":"Un altfel de Blog Auto - Welt-auto.ro","description":"Un altfel de blog auto -afla acum detalii din lumea auto","potentialAction":[{"@type":"SearchAction","target":{"@type":"EntryPoint","urlTemplate":"https:\/\/welt-auto.ro\/?s={search_term_string}"},"query-input":"required name=search_term_string"}],"inLanguage":"ro-RO"},{"@type":"Person","@id":"https:\/\/welt-auto.ro\/#\/schema\/person\/69a640369c1548e5b5e04f610d3be559","name":"Andrei Welther","image":{"@type":"ImageObject","inLanguage":"ro-RO","@id":"https:\/\/welt-auto.ro\/#\/schema\/person\/image\/","url":"https:\/\/secure.gravatar.com\/avatar\/bd4a792415fb39fa51798d58ac2f37a43840d82d0caaa90a29f315aec4e6d416?s=96&d=mm&r=g","contentUrl":"https:\/\/secure.gravatar.com\/avatar\/bd4a792415fb39fa51798d58ac2f37a43840d82d0caaa90a29f315aec4e6d416?s=96&d=mm&r=g","caption":"Andrei Welther"},"sameAs":["https:\/\/weltcars.com"],"url":"https:\/\/welt-auto.ro\/profile\/weltandrei\/"}]}},"_links":{"self":[{"href":"https:\/\/welt-auto.ro\/rest\/wp\/v2\/posts\/1036","targetHints":{"allow":["GET"]}}],"collection":[{"href":"https:\/\/welt-auto.ro\/rest\/wp\/v2\/posts"}],"about":[{"href":"https:\/\/welt-auto.ro\/rest\/wp\/v2\/types\/post"}],"author":[{"embeddable":true,"href":"https:\/\/welt-auto.ro\/rest\/wp\/v2\/users\/2"}],"replies":[{"embeddable":true,"href":"https:\/\/welt-auto.ro\/rest\/wp\/v2\/comments?post=1036"}],"version-history":[{"count":1,"href":"https:\/\/welt-auto.ro\/rest\/wp\/v2\/posts\/1036\/revisions"}],"predecessor-version":[{"id":1038,"href":"https:\/\/welt-auto.ro\/rest\/wp\/v2\/posts\/1036\/revisions\/1038"}],"wp:featuredmedia":[{"embeddable":true,"href":"https:\/\/welt-auto.ro\/rest\/wp\/v2\/media\/1037"}],"wp:attachment":[{"href":"https:\/\/welt-auto.ro\/rest\/wp\/v2\/media?parent=1036"}],"wp:term":[{"taxonomy":"category","embeddable":true,"href":"https:\/\/welt-auto.ro\/rest\/wp\/v2\/categories?post=1036"},{"taxonomy":"post_tag","embeddable":true,"href":"https:\/\/welt-auto.ro\/rest\/wp\/v2\/tags?post=1036"}],"curies":[{"name":"wp","href":"https:\/\/api.w.org\/{rel}","templated":true}]}}