{"id":1058,"date":"2023-02-18T18:47:25","date_gmt":"2023-02-18T18:47:25","guid":{"rendered":"https:\/\/welt-auto.ro\/?p=1058"},"modified":"2023-02-18T18:47:40","modified_gmt":"2023-02-18T18:47:40","slug":"seful-mercedes-kallenius-spune-ca-barierele-comerciale-nu-reprezinta-calea-catre-un-viitor-mai-verde","status":"publish","type":"post","link":"https:\/\/welt-auto.ro\/seful-mercedes-kallenius-spune-ca-barierele-comerciale-nu-reprezinta-calea-catre-un-viitor-mai-verde\/","title":{"rendered":"\u0218eful Mercedes, Kallenius, spune c\u0103 barierele comerciale nu reprezint\u0103 calea c\u0103tre un viitor mai verde"},"content":{"rendered":"<figure id=\"attachment_1059\" aria-describedby=\"caption-attachment-1059\" style=\"width: 792px\" class=\"wp-caption aligncenter\"><img loading=\"lazy\" decoding=\"async\" class=\"size-full wp-image-1059\" src=\"https:\/\/welt-auto.ro\/file\/2023\/02\/MB-Kallenius-and-Harald-Wilhelm-CFO-MB-web.jpg\" alt=\"Ola Kallenius (right) is pictured during a news conference for Mercedes's annual results on Friday alongside CFO Harald Wilhelm\" width=\"792\" height=\"475\" srcset=\"https:\/\/welt-auto.ro\/file\/2023\/02\/MB-Kallenius-and-Harald-Wilhelm-CFO-MB-web.jpg 792w, https:\/\/welt-auto.ro\/file\/2023\/02\/MB-Kallenius-and-Harald-Wilhelm-CFO-MB-web-300x180.jpg 300w, https:\/\/welt-auto.ro\/file\/2023\/02\/MB-Kallenius-and-Harald-Wilhelm-CFO-MB-web-768x461.jpg 768w, https:\/\/welt-auto.ro\/file\/2023\/02\/MB-Kallenius-and-Harald-Wilhelm-CFO-MB-web-700x420.jpg 700w, https:\/\/welt-auto.ro\/file\/2023\/02\/MB-Kallenius-and-Harald-Wilhelm-CFO-MB-web-640x384.jpg 640w, https:\/\/welt-auto.ro\/file\/2023\/02\/MB-Kallenius-and-Harald-Wilhelm-CFO-MB-web-681x408.jpg 681w\" sizes=\"auto, (max-width: 792px) 100vw, 792px\" \/><figcaption id=\"caption-attachment-1059\" class=\"wp-caption-text\">Ola Kallenius (dreapta) este fotografiat \u00een timpul unei conferin\u021be de pres\u0103 pentru rezultatele anuale ale Mercedes, vineri, al\u0103turi de directorul financiar Harald Wilhelm<\/figcaption><\/figure>\n<p>STUTTGART &#8211; Investi\u021biile \u0219i alte instrumente pentru a accelera tranzi\u021bia industrial\u0103 c\u0103tre un viitor decarbonizat sunt binevenite, dar barierele comerciale nu sunt binevenite, a declarat Ola Kallenius, directorul general al Mercedes-Benz, referindu-se la Legea american\u0103 privind reducerea infla\u021biei.<\/p>\n<p>&#8222;Bariere comerciale, v\u0103 rog, nu&#8221;, a spus el \u00een timpul unei conferin\u021be de pres\u0103 privind rezultatele anuale ale produc\u0103torului auto.<\/p>\n<p>Cu 369 de miliarde de dolari \u00een subven\u021bii acordate \u00een mare parte produc\u0103torilor cu sediul \u00een America de Nord, IRA din SUA a pus Uniunea European\u0103 \u00een defensiv\u0103.<\/p>\n<p>Liderii europeni se tem c\u0103 cerin\u021bele privind con\u021binutul local ar putea atrage companiile din regiune.<\/p>\n<p>Kaellenius a salutat eforturile pentru un viitor mai verde, dar a criticat efectele secundare protec\u021bioniste ale legii.<\/p>\n<p>&#8222;Cei mai mari exportatori din SUA \u00eenapoi \u00een Europa sunt companiile germane&#8221;, a declarat Kaellenius, ad\u0103ug\u00e2nd c\u0103 produc\u0103torul auto este una dintre aceste companii.<\/p>\n<p>Mercedes \u00ee\u0219i regionaliza deja lan\u021burile de aprovizionare din SUA, a spus Kaellenius. &#8222;Acum va fi sus\u021binut\u0103 financiar, astfel \u00eenc\u00e2t va fi \u00eentr-adev\u0103r mai viabil\u0103 din punct de vedere economic&#8221;, a ad\u0103ugat el.<\/p>\n","protected":false},"excerpt":{"rendered":"<p>STUTTGART &#8211; Investi\u021biile \u0219i alte instrumente pentru a accelera tranzi\u021bia industrial\u0103 c\u0103tre un viitor decarbonizat sunt binevenite, dar barierele comerciale nu sunt binevenite, a declarat Ola Kallenius, directorul general al Mercedes-Benz, referindu-se la Legea american\u0103 privind reducerea infla\u021biei. &#8222;Bariere comerciale, v\u0103 rog, nu&#8221;, a spus el \u00een timpul unei conferin\u021be de pres\u0103 privind rezultatele anuale [&hellip;]<\/p>\n","protected":false},"author":2,"featured_media":1059,"comment_status":"open","ping_status":"open","sticky":false,"template":"","format":"standard","meta":{"footnotes":""},"categories":[17],"tags":[294,64,293],"class_list":["post-1058","post","type-post","status-publish","format-standard","has-post-thumbnail","hentry","category-modele-noi-auto","tag-bariere","tag-mercedes","tag-vanzari"],"yoast_head":"<!-- This site is optimized with the Yoast SEO plugin v23.1 - https:\/\/yoast.com\/wordpress\/plugins\/seo\/ -->\n<title>\u0218eful Mercedes, Kallenius, spune c\u0103 barierele comerciale nu reprezint\u0103 calea c\u0103tre un viitor mai verde - Un altfel de Blog Auto - Welt-auto.ro<\/title>\n<meta name=\"robots\" content=\"index, follow, max-snippet:-1, max-image-preview:large, max-video-preview:-1\" \/>\n<link rel=\"canonical\" href=\"https:\/\/welt-auto.ro\/seful-mercedes-kallenius-spune-ca-barierele-comerciale-nu-reprezinta-calea-catre-un-viitor-mai-verde\/\" \/>\n<meta property=\"og:locale\" content=\"ro_RO\" \/>\n<meta property=\"og:type\" content=\"article\" \/>\n<meta property=\"og:title\" content=\"\u0218eful Mercedes, Kallenius, spune c\u0103 barierele comerciale nu reprezint\u0103 calea c\u0103tre un viitor mai verde - Un altfel de Blog Auto - Welt-auto.ro\" \/>\n<meta property=\"og:description\" content=\"STUTTGART &#8211; Investi\u021biile \u0219i alte instrumente pentru a accelera tranzi\u021bia industrial\u0103 c\u0103tre un viitor decarbonizat sunt binevenite, dar barierele comerciale nu sunt binevenite, a declarat Ola Kallenius, directorul general al Mercedes-Benz, referindu-se la Legea american\u0103 privind reducerea infla\u021biei. &#8222;Bariere comerciale, v\u0103 rog, nu&#8221;, a spus el \u00een timpul unei conferin\u021be de pres\u0103 privind rezultatele anuale [&hellip;]\" \/>\n<meta property=\"og:url\" content=\"https:\/\/welt-auto.ro\/seful-mercedes-kallenius-spune-ca-barierele-comerciale-nu-reprezinta-calea-catre-un-viitor-mai-verde\/\" \/>\n<meta property=\"og:site_name\" content=\"Un altfel de Blog Auto - Welt-auto.ro\" \/>\n<meta property=\"article:publisher\" content=\"https:\/\/www.facebook.com\/weltautor\" \/>\n<meta property=\"article:published_time\" content=\"2023-02-18T18:47:25+00:00\" \/>\n<meta property=\"article:modified_time\" content=\"2023-02-18T18:47:40+00:00\" \/>\n<meta property=\"og:image\" content=\"https:\/\/welt-auto.ro\/file\/2023\/02\/MB-Kallenius-and-Harald-Wilhelm-CFO-MB-web.jpg\" \/>\n\t<meta property=\"og:image:width\" content=\"792\" \/>\n\t<meta property=\"og:image:height\" content=\"475\" \/>\n\t<meta property=\"og:image:type\" content=\"image\/jpeg\" \/>\n<meta name=\"author\" content=\"Andrei Welther\" \/>\n<meta name=\"twitter:card\" content=\"summary_large_image\" \/>\n<meta name=\"twitter:label1\" content=\"Scris de\" \/>\n\t<meta name=\"twitter:data1\" content=\"Andrei Welther\" \/>\n\t<meta name=\"twitter:label2\" content=\"Timp estimat pentru citire\" \/>\n\t<meta name=\"twitter:data2\" content=\"1 minut\" \/>\n<script type=\"application\/ld+json\" class=\"yoast-schema-graph\">{\"@context\":\"https:\/\/schema.org\",\"@graph\":[{\"@type\":\"WebPage\",\"@id\":\"https:\/\/welt-auto.ro\/seful-mercedes-kallenius-spune-ca-barierele-comerciale-nu-reprezinta-calea-catre-un-viitor-mai-verde\/\",\"url\":\"https:\/\/welt-auto.ro\/seful-mercedes-kallenius-spune-ca-barierele-comerciale-nu-reprezinta-calea-catre-un-viitor-mai-verde\/\",\"name\":\"\u0218eful Mercedes, Kallenius, spune c\u0103 barierele comerciale nu reprezint\u0103 calea c\u0103tre un viitor mai verde - Un altfel de Blog Auto - Welt-auto.ro\",\"isPartOf\":{\"@id\":\"https:\/\/welt-auto.ro\/#website\"},\"primaryImageOfPage\":{\"@id\":\"https:\/\/welt-auto.ro\/seful-mercedes-kallenius-spune-ca-barierele-comerciale-nu-reprezinta-calea-catre-un-viitor-mai-verde\/#primaryimage\"},\"image\":{\"@id\":\"https:\/\/welt-auto.ro\/seful-mercedes-kallenius-spune-ca-barierele-comerciale-nu-reprezinta-calea-catre-un-viitor-mai-verde\/#primaryimage\"},\"thumbnailUrl\":\"https:\/\/welt-auto.ro\/file\/2023\/02\/MB-Kallenius-and-Harald-Wilhelm-CFO-MB-web.jpg\",\"datePublished\":\"2023-02-18T18:47:25+00:00\",\"dateModified\":\"2023-02-18T18:47:40+00:00\",\"author\":{\"@id\":\"https:\/\/welt-auto.ro\/#\/schema\/person\/69a640369c1548e5b5e04f610d3be559\"},\"breadcrumb\":{\"@id\":\"https:\/\/welt-auto.ro\/seful-mercedes-kallenius-spune-ca-barierele-comerciale-nu-reprezinta-calea-catre-un-viitor-mai-verde\/#breadcrumb\"},\"inLanguage\":\"ro-RO\",\"potentialAction\":[{\"@type\":\"ReadAction\",\"target\":[\"https:\/\/welt-auto.ro\/seful-mercedes-kallenius-spune-ca-barierele-comerciale-nu-reprezinta-calea-catre-un-viitor-mai-verde\/\"]}]},{\"@type\":\"ImageObject\",\"inLanguage\":\"ro-RO\",\"@id\":\"https:\/\/welt-auto.ro\/seful-mercedes-kallenius-spune-ca-barierele-comerciale-nu-reprezinta-calea-catre-un-viitor-mai-verde\/#primaryimage\",\"url\":\"https:\/\/welt-auto.ro\/file\/2023\/02\/MB-Kallenius-and-Harald-Wilhelm-CFO-MB-web.jpg\",\"contentUrl\":\"https:\/\/welt-auto.ro\/file\/2023\/02\/MB-Kallenius-and-Harald-Wilhelm-CFO-MB-web.jpg\",\"width\":792,\"height\":475,\"caption\":\"Ola Kallenius (dreapta) este fotografiat \u00een timpul unei conferin\u021be de pres\u0103 pentru rezultatele anuale ale Mercedes, vineri, al\u0103turi de directorul financiar Harald Wilhelm\"},{\"@type\":\"BreadcrumbList\",\"@id\":\"https:\/\/welt-auto.ro\/seful-mercedes-kallenius-spune-ca-barierele-comerciale-nu-reprezinta-calea-catre-un-viitor-mai-verde\/#breadcrumb\",\"itemListElement\":[{\"@type\":\"ListItem\",\"position\":1,\"name\":\"Prima pagin\u0103\",\"item\":\"https:\/\/welt-auto.ro\/\"},{\"@type\":\"ListItem\",\"position\":2,\"name\":\"\u0218eful Mercedes, Kallenius, spune c\u0103 barierele comerciale nu reprezint\u0103 calea c\u0103tre un viitor mai verde\"}]},{\"@type\":\"WebSite\",\"@id\":\"https:\/\/welt-auto.ro\/#website\",\"url\":\"https:\/\/welt-auto.ro\/\",\"name\":\"Un altfel de Blog Auto - Welt-auto.ro\",\"description\":\"Un altfel de blog auto -afla acum detalii din lumea auto\",\"potentialAction\":[{\"@type\":\"SearchAction\",\"target\":{\"@type\":\"EntryPoint\",\"urlTemplate\":\"https:\/\/welt-auto.ro\/?s={search_term_string}\"},\"query-input\":\"required name=search_term_string\"}],\"inLanguage\":\"ro-RO\"},{\"@type\":\"Person\",\"@id\":\"https:\/\/welt-auto.ro\/#\/schema\/person\/69a640369c1548e5b5e04f610d3be559\",\"name\":\"Andrei Welther\",\"image\":{\"@type\":\"ImageObject\",\"inLanguage\":\"ro-RO\",\"@id\":\"https:\/\/welt-auto.ro\/#\/schema\/person\/image\/\",\"url\":\"https:\/\/secure.gravatar.com\/avatar\/bd4a792415fb39fa51798d58ac2f37a43840d82d0caaa90a29f315aec4e6d416?s=96&d=mm&r=g\",\"contentUrl\":\"https:\/\/secure.gravatar.com\/avatar\/bd4a792415fb39fa51798d58ac2f37a43840d82d0caaa90a29f315aec4e6d416?s=96&d=mm&r=g\",\"caption\":\"Andrei Welther\"},\"sameAs\":[\"https:\/\/weltcars.com\"],\"url\":\"https:\/\/welt-auto.ro\/profile\/weltandrei\/\"}]}<\/script>\n<!-- \/ Yoast SEO plugin. -->","yoast_head_json":{"title":"\u0218eful Mercedes, Kallenius, spune c\u0103 barierele comerciale nu reprezint\u0103 calea c\u0103tre un viitor mai verde - Un altfel de Blog Auto - Welt-auto.ro","robots":{"index":"index","follow":"follow","max-snippet":"max-snippet:-1","max-image-preview":"max-image-preview:large","max-video-preview":"max-video-preview:-1"},"canonical":"https:\/\/welt-auto.ro\/seful-mercedes-kallenius-spune-ca-barierele-comerciale-nu-reprezinta-calea-catre-un-viitor-mai-verde\/","og_locale":"ro_RO","og_type":"article","og_title":"\u0218eful Mercedes, Kallenius, spune c\u0103 barierele comerciale nu reprezint\u0103 calea c\u0103tre un viitor mai verde - Un altfel de Blog Auto - Welt-auto.ro","og_description":"STUTTGART &#8211; Investi\u021biile \u0219i alte instrumente pentru a accelera tranzi\u021bia industrial\u0103 c\u0103tre un viitor decarbonizat sunt binevenite, dar barierele comerciale nu sunt binevenite, a declarat Ola Kallenius, directorul general al Mercedes-Benz, referindu-se la Legea american\u0103 privind reducerea infla\u021biei. &#8222;Bariere comerciale, v\u0103 rog, nu&#8221;, a spus el \u00een timpul unei conferin\u021be de pres\u0103 privind rezultatele anuale [&hellip;]","og_url":"https:\/\/welt-auto.ro\/seful-mercedes-kallenius-spune-ca-barierele-comerciale-nu-reprezinta-calea-catre-un-viitor-mai-verde\/","og_site_name":"Un altfel de Blog Auto - Welt-auto.ro","article_publisher":"https:\/\/www.facebook.com\/weltautor","article_published_time":"2023-02-18T18:47:25+00:00","article_modified_time":"2023-02-18T18:47:40+00:00","og_image":[{"width":792,"height":475,"url":"https:\/\/welt-auto.ro\/file\/2023\/02\/MB-Kallenius-and-Harald-Wilhelm-CFO-MB-web.jpg","type":"image\/jpeg"}],"author":"Andrei Welther","twitter_card":"summary_large_image","twitter_misc":{"Scris de":"Andrei Welther","Timp estimat pentru citire":"1 minut"},"schema":{"@context":"https:\/\/schema.org","@graph":[{"@type":"WebPage","@id":"https:\/\/welt-auto.ro\/seful-mercedes-kallenius-spune-ca-barierele-comerciale-nu-reprezinta-calea-catre-un-viitor-mai-verde\/","url":"https:\/\/welt-auto.ro\/seful-mercedes-kallenius-spune-ca-barierele-comerciale-nu-reprezinta-calea-catre-un-viitor-mai-verde\/","name":"\u0218eful Mercedes, Kallenius, spune c\u0103 barierele comerciale nu reprezint\u0103 calea c\u0103tre un viitor mai verde - Un altfel de Blog Auto - Welt-auto.ro","isPartOf":{"@id":"https:\/\/welt-auto.ro\/#website"},"primaryImageOfPage":{"@id":"https:\/\/welt-auto.ro\/seful-mercedes-kallenius-spune-ca-barierele-comerciale-nu-reprezinta-calea-catre-un-viitor-mai-verde\/#primaryimage"},"image":{"@id":"https:\/\/welt-auto.ro\/seful-mercedes-kallenius-spune-ca-barierele-comerciale-nu-reprezinta-calea-catre-un-viitor-mai-verde\/#primaryimage"},"thumbnailUrl":"https:\/\/welt-auto.ro\/file\/2023\/02\/MB-Kallenius-and-Harald-Wilhelm-CFO-MB-web.jpg","datePublished":"2023-02-18T18:47:25+00:00","dateModified":"2023-02-18T18:47:40+00:00","author":{"@id":"https:\/\/welt-auto.ro\/#\/schema\/person\/69a640369c1548e5b5e04f610d3be559"},"breadcrumb":{"@id":"https:\/\/welt-auto.ro\/seful-mercedes-kallenius-spune-ca-barierele-comerciale-nu-reprezinta-calea-catre-un-viitor-mai-verde\/#breadcrumb"},"inLanguage":"ro-RO","potentialAction":[{"@type":"ReadAction","target":["https:\/\/welt-auto.ro\/seful-mercedes-kallenius-spune-ca-barierele-comerciale-nu-reprezinta-calea-catre-un-viitor-mai-verde\/"]}]},{"@type":"ImageObject","inLanguage":"ro-RO","@id":"https:\/\/welt-auto.ro\/seful-mercedes-kallenius-spune-ca-barierele-comerciale-nu-reprezinta-calea-catre-un-viitor-mai-verde\/#primaryimage","url":"https:\/\/welt-auto.ro\/file\/2023\/02\/MB-Kallenius-and-Harald-Wilhelm-CFO-MB-web.jpg","contentUrl":"https:\/\/welt-auto.ro\/file\/2023\/02\/MB-Kallenius-and-Harald-Wilhelm-CFO-MB-web.jpg","width":792,"height":475,"caption":"Ola Kallenius (dreapta) este fotografiat \u00een timpul unei conferin\u021be de pres\u0103 pentru rezultatele anuale ale Mercedes, vineri, al\u0103turi de directorul financiar Harald Wilhelm"},{"@type":"BreadcrumbList","@id":"https:\/\/welt-auto.ro\/seful-mercedes-kallenius-spune-ca-barierele-comerciale-nu-reprezinta-calea-catre-un-viitor-mai-verde\/#breadcrumb","itemListElement":[{"@type":"ListItem","position":1,"name":"Prima pagin\u0103","item":"https:\/\/welt-auto.ro\/"},{"@type":"ListItem","position":2,"name":"\u0218eful Mercedes, Kallenius, spune c\u0103 barierele comerciale nu reprezint\u0103 calea c\u0103tre un viitor mai verde"}]},{"@type":"WebSite","@id":"https:\/\/welt-auto.ro\/#website","url":"https:\/\/welt-auto.ro\/","name":"Un altfel de Blog Auto - Welt-auto.ro","description":"Un altfel de blog auto -afla acum detalii din lumea auto","potentialAction":[{"@type":"SearchAction","target":{"@type":"EntryPoint","urlTemplate":"https:\/\/welt-auto.ro\/?s={search_term_string}"},"query-input":"required name=search_term_string"}],"inLanguage":"ro-RO"},{"@type":"Person","@id":"https:\/\/welt-auto.ro\/#\/schema\/person\/69a640369c1548e5b5e04f610d3be559","name":"Andrei Welther","image":{"@type":"ImageObject","inLanguage":"ro-RO","@id":"https:\/\/welt-auto.ro\/#\/schema\/person\/image\/","url":"https:\/\/secure.gravatar.com\/avatar\/bd4a792415fb39fa51798d58ac2f37a43840d82d0caaa90a29f315aec4e6d416?s=96&d=mm&r=g","contentUrl":"https:\/\/secure.gravatar.com\/avatar\/bd4a792415fb39fa51798d58ac2f37a43840d82d0caaa90a29f315aec4e6d416?s=96&d=mm&r=g","caption":"Andrei Welther"},"sameAs":["https:\/\/weltcars.com"],"url":"https:\/\/welt-auto.ro\/profile\/weltandrei\/"}]}},"_links":{"self":[{"href":"https:\/\/welt-auto.ro\/rest\/wp\/v2\/posts\/1058","targetHints":{"allow":["GET"]}}],"collection":[{"href":"https:\/\/welt-auto.ro\/rest\/wp\/v2\/posts"}],"about":[{"href":"https:\/\/welt-auto.ro\/rest\/wp\/v2\/types\/post"}],"author":[{"embeddable":true,"href":"https:\/\/welt-auto.ro\/rest\/wp\/v2\/users\/2"}],"replies":[{"embeddable":true,"href":"https:\/\/welt-auto.ro\/rest\/wp\/v2\/comments?post=1058"}],"version-history":[{"count":1,"href":"https:\/\/welt-auto.ro\/rest\/wp\/v2\/posts\/1058\/revisions"}],"predecessor-version":[{"id":1060,"href":"https:\/\/welt-auto.ro\/rest\/wp\/v2\/posts\/1058\/revisions\/1060"}],"wp:featuredmedia":[{"embeddable":true,"href":"https:\/\/welt-auto.ro\/rest\/wp\/v2\/media\/1059"}],"wp:attachment":[{"href":"https:\/\/welt-auto.ro\/rest\/wp\/v2\/media?parent=1058"}],"wp:term":[{"taxonomy":"category","embeddable":true,"href":"https:\/\/welt-auto.ro\/rest\/wp\/v2\/categories?post=1058"},{"taxonomy":"post_tag","embeddable":true,"href":"https:\/\/welt-auto.ro\/rest\/wp\/v2\/tags?post=1058"}],"curies":[{"name":"wp","href":"https:\/\/api.w.org\/{rel}","templated":true}]}}