{"id":1061,"date":"2023-02-18T18:57:08","date_gmt":"2023-02-18T18:57:08","guid":{"rendered":"https:\/\/welt-auto.ro\/?p=1061"},"modified":"2023-02-18T18:57:17","modified_gmt":"2023-02-18T18:57:17","slug":"luna-ianuarie-continua-tendinta-pozitiva-inmatricularilor-de-autoturisme-noi-din-elvetia-timp-ce-schimbarile-de-proprietate-scad","status":"publish","type":"post","link":"https:\/\/welt-auto.ro\/luna-ianuarie-continua-tendinta-pozitiva-inmatricularilor-de-autoturisme-noi-din-elvetia-timp-ce-schimbarile-de-proprietate-scad\/","title":{"rendered":"Luna ianuarie continu\u0103 tendin\u021ba pozitiv\u0103 a \u00eenmatricul\u0103rilor de autoturisme noi din Elve\u021bia, \u00een timp ce schimb\u0103rile de proprietate scad"},"content":{"rendered":"<p><img loading=\"lazy\" decoding=\"async\" class=\"aligncenter size-full wp-image-1062\" src=\"https:\/\/welt-auto.ro\/file\/2023\/02\/GettyImages-1149290334-1024x767-1.jpg\" alt=\"GettyImages-1149290334-1024x767\" width=\"1024\" height=\"767\" srcset=\"https:\/\/welt-auto.ro\/file\/2023\/02\/GettyImages-1149290334-1024x767-1.jpg 1024w, https:\/\/welt-auto.ro\/file\/2023\/02\/GettyImages-1149290334-1024x767-1-300x225.jpg 300w, https:\/\/welt-auto.ro\/file\/2023\/02\/GettyImages-1149290334-1024x767-1-768x575.jpg 768w, https:\/\/welt-auto.ro\/file\/2023\/02\/GettyImages-1149290334-1024x767-1-561x420.jpg 561w, https:\/\/welt-auto.ro\/file\/2023\/02\/GettyImages-1149290334-1024x767-1-80x60.jpg 80w, https:\/\/welt-auto.ro\/file\/2023\/02\/GettyImages-1149290334-1024x767-1-100x75.jpg 100w, https:\/\/welt-auto.ro\/file\/2023\/02\/GettyImages-1149290334-1024x767-1-180x135.jpg 180w, https:\/\/welt-auto.ro\/file\/2023\/02\/GettyImages-1149290334-1024x767-1-238x178.jpg 238w, https:\/\/welt-auto.ro\/file\/2023\/02\/GettyImages-1149290334-1024x767-1-640x479.jpg 640w, https:\/\/welt-auto.ro\/file\/2023\/02\/GettyImages-1149290334-1024x767-1-681x510.jpg 681w\" sizes=\"auto, (max-width: 1024px) 100vw, 1024px\" \/><\/p>\n<p><em>Hans-Peter Annen, \u0219ef al departamentului de evalu\u0103ri \u0219i informa\u021bii la Eurotax Elve\u021bia (parte a grupului Autovista), analizeaz\u0103 performan\u021ba pie\u021bei auto elve\u021biene.<\/em><\/p>\n<p>Tendin\u021ba pozitiv\u0103 a \u00eenmatricul\u0103rilor de ma\u0219ini noi, care a \u00eenceput \u00een toamna anului 2022, a continuat \u0219i \u00een ianuarie 2023. Cifrele de luna trecut\u0103 sunt mai mari dec\u00e2t valorile corespunz\u0103toare pentru 2021 \u0219i 2022. \u00cen ciuda r\u0103zboiului din Ucraina, a infla\u021biei \u0219i a temerilor legate de energie, \u00eembun\u0103t\u0103\u021birea situa\u021biei ofertei a contribuit probabil la aceast\u0103 cre\u0219tere.<\/p>\n<p>Luna trecut\u0103 au fost \u00eenmatriculate \u00een total 16.437 de autoturisme noi, o cre\u0219tere de 3,4% fa\u021b\u0103 de ianuarie 2022, dar \u00een continuare cu 21,5% mai pu\u021bin fa\u021b\u0103 de perioada anterioar\u0103 anului 2019. Cota de pia\u021b\u0103 a sistemelor de propulsie electrificate sau complet electrice este acum de 54,2%. \u00cen ciuda diverselor incertitudini, se poate a\u0219tepta o nou\u0103 u\u0219oar\u0103 redresare a \u00eenmatricul\u0103rilor noi \u00een lunile urm\u0103toare.<\/p>\n<h3>\u00cenmatricul\u0103ri de autoturisme noi \u00een func\u021bie de lun\u0103, 2019-2023<\/h3>\n<figure id=\"attachment_1063\" aria-describedby=\"caption-attachment-1063\" style=\"width: 694px\" class=\"wp-caption aligncenter\"><img loading=\"lazy\" decoding=\"async\" class=\"size-full wp-image-1063\" src=\"https:\/\/welt-auto.ro\/file\/2023\/02\/new-car-reg.png\" alt=\"Inmatriculari auto noi\" width=\"694\" height=\"351\" srcset=\"https:\/\/welt-auto.ro\/file\/2023\/02\/new-car-reg.png 694w, https:\/\/welt-auto.ro\/file\/2023\/02\/new-car-reg-300x152.png 300w, https:\/\/welt-auto.ro\/file\/2023\/02\/new-car-reg-640x324.png 640w, https:\/\/welt-auto.ro\/file\/2023\/02\/new-car-reg-681x344.png 681w\" sizes=\"auto, (max-width: 694px) 100vw, 694px\" \/><figcaption id=\"caption-attachment-1063\" class=\"wp-caption-text\">Sursa: Eurotax\/ASTRA-IVZ<\/figcaption><\/figure>\n<h3>Tendin\u021b\u0103 ascendent\u0103 rupt\u0103<\/h3>\n<p>Din vara anului 2020, pia\u021ba ma\u0219inilor de ocazie a fost caracterizat\u0103 de o cerere ridicat\u0103. Pentru o lung\u0103 perioad\u0103 de timp, aceasta a fost contrastat\u0103 de o ofert\u0103 foarte sc\u0103zut\u0103, care a crescut considerabil de atunci. Schimb\u0103rile de proprietate \u00een 2021 aproape c\u0103 au revenit la nivelurile de dinainte de COVID-19, apoi au sc\u0103zut din nou \u00een prima jum\u0103tate a anului 2022 (conform vechii metode de num\u0103rare*).<\/p>\n<p>Valorile din a doua jum\u0103tate a anului 2022 au fost net inferioare celor din anul precedent. De asemenea, cifrele privind schimb\u0103rile de proprietate pentru ianuarie 2023 au fost cu aproximativ 2% sub nivelul anului precedent. A\u0219adar, tendin\u021ba de cre\u0219tere a fost \u00eentrerupt\u0103 \u00een 2022, iar de atunci cifrele au r\u0103mas sub valorile de dinainte de COVID.<\/p>\n<p>Este probabil ca aceast\u0103 tendin\u021b\u0103 de sc\u0103dere a schimb\u0103rilor de proprietate s\u0103 continue \u0219i \u00een 2023, at\u00e2ta timp c\u00e2t \u00eenmatricul\u0103rile noi r\u0103m\u00e2n sc\u0103zute. \u00cen plus, autoturismele noi nev\u00e2ndute \u00eentre 2020 \u0219i 2022 vor lipsi definitiv de pe pia\u021ba autoturismelor de ocazie.<\/p>\n<h3>Tranzac\u021biile cu autovehicule second-hand \u00een func\u021bie de lun\u0103, 2019-2023<\/h3>\n<figure id=\"attachment_1064\" aria-describedby=\"caption-attachment-1064\" style=\"width: 708px\" class=\"wp-caption aligncenter\"><img loading=\"lazy\" decoding=\"async\" class=\"size-full wp-image-1064\" src=\"https:\/\/welt-auto.ro\/file\/2023\/02\/new-cars-2-1.png\" alt=\"Autovehicule second hand\" width=\"708\" height=\"347\" srcset=\"https:\/\/welt-auto.ro\/file\/2023\/02\/new-cars-2-1.png 708w, https:\/\/welt-auto.ro\/file\/2023\/02\/new-cars-2-1-300x147.png 300w, https:\/\/welt-auto.ro\/file\/2023\/02\/new-cars-2-1-640x314.png 640w, https:\/\/welt-auto.ro\/file\/2023\/02\/new-cars-2-1-681x334.png 681w\" sizes=\"auto, (max-width: 708px) 100vw, 708px\" \/><figcaption id=\"caption-attachment-1064\" class=\"wp-caption-text\">Sursa:Eurotax\/ASTRA-IVZ<\/figcaption><\/figure>\n<h3>Rata de recuperare variat\u0103<\/h3>\n<p>Num\u0103rul de autoturisme second-hand oferite \u0219i-a revenit \u00een mod constant \u00een ultimele luni \u0219i a ajuns aproape la volumul de ofert\u0103 \u00eenregistrat \u00een februarie 2020. Cu toate acestea, aceast\u0103 redresare a variat foarte mult \u00een func\u021bie de grupa de v\u00e2rst\u0103. De exemplu, oferta de autoturisme uzate cu o vechime de p\u00e2n\u0103 la doi ani a fost cu 17% mai mic\u0103 dec\u00e2t \u00een februarie 2020, dar a fost u\u0219or mai mare \u00een cazul celorlalte grupe de v\u00e2rst\u0103.<\/p>\n<p>Din cauza cererii stabile \u0219i a ofertei par\u021bial limitate, pre\u021burile de ofert\u0103 pe pia\u021ba ma\u0219inilor de ocazie au continuat s\u0103 creasc\u0103 \u00een prima jum\u0103tate a anului 2022 \u0219i au sl\u0103bit u\u0219or doar \u00een a doua jum\u0103tate. Cererea continu\u0103 \u0219i bun\u0103 este satisf\u0103cut\u0103 de o ofert\u0103 insuficient\u0103, \u00een special \u00een ceea ce prive\u0219te autoturismele de ocazie tinere. At\u00e2ta timp c\u00e2t \u00eenmatricul\u0103rile r\u0103m\u00e2n mai mici dec\u00e2t \u00eenainte de anii de criz\u0103, nivelul pre\u021burilor va evolua \u0219i el \u00een jos, doar c\u0103 \u00eencet.<\/p>\n<p>Pre\u021burile de ofert\u0103 pentru toate vehiculele au beneficiat de deficitul de ofert\u0103 \u00eencep\u00e2nd cu 2020, \u00een special vehiculele diesel \u0219i pe benzin\u0103 pentru \u00eenceput. Cu toate acestea, dieselul a pierdut teren din toamna anului 2022. Vehiculele electrice cu baterii (BEV) au reu\u0219it s\u0103 \u00eenregistreze cre\u0219teri deosebit de semnificative \u00een prima jum\u0103tate a anului 2022, de\u0219i aceast\u0103 tendin\u021b\u0103 a fost \u00eentrerupt\u0103. Modelele electrice mai tinere au beneficiat \u00een special. \u00cen r\u00e2ndul ma\u0219inilor cu o vechime de 12 luni, BEV-urile ocup\u0103 primul loc \u00een ceea ce prive\u0219te valoarea rezidual\u0103 (RV), cu o valoare medie de v\u00e2nzare de 83,3%, cu pu\u021bin \u00eenaintea vehiculelor hibride.<\/p>\n<p>Sursa: <a href=\"https:\/\/autovista24.autovistagroup.com\/news\/january-continues-positive-swiss-new-car-registration-trend\/\">Autovista<\/a><\/p>\n","protected":false},"excerpt":{"rendered":"<p>Hans-Peter Annen, \u0219ef al departamentului de evalu\u0103ri \u0219i informa\u021bii la Eurotax Elve\u021bia (parte a grupului Autovista), analizeaz\u0103 performan\u021ba pie\u021bei auto elve\u021biene. Tendin\u021ba pozitiv\u0103 a \u00eenmatricul\u0103rilor de ma\u0219ini noi, care a \u00eenceput \u00een toamna anului 2022, a continuat \u0219i \u00een ianuarie 2023. Cifrele de luna trecut\u0103 sunt mai mari dec\u00e2t valorile corespunz\u0103toare pentru 2021 \u0219i 2022. [&hellip;]<\/p>\n","protected":false},"author":2,"featured_media":1062,"comment_status":"open","ping_status":"open","sticky":false,"template":"","format":"standard","meta":{"footnotes":""},"categories":[17],"tags":[297,295,296],"class_list":["post-1061","post","type-post","status-publish","format-standard","has-post-thumbnail","hentry","category-modele-noi-auto","tag-elvetia","tag-inmatriculari","tag-trendyri"],"yoast_head":"<!-- This site is optimized with the Yoast SEO plugin v23.1 - https:\/\/yoast.com\/wordpress\/plugins\/seo\/ -->\n<title>Luna ianuarie continu\u0103 tendin\u021ba pozitiv\u0103 a \u00eenmatricul\u0103rilor de autoturisme noi din Elve\u021bia, \u00een timp ce schimb\u0103rile de proprietate scad - Un altfel de Blog Auto - Welt-auto.ro<\/title>\n<meta name=\"robots\" content=\"index, follow, max-snippet:-1, max-image-preview:large, max-video-preview:-1\" \/>\n<link rel=\"canonical\" href=\"https:\/\/welt-auto.ro\/luna-ianuarie-continua-tendinta-pozitiva-inmatricularilor-de-autoturisme-noi-din-elvetia-timp-ce-schimbarile-de-proprietate-scad\/\" \/>\n<meta property=\"og:locale\" content=\"ro_RO\" \/>\n<meta property=\"og:type\" content=\"article\" \/>\n<meta property=\"og:title\" content=\"Luna ianuarie continu\u0103 tendin\u021ba pozitiv\u0103 a \u00eenmatricul\u0103rilor de autoturisme noi din Elve\u021bia, \u00een timp ce schimb\u0103rile de proprietate scad - Un altfel de Blog Auto - Welt-auto.ro\" \/>\n<meta property=\"og:description\" content=\"Hans-Peter Annen, \u0219ef al departamentului de evalu\u0103ri \u0219i informa\u021bii la Eurotax Elve\u021bia (parte a grupului Autovista), analizeaz\u0103 performan\u021ba pie\u021bei auto elve\u021biene. Tendin\u021ba pozitiv\u0103 a \u00eenmatricul\u0103rilor de ma\u0219ini noi, care a \u00eenceput \u00een toamna anului 2022, a continuat \u0219i \u00een ianuarie 2023. Cifrele de luna trecut\u0103 sunt mai mari dec\u00e2t valorile corespunz\u0103toare pentru 2021 \u0219i 2022. [&hellip;]\" \/>\n<meta property=\"og:url\" content=\"https:\/\/welt-auto.ro\/luna-ianuarie-continua-tendinta-pozitiva-inmatricularilor-de-autoturisme-noi-din-elvetia-timp-ce-schimbarile-de-proprietate-scad\/\" \/>\n<meta property=\"og:site_name\" content=\"Un altfel de Blog Auto - Welt-auto.ro\" \/>\n<meta property=\"article:publisher\" content=\"https:\/\/www.facebook.com\/weltautor\" \/>\n<meta property=\"article:published_time\" content=\"2023-02-18T18:57:08+00:00\" \/>\n<meta property=\"article:modified_time\" content=\"2023-02-18T18:57:17+00:00\" \/>\n<meta property=\"og:image\" content=\"https:\/\/welt-auto.ro\/file\/2023\/02\/GettyImages-1149290334-1024x767-1.jpg\" \/>\n\t<meta property=\"og:image:width\" content=\"1024\" \/>\n\t<meta property=\"og:image:height\" content=\"767\" \/>\n\t<meta property=\"og:image:type\" content=\"image\/jpeg\" \/>\n<meta name=\"author\" content=\"Andrei Welther\" \/>\n<meta name=\"twitter:card\" content=\"summary_large_image\" \/>\n<meta name=\"twitter:label1\" content=\"Scris de\" \/>\n\t<meta name=\"twitter:data1\" content=\"Andrei Welther\" \/>\n\t<meta name=\"twitter:label2\" content=\"Timp estimat pentru citire\" \/>\n\t<meta name=\"twitter:data2\" content=\"3 minute\" \/>\n<script type=\"application\/ld+json\" class=\"yoast-schema-graph\">{\"@context\":\"https:\/\/schema.org\",\"@graph\":[{\"@type\":\"WebPage\",\"@id\":\"https:\/\/welt-auto.ro\/luna-ianuarie-continua-tendinta-pozitiva-inmatricularilor-de-autoturisme-noi-din-elvetia-timp-ce-schimbarile-de-proprietate-scad\/\",\"url\":\"https:\/\/welt-auto.ro\/luna-ianuarie-continua-tendinta-pozitiva-inmatricularilor-de-autoturisme-noi-din-elvetia-timp-ce-schimbarile-de-proprietate-scad\/\",\"name\":\"Luna ianuarie continu\u0103 tendin\u021ba pozitiv\u0103 a \u00eenmatricul\u0103rilor de autoturisme noi din Elve\u021bia, \u00een timp ce schimb\u0103rile de proprietate scad - Un altfel de Blog Auto - Welt-auto.ro\",\"isPartOf\":{\"@id\":\"https:\/\/welt-auto.ro\/#website\"},\"primaryImageOfPage\":{\"@id\":\"https:\/\/welt-auto.ro\/luna-ianuarie-continua-tendinta-pozitiva-inmatricularilor-de-autoturisme-noi-din-elvetia-timp-ce-schimbarile-de-proprietate-scad\/#primaryimage\"},\"image\":{\"@id\":\"https:\/\/welt-auto.ro\/luna-ianuarie-continua-tendinta-pozitiva-inmatricularilor-de-autoturisme-noi-din-elvetia-timp-ce-schimbarile-de-proprietate-scad\/#primaryimage\"},\"thumbnailUrl\":\"https:\/\/welt-auto.ro\/file\/2023\/02\/GettyImages-1149290334-1024x767-1.jpg\",\"datePublished\":\"2023-02-18T18:57:08+00:00\",\"dateModified\":\"2023-02-18T18:57:17+00:00\",\"author\":{\"@id\":\"https:\/\/welt-auto.ro\/#\/schema\/person\/69a640369c1548e5b5e04f610d3be559\"},\"breadcrumb\":{\"@id\":\"https:\/\/welt-auto.ro\/luna-ianuarie-continua-tendinta-pozitiva-inmatricularilor-de-autoturisme-noi-din-elvetia-timp-ce-schimbarile-de-proprietate-scad\/#breadcrumb\"},\"inLanguage\":\"ro-RO\",\"potentialAction\":[{\"@type\":\"ReadAction\",\"target\":[\"https:\/\/welt-auto.ro\/luna-ianuarie-continua-tendinta-pozitiva-inmatricularilor-de-autoturisme-noi-din-elvetia-timp-ce-schimbarile-de-proprietate-scad\/\"]}]},{\"@type\":\"ImageObject\",\"inLanguage\":\"ro-RO\",\"@id\":\"https:\/\/welt-auto.ro\/luna-ianuarie-continua-tendinta-pozitiva-inmatricularilor-de-autoturisme-noi-din-elvetia-timp-ce-schimbarile-de-proprietate-scad\/#primaryimage\",\"url\":\"https:\/\/welt-auto.ro\/file\/2023\/02\/GettyImages-1149290334-1024x767-1.jpg\",\"contentUrl\":\"https:\/\/welt-auto.ro\/file\/2023\/02\/GettyImages-1149290334-1024x767-1.jpg\",\"width\":1024,\"height\":767,\"caption\":\"GettyImages-1149290334-1024x767\"},{\"@type\":\"BreadcrumbList\",\"@id\":\"https:\/\/welt-auto.ro\/luna-ianuarie-continua-tendinta-pozitiva-inmatricularilor-de-autoturisme-noi-din-elvetia-timp-ce-schimbarile-de-proprietate-scad\/#breadcrumb\",\"itemListElement\":[{\"@type\":\"ListItem\",\"position\":1,\"name\":\"Prima pagin\u0103\",\"item\":\"https:\/\/welt-auto.ro\/\"},{\"@type\":\"ListItem\",\"position\":2,\"name\":\"Luna ianuarie continu\u0103 tendin\u021ba pozitiv\u0103 a \u00eenmatricul\u0103rilor de autoturisme noi din Elve\u021bia, \u00een timp ce schimb\u0103rile de proprietate scad\"}]},{\"@type\":\"WebSite\",\"@id\":\"https:\/\/welt-auto.ro\/#website\",\"url\":\"https:\/\/welt-auto.ro\/\",\"name\":\"Un altfel de Blog Auto - Welt-auto.ro\",\"description\":\"Un altfel de blog auto -afla acum detalii din lumea auto\",\"potentialAction\":[{\"@type\":\"SearchAction\",\"target\":{\"@type\":\"EntryPoint\",\"urlTemplate\":\"https:\/\/welt-auto.ro\/?s={search_term_string}\"},\"query-input\":\"required name=search_term_string\"}],\"inLanguage\":\"ro-RO\"},{\"@type\":\"Person\",\"@id\":\"https:\/\/welt-auto.ro\/#\/schema\/person\/69a640369c1548e5b5e04f610d3be559\",\"name\":\"Andrei Welther\",\"image\":{\"@type\":\"ImageObject\",\"inLanguage\":\"ro-RO\",\"@id\":\"https:\/\/welt-auto.ro\/#\/schema\/person\/image\/\",\"url\":\"https:\/\/secure.gravatar.com\/avatar\/bd4a792415fb39fa51798d58ac2f37a43840d82d0caaa90a29f315aec4e6d416?s=96&d=mm&r=g\",\"contentUrl\":\"https:\/\/secure.gravatar.com\/avatar\/bd4a792415fb39fa51798d58ac2f37a43840d82d0caaa90a29f315aec4e6d416?s=96&d=mm&r=g\",\"caption\":\"Andrei Welther\"},\"sameAs\":[\"https:\/\/weltcars.com\"],\"url\":\"https:\/\/welt-auto.ro\/profile\/weltandrei\/\"}]}<\/script>\n<!-- \/ Yoast SEO plugin. -->","yoast_head_json":{"title":"Luna ianuarie continu\u0103 tendin\u021ba pozitiv\u0103 a \u00eenmatricul\u0103rilor de autoturisme noi din Elve\u021bia, \u00een timp ce schimb\u0103rile de proprietate scad - Un altfel de Blog Auto - Welt-auto.ro","robots":{"index":"index","follow":"follow","max-snippet":"max-snippet:-1","max-image-preview":"max-image-preview:large","max-video-preview":"max-video-preview:-1"},"canonical":"https:\/\/welt-auto.ro\/luna-ianuarie-continua-tendinta-pozitiva-inmatricularilor-de-autoturisme-noi-din-elvetia-timp-ce-schimbarile-de-proprietate-scad\/","og_locale":"ro_RO","og_type":"article","og_title":"Luna ianuarie continu\u0103 tendin\u021ba pozitiv\u0103 a \u00eenmatricul\u0103rilor de autoturisme noi din Elve\u021bia, \u00een timp ce schimb\u0103rile de proprietate scad - Un altfel de Blog Auto - Welt-auto.ro","og_description":"Hans-Peter Annen, \u0219ef al departamentului de evalu\u0103ri \u0219i informa\u021bii la Eurotax Elve\u021bia (parte a grupului Autovista), analizeaz\u0103 performan\u021ba pie\u021bei auto elve\u021biene. Tendin\u021ba pozitiv\u0103 a \u00eenmatricul\u0103rilor de ma\u0219ini noi, care a \u00eenceput \u00een toamna anului 2022, a continuat \u0219i \u00een ianuarie 2023. Cifrele de luna trecut\u0103 sunt mai mari dec\u00e2t valorile corespunz\u0103toare pentru 2021 \u0219i 2022. [&hellip;]","og_url":"https:\/\/welt-auto.ro\/luna-ianuarie-continua-tendinta-pozitiva-inmatricularilor-de-autoturisme-noi-din-elvetia-timp-ce-schimbarile-de-proprietate-scad\/","og_site_name":"Un altfel de Blog Auto - Welt-auto.ro","article_publisher":"https:\/\/www.facebook.com\/weltautor","article_published_time":"2023-02-18T18:57:08+00:00","article_modified_time":"2023-02-18T18:57:17+00:00","og_image":[{"width":1024,"height":767,"url":"https:\/\/welt-auto.ro\/file\/2023\/02\/GettyImages-1149290334-1024x767-1.jpg","type":"image\/jpeg"}],"author":"Andrei Welther","twitter_card":"summary_large_image","twitter_misc":{"Scris de":"Andrei Welther","Timp estimat pentru citire":"3 minute"},"schema":{"@context":"https:\/\/schema.org","@graph":[{"@type":"WebPage","@id":"https:\/\/welt-auto.ro\/luna-ianuarie-continua-tendinta-pozitiva-inmatricularilor-de-autoturisme-noi-din-elvetia-timp-ce-schimbarile-de-proprietate-scad\/","url":"https:\/\/welt-auto.ro\/luna-ianuarie-continua-tendinta-pozitiva-inmatricularilor-de-autoturisme-noi-din-elvetia-timp-ce-schimbarile-de-proprietate-scad\/","name":"Luna ianuarie continu\u0103 tendin\u021ba pozitiv\u0103 a \u00eenmatricul\u0103rilor de autoturisme noi din Elve\u021bia, \u00een timp ce schimb\u0103rile de proprietate scad - Un altfel de Blog Auto - Welt-auto.ro","isPartOf":{"@id":"https:\/\/welt-auto.ro\/#website"},"primaryImageOfPage":{"@id":"https:\/\/welt-auto.ro\/luna-ianuarie-continua-tendinta-pozitiva-inmatricularilor-de-autoturisme-noi-din-elvetia-timp-ce-schimbarile-de-proprietate-scad\/#primaryimage"},"image":{"@id":"https:\/\/welt-auto.ro\/luna-ianuarie-continua-tendinta-pozitiva-inmatricularilor-de-autoturisme-noi-din-elvetia-timp-ce-schimbarile-de-proprietate-scad\/#primaryimage"},"thumbnailUrl":"https:\/\/welt-auto.ro\/file\/2023\/02\/GettyImages-1149290334-1024x767-1.jpg","datePublished":"2023-02-18T18:57:08+00:00","dateModified":"2023-02-18T18:57:17+00:00","author":{"@id":"https:\/\/welt-auto.ro\/#\/schema\/person\/69a640369c1548e5b5e04f610d3be559"},"breadcrumb":{"@id":"https:\/\/welt-auto.ro\/luna-ianuarie-continua-tendinta-pozitiva-inmatricularilor-de-autoturisme-noi-din-elvetia-timp-ce-schimbarile-de-proprietate-scad\/#breadcrumb"},"inLanguage":"ro-RO","potentialAction":[{"@type":"ReadAction","target":["https:\/\/welt-auto.ro\/luna-ianuarie-continua-tendinta-pozitiva-inmatricularilor-de-autoturisme-noi-din-elvetia-timp-ce-schimbarile-de-proprietate-scad\/"]}]},{"@type":"ImageObject","inLanguage":"ro-RO","@id":"https:\/\/welt-auto.ro\/luna-ianuarie-continua-tendinta-pozitiva-inmatricularilor-de-autoturisme-noi-din-elvetia-timp-ce-schimbarile-de-proprietate-scad\/#primaryimage","url":"https:\/\/welt-auto.ro\/file\/2023\/02\/GettyImages-1149290334-1024x767-1.jpg","contentUrl":"https:\/\/welt-auto.ro\/file\/2023\/02\/GettyImages-1149290334-1024x767-1.jpg","width":1024,"height":767,"caption":"GettyImages-1149290334-1024x767"},{"@type":"BreadcrumbList","@id":"https:\/\/welt-auto.ro\/luna-ianuarie-continua-tendinta-pozitiva-inmatricularilor-de-autoturisme-noi-din-elvetia-timp-ce-schimbarile-de-proprietate-scad\/#breadcrumb","itemListElement":[{"@type":"ListItem","position":1,"name":"Prima pagin\u0103","item":"https:\/\/welt-auto.ro\/"},{"@type":"ListItem","position":2,"name":"Luna ianuarie continu\u0103 tendin\u021ba pozitiv\u0103 a \u00eenmatricul\u0103rilor de autoturisme noi din Elve\u021bia, \u00een timp ce schimb\u0103rile de proprietate scad"}]},{"@type":"WebSite","@id":"https:\/\/welt-auto.ro\/#website","url":"https:\/\/welt-auto.ro\/","name":"Un altfel de Blog Auto - Welt-auto.ro","description":"Un altfel de blog auto -afla acum detalii din lumea auto","potentialAction":[{"@type":"SearchAction","target":{"@type":"EntryPoint","urlTemplate":"https:\/\/welt-auto.ro\/?s={search_term_string}"},"query-input":"required name=search_term_string"}],"inLanguage":"ro-RO"},{"@type":"Person","@id":"https:\/\/welt-auto.ro\/#\/schema\/person\/69a640369c1548e5b5e04f610d3be559","name":"Andrei Welther","image":{"@type":"ImageObject","inLanguage":"ro-RO","@id":"https:\/\/welt-auto.ro\/#\/schema\/person\/image\/","url":"https:\/\/secure.gravatar.com\/avatar\/bd4a792415fb39fa51798d58ac2f37a43840d82d0caaa90a29f315aec4e6d416?s=96&d=mm&r=g","contentUrl":"https:\/\/secure.gravatar.com\/avatar\/bd4a792415fb39fa51798d58ac2f37a43840d82d0caaa90a29f315aec4e6d416?s=96&d=mm&r=g","caption":"Andrei Welther"},"sameAs":["https:\/\/weltcars.com"],"url":"https:\/\/welt-auto.ro\/profile\/weltandrei\/"}]}},"_links":{"self":[{"href":"https:\/\/welt-auto.ro\/rest\/wp\/v2\/posts\/1061","targetHints":{"allow":["GET"]}}],"collection":[{"href":"https:\/\/welt-auto.ro\/rest\/wp\/v2\/posts"}],"about":[{"href":"https:\/\/welt-auto.ro\/rest\/wp\/v2\/types\/post"}],"author":[{"embeddable":true,"href":"https:\/\/welt-auto.ro\/rest\/wp\/v2\/users\/2"}],"replies":[{"embeddable":true,"href":"https:\/\/welt-auto.ro\/rest\/wp\/v2\/comments?post=1061"}],"version-history":[{"count":1,"href":"https:\/\/welt-auto.ro\/rest\/wp\/v2\/posts\/1061\/revisions"}],"predecessor-version":[{"id":1065,"href":"https:\/\/welt-auto.ro\/rest\/wp\/v2\/posts\/1061\/revisions\/1065"}],"wp:featuredmedia":[{"embeddable":true,"href":"https:\/\/welt-auto.ro\/rest\/wp\/v2\/media\/1062"}],"wp:attachment":[{"href":"https:\/\/welt-auto.ro\/rest\/wp\/v2\/media?parent=1061"}],"wp:term":[{"taxonomy":"category","embeddable":true,"href":"https:\/\/welt-auto.ro\/rest\/wp\/v2\/categories?post=1061"},{"taxonomy":"post_tag","embeddable":true,"href":"https:\/\/welt-auto.ro\/rest\/wp\/v2\/tags?post=1061"}],"curies":[{"name":"wp","href":"https:\/\/api.w.org\/{rel}","templated":true}]}}