{"id":1092,"date":"2023-02-27T19:59:29","date_gmt":"2023-02-27T19:59:29","guid":{"rendered":"https:\/\/welt-auto.ro\/?p=1092"},"modified":"2023-02-27T20:10:47","modified_gmt":"2023-02-27T20:10:47","slug":"cele-cinci-mari-piete-europene-de-masini-second-hand-au-scazut-de-doua-ori-mai-mult-decat-inmatricularile-de-masini-noi-2022","status":"publish","type":"post","link":"https:\/\/welt-auto.ro\/cele-cinci-mari-piete-europene-de-masini-second-hand-au-scazut-de-doua-ori-mai-mult-decat-inmatricularile-de-masini-noi-2022\/","title":{"rendered":"Cele cinci mari pie\u021be europene de ma\u0219ini second-hand au sc\u0103zut de dou\u0103 ori mai mult dec\u00e2t \u00eenmatricul\u0103rile de ma\u0219ini noi \u00een 2022"},"content":{"rendered":"<figure id=\"attachment_1093\" aria-describedby=\"caption-attachment-1093\" style=\"width: 1024px\" class=\"wp-caption aligncenter\"><img loading=\"lazy\" decoding=\"async\" class=\"size-full wp-image-1093\" src=\"https:\/\/welt-auto.ro\/file\/2023\/02\/GettyImages-526041385-1024x683-1.jpg\" alt=\"Vanzarile second au scazut\" width=\"1024\" height=\"683\" srcset=\"https:\/\/welt-auto.ro\/file\/2023\/02\/GettyImages-526041385-1024x683-1.jpg 1024w, https:\/\/welt-auto.ro\/file\/2023\/02\/GettyImages-526041385-1024x683-1-300x200.jpg 300w, https:\/\/welt-auto.ro\/file\/2023\/02\/GettyImages-526041385-1024x683-1-768x512.jpg 768w, https:\/\/welt-auto.ro\/file\/2023\/02\/GettyImages-526041385-1024x683-1-630x420.jpg 630w, https:\/\/welt-auto.ro\/file\/2023\/02\/GettyImages-526041385-1024x683-1-640x427.jpg 640w, https:\/\/welt-auto.ro\/file\/2023\/02\/GettyImages-526041385-1024x683-1-681x454.jpg 681w\" sizes=\"auto, (max-width: 1024px) 100vw, 1024px\" \/><figcaption id=\"caption-attachment-1093\" class=\"wp-caption-text\">Sursa: GettyImages<\/figcaption><\/figure>\n<p><em>\u00cen 2022, volumul tranzac\u021biilor cu ma\u0219ini de ocazie a sl\u0103bit mai mult dec\u00e2t cel al \u00eenmatricul\u0103rilor de ma\u0219ini noi pe patru dintre cele cinci mari pie\u021be europene, explic\u0103 Neil King, senior data journalist la Autovista24.<\/em><\/p>\n<p>Pie\u021bele de ma\u0219ini de ocazie din Fran\u021ba, Germania, Italia, Spania \u0219i Regatul Unit au \u00eenregistrat toate o contrac\u021bie anual\u0103 \u00een 2022. Fran\u021ba \u0219i Germania au suportat cele mai pronun\u021bate sc\u0103deri \u0219i chiar \u0219i pia\u021ba ma\u0219inilor de ocazie din Regatul Unit a sl\u0103bit mai mult dec\u00e2t pia\u021ba ma\u0219inilor noi &#8211; \u00een ciuda faptului c\u0103 a \u00eenregistrat o cre\u0219tere de 5,1% \u00een primul trimestru.<\/p>\n<p>Excep\u021bie a f\u0103cut Italia, unde \u00eenmatricul\u0103rile de ma\u0219ini noi s-au contractat mai mult dec\u00e2t tranzac\u021biile cu ma\u0219ini de ocazie anul trecut. Cu toate acestea, cele cinci mari pie\u021be europene de ma\u0219ini uzate au \u00eenregistrat o sc\u0103dere medie de 9,9%, ceea ce reprezint\u0103 mai mult dec\u00e2t dublul sc\u0103derii medii de 4,8% a pie\u021belor de ma\u0219ini noi &#8211; exact a\u0219a cum a prezis Autovista Group.<\/p>\n<h3>Reducerea deficitului de ofert\u0103<\/h3>\n<p>Pie\u021bele de ma\u0219ini second-hand continu\u0103 s\u0103 fie afectate de oferta slab\u0103 cauzat\u0103 de \u00eent\u00e2rzierile de livrare a ma\u0219inilor noi, dar dau semne de \u00eembun\u0103t\u0103\u021bire \u00een ciuda crizei costului vie\u021bii. Datele oficiale pentru luna ianuarie arat\u0103 o cre\u0219tere anual\u0103 a volumului tranzac\u021biilor cu ma\u0219ini de ocazie \u00een Germania, Italia \u0219i Spania. Fran\u021ba a contrazis tendin\u021ba de cre\u0219tere luna trecut\u0103, dar sc\u0103derea de 6,9% a fost mult mai pu\u021bin sever\u0103 dec\u00e2t contrac\u021bia de 13,5% \u00eenregistrat\u0103 \u00een \u00eentregul an 2022.<\/p>\n<p>Cu toate acestea, pie\u021bele de ma\u0219ini noi se extind mai rapid, cu excep\u021bia Germaniei, deoarece stimulentele mai mici pentru vehiculele electrice (EV) au tras \u00eenmatricul\u0103rile mai departe din ianuarie p\u00e2n\u0103 la sf\u00e2r\u0219itul anului 2022. Atenuarea ofertei insuficiente \u0219i provoc\u0103rile economice actuale ar avea \u00een mod normal un impact negativ asupra cererii de ma\u0219ini de ocazie \u0219i a valorilor reziduale (VR). Cu toate acestea, cea mai recent\u0103 actualizare lunar\u0103 a pie\u021bei (MMU) realizat\u0103 de Autovista24 confirm\u0103 faptul c\u0103 valorile ma\u0219inilor second-hand de trei ani, reprezentate ca procent re\u021binut din pre\u021bul de list\u0103 ini\u021bial (%RV), se men\u021bin, deoarece oferta insuficient\u0103 r\u0103m\u00e2ne un factor critic.<\/p>\n<p>De\u0219i exist\u0103 motive pentru un optimism economic prudent, cre\u0219terea infla\u021biei \u0219i a ratelor dob\u00e2nzilor va reduce nu numai cererea de baz\u0103 pentru ma\u0219inile noi, ci \u0219i pentru modelele de ocazie, deoarece bugetele gospod\u0103riilor sunt reduse. Cu toate acestea, pe l\u00e2ng\u0103 provoc\u0103rile actuale legate de oferta de automobile noi, pandemia COVID-19 a deraiat semnificativ pia\u021ba european\u0103 de automobile noi \u00eencep\u00e2nd cu martie 2020. Acest lucru va reduce volumul de ma\u0219ini scoase din uz dup\u0103 trei ani.<\/p>\n<p>Astfel, se a\u0219teapt\u0103 ca oferta insuficient\u0103 pe pia\u021ba ma\u0219inilor de ocazie s\u0103 persiste, ceea ce va compensa sc\u0103derea cererii. \u00cen consecin\u021b\u0103, Autovista Group preconizeaz\u0103 c\u0103 %RV nu va sc\u0103dea semnificativ pe pie\u021bele europene \u00een 2023 \u0219i 2024.<\/p>\n<h3>Sc\u0103deri cu dou\u0103 cifre<\/h3>\n<p>Pia\u021ba francez\u0103 a ma\u0219inilor de ocazie s-a contractat cu 13,5% de la an la an \u00een 2022, cu pu\u021bin peste 5,2 milioane de tranzac\u021bii, potrivit AAA Data. Acest lucru marcheaz\u0103 o u\u0219oar\u0103 \u00eembun\u0103t\u0103\u021bire fa\u021b\u0103 de declinul de 13,8% de la an la an din primele trei trimestre, dar mult mai mare dec\u00e2t sc\u0103derea de 7,8% a pie\u021bei de ma\u0219ini noi. Nici \u00een ianuarie nu s-a \u00eenregistrat o \u00eembun\u0103t\u0103\u021bire, AAA Data raport\u00e2nd un declin de 6,9% \u00een aceast\u0103 lun\u0103.<\/p>\n<p>&#8216;Pentru vehiculele second-hand cu o vechime mai mic\u0103 de cinci ani (30% din pia\u021ba ma\u0219inilor de ocazie), criza devine acut\u0103, segmentul sc\u0103z\u00e2nd cu \u00eenc\u0103 11%. Situa\u021bia este structural\u0103 \u00een m\u0103sura \u00een care lipsa de disponibilitate a vehiculelor second-hand recente este clar corelat\u0103 cu lipsa de disponibilitate pe pia\u021ba vehiculelor noi. \u00cen plus, pre\u021burile \u00een cre\u0219tere \u00eei \u021bin departe pe unii cump\u0103r\u0103tori, fapt accentuat \u0219i de infla\u021bia de c\u00e2teva luni&#8217;, a comentat furnizorul de date.<\/p>\n<p>Comparativ cu anul 2021, pia\u021ba de ma\u0219ini second-hand din Germania s-a contractat cu 15,8% anul trecut, cu 5,64 milioane de tranzac\u021bii. Pia\u021ba autoturismelor noi din aceast\u0103 \u021bar\u0103 s-a descurcat mult mai bine, \u00eenregistr\u00e2nd o cre\u0219tere de 1,1%, arat\u0103 cifrele KBA. Dar lucrurile s-au schimbat \u00een ianuarie, cu tranzac\u021bii de ma\u0219ini uzate \u00een cre\u0219tere cu 4% \u0219i \u00eenmatricul\u0103ri de ma\u0219ini noi \u00een sc\u0103dere cu 2,6%.<\/p>\n<p>\u00centre timp, Societatea Produc\u0103torilor \u0219i Comercian\u021bilor de Automobile din Marea Britanie (SMMT) raporteaz\u0103 c\u0103 aproape 6,9 milioane de ma\u0219ini uzate au schimbat m\u00e2inile \u00een cursul anului 2022, \u00een sc\u0103dere cu 8,5% fa\u021b\u0103 de anul precedent. Acest lucru marcheaz\u0103 o redresare \u00een curs de desf\u0103\u0219urare, \u00een condi\u021biile \u00een care volumul tranzac\u021biilor a sc\u0103zut cu 9,7% \u00een primele trei trimestre, dup\u0103 ce a sc\u0103zut cu 18,8% \u00een trimestru.<\/p>\n<figure id=\"attachment_1094\" aria-describedby=\"caption-attachment-1094\" style=\"width: 1200px\" class=\"wp-caption aligncenter\"><img loading=\"lazy\" decoding=\"async\" class=\"size-full wp-image-1094\" src=\"https:\/\/welt-auto.ro\/file\/2023\/02\/smmt.png\" alt=\"Vanzari masini second\" width=\"1200\" height=\"600\" srcset=\"https:\/\/welt-auto.ro\/file\/2023\/02\/smmt.png 1200w, https:\/\/welt-auto.ro\/file\/2023\/02\/smmt-300x150.png 300w, https:\/\/welt-auto.ro\/file\/2023\/02\/smmt-1024x512.png 1024w, https:\/\/welt-auto.ro\/file\/2023\/02\/smmt-768x384.png 768w, https:\/\/welt-auto.ro\/file\/2023\/02\/smmt-840x420.png 840w, https:\/\/welt-auto.ro\/file\/2023\/02\/smmt-640x320.png 640w, https:\/\/welt-auto.ro\/file\/2023\/02\/smmt-681x341.png 681w\" sizes=\"auto, (max-width: 1200px) 100vw, 1200px\" \/><figcaption id=\"caption-attachment-1094\" class=\"wp-caption-text\">Sursa: SMMT<\/figcaption><\/figure>\n<p>&#8216;Sc\u0103derea din T4 se tempereaz\u0103 la 4,3%, cu o cre\u0219tere de 0,8% \u00een decembrie, indic\u00e2nd o revenire \u00een 2023, pe m\u0103sur\u0103 ce \u00eembun\u0103t\u0103\u021birea pie\u021bei de ma\u0219ini noi adaug\u0103 stocuri&#8217;, a precizat asocia\u021bia. Pia\u021ba autoturismelor noi din Marea Britanie a avut \u0219i mai multe dificult\u0103\u021bi \u00een 2022. Cu toate acestea, cre\u0219terea de la an la an \u00eencep\u00e2nd cu luna august \u00eenseamn\u0103 c\u0103 au existat cu doar 2% mai pu\u021bine \u00eenmatricul\u0103ri dec\u00e2t \u00een 2021.<\/p>\n<h3>Rezilien\u021ba comparativ\u0103<\/h3>\n<p>\u00cen Italia, asocia\u021bia de profil ANFIA a raportat c\u0103 3,74 milioane de ma\u0219ini second-hand \u0219i-au schimbat proprietarul \u00een 2022, ceea ce echivaleaz\u0103 cu o sc\u0103dere de 6,3% de la un an la altul. Acest lucru s-a \u00eembun\u0103t\u0103\u021bit fa\u021b\u0103 de contrac\u021bia de 8,3% din primele trei trimestre ale anului trecut, iar tranzac\u021biile cu ma\u0219ini de ocazie au c\u00e2\u0219tigat 13,1% luna trecut\u0103.<\/p>\n<p>\u00centre timp, \u00eenmatricul\u0103rile de ma\u0219ini noi din Italia au suportat anul trecut cel mai mare declin dintre cele cinci mari pie\u021be europene. Volumele s-au pr\u0103bu\u0219it cu 9,7%, de\u0219i acest lucru a fost semnificativ mai bun dec\u00e2t declinul cumulat de 16,3% din primele trei trimestre ale anului 2022.<\/p>\n<p>Num\u0103rul tranzac\u021biilor cu ma\u0219ini de ocazie din Spania a sc\u0103zut anul trecut cu 5,6%, o sc\u0103dere relativ rezistent\u0103, p\u00e2n\u0103 la mai pu\u021bin de 1,9 milioane de unit\u0103\u021bi, potrivit asocia\u021biei de dealeri GANVAM. Cu toate acestea, pia\u021ba a sl\u0103bit \u00een compara\u021bie cu sc\u0103derile respective de 5% \u00een primele trei trimestre \u0219i de 4,5% \u00een primul semestru. \u00centre timp, pia\u021ba autoturismelor noi din \u021bar\u0103 s-a \u00eembun\u0103t\u0103\u021bit lent \u0219i a suferit ceva mai pu\u021bin, contract\u00e2ndu-se cu 5,4%.<\/p>\n<figure id=\"attachment_1095\" aria-describedby=\"caption-attachment-1095\" style=\"width: 1324px\" class=\"wp-caption aligncenter\"><img loading=\"lazy\" decoding=\"async\" class=\"size-full wp-image-1095\" src=\"https:\/\/welt-auto.ro\/file\/2023\/02\/ganvam.png\" alt=\"Vanzari masini secon Italia\" width=\"1324\" height=\"745\" srcset=\"https:\/\/welt-auto.ro\/file\/2023\/02\/ganvam.png 1324w, https:\/\/welt-auto.ro\/file\/2023\/02\/ganvam-300x169.png 300w, https:\/\/welt-auto.ro\/file\/2023\/02\/ganvam-1024x576.png 1024w, https:\/\/welt-auto.ro\/file\/2023\/02\/ganvam-768x432.png 768w, https:\/\/welt-auto.ro\/file\/2023\/02\/ganvam-746x420.png 746w, https:\/\/welt-auto.ro\/file\/2023\/02\/ganvam-640x360.png 640w, https:\/\/welt-auto.ro\/file\/2023\/02\/ganvam-681x383.png 681w\" sizes=\"auto, (max-width: 1324px) 100vw, 1324px\" \/><figcaption id=\"caption-attachment-1095\" class=\"wp-caption-text\">Sursa: GANVAM<\/figcaption><\/figure>\n<p>Pia\u021ba spaniol\u0103 a ma\u0219inilor de ocazie a \u00eenceput anul 2023 \u00een mod pozitiv, \u00eenregistr\u00e2nd o cre\u0219tere de 1,8% de la an la an \u00een ianuarie. Cu toate acestea, acest lucru p\u0103le\u0219te \u00een compara\u021bie cu cre\u0219terea de 51,4% a pie\u021bei de ma\u0219ini noi \u0219i este &#8222;\u00eenc\u0103 cu 17,1% sub nivelul de dinaintea pandemiei&#8221;, potrivit GANVAM.<\/p>\n<p>Sursa: <a href=\"https:\/\/autovista24.autovistagroup.com\/news\/big-five-european-used-new-car-markets-registrations-2022\/\">Autovista<\/a><\/p>\n","protected":false},"excerpt":{"rendered":"<p>\u00cen 2022, volumul tranzac\u021biilor cu ma\u0219ini de ocazie a sl\u0103bit mai mult dec\u00e2t cel al \u00eenmatricul\u0103rilor de ma\u0219ini noi pe patru dintre cele cinci mari pie\u021be europene, explic\u0103 Neil King, senior data journalist la Autovista24. Pie\u021bele de ma\u0219ini de ocazie din Fran\u021ba, Germania, Italia, Spania \u0219i Regatul Unit au \u00eenregistrat toate o contrac\u021bie anual\u0103 \u00een [&hellip;]<\/p>\n","protected":false},"author":2,"featured_media":1093,"comment_status":"open","ping_status":"open","sticky":false,"template":"","format":"standard","meta":{"footnotes":""},"categories":[17],"tags":[312,310,54,311],"class_list":["post-1092","post","type-post","status-publish","format-standard","has-post-thumbnail","hentry","category-modele-noi-auto","tag-masini-noi","tag-masini-se-ond","tag-piata-auto","tag-vanzari-masini"],"yoast_head":"<!-- This site is optimized with the Yoast SEO plugin v23.1 - https:\/\/yoast.com\/wordpress\/plugins\/seo\/ -->\n<title>Cele cinci mari pie\u021be europene de ma\u0219ini second-hand au sc\u0103zut de dou\u0103 ori mai mult dec\u00e2t \u00eenmatricul\u0103rile de ma\u0219ini noi \u00een 2022 - Un altfel de Blog Auto - Welt-auto.ro<\/title>\n<meta name=\"robots\" content=\"index, follow, max-snippet:-1, max-image-preview:large, max-video-preview:-1\" \/>\n<link rel=\"canonical\" href=\"https:\/\/welt-auto.ro\/cele-cinci-mari-piete-europene-de-masini-second-hand-au-scazut-de-doua-ori-mai-mult-decat-inmatricularile-de-masini-noi-2022\/\" \/>\n<meta property=\"og:locale\" content=\"ro_RO\" \/>\n<meta property=\"og:type\" content=\"article\" \/>\n<meta property=\"og:title\" content=\"Cele cinci mari pie\u021be europene de ma\u0219ini second-hand au sc\u0103zut de dou\u0103 ori mai mult dec\u00e2t \u00eenmatricul\u0103rile de ma\u0219ini noi \u00een 2022 - Un altfel de Blog Auto - Welt-auto.ro\" \/>\n<meta property=\"og:description\" content=\"\u00cen 2022, volumul tranzac\u021biilor cu ma\u0219ini de ocazie a sl\u0103bit mai mult dec\u00e2t cel al \u00eenmatricul\u0103rilor de ma\u0219ini noi pe patru dintre cele cinci mari pie\u021be europene, explic\u0103 Neil King, senior data journalist la Autovista24. Pie\u021bele de ma\u0219ini de ocazie din Fran\u021ba, Germania, Italia, Spania \u0219i Regatul Unit au \u00eenregistrat toate o contrac\u021bie anual\u0103 \u00een [&hellip;]\" \/>\n<meta property=\"og:url\" content=\"https:\/\/welt-auto.ro\/cele-cinci-mari-piete-europene-de-masini-second-hand-au-scazut-de-doua-ori-mai-mult-decat-inmatricularile-de-masini-noi-2022\/\" \/>\n<meta property=\"og:site_name\" content=\"Un altfel de Blog Auto - Welt-auto.ro\" \/>\n<meta property=\"article:publisher\" content=\"https:\/\/www.facebook.com\/weltautor\" \/>\n<meta property=\"article:published_time\" content=\"2023-02-27T19:59:29+00:00\" \/>\n<meta property=\"article:modified_time\" content=\"2023-02-27T20:10:47+00:00\" \/>\n<meta property=\"og:image\" content=\"https:\/\/welt-auto.ro\/file\/2023\/02\/GettyImages-526041385-1024x683-1.jpg\" \/>\n\t<meta property=\"og:image:width\" content=\"1024\" \/>\n\t<meta property=\"og:image:height\" content=\"683\" \/>\n\t<meta property=\"og:image:type\" content=\"image\/jpeg\" \/>\n<meta name=\"author\" content=\"Andrei Welther\" \/>\n<meta name=\"twitter:card\" content=\"summary_large_image\" \/>\n<meta name=\"twitter:label1\" content=\"Scris de\" \/>\n\t<meta name=\"twitter:data1\" content=\"Andrei Welther\" \/>\n\t<meta name=\"twitter:label2\" content=\"Timp estimat pentru citire\" \/>\n\t<meta name=\"twitter:data2\" content=\"6 minute\" \/>\n<script type=\"application\/ld+json\" class=\"yoast-schema-graph\">{\"@context\":\"https:\/\/schema.org\",\"@graph\":[{\"@type\":\"WebPage\",\"@id\":\"https:\/\/welt-auto.ro\/cele-cinci-mari-piete-europene-de-masini-second-hand-au-scazut-de-doua-ori-mai-mult-decat-inmatricularile-de-masini-noi-2022\/\",\"url\":\"https:\/\/welt-auto.ro\/cele-cinci-mari-piete-europene-de-masini-second-hand-au-scazut-de-doua-ori-mai-mult-decat-inmatricularile-de-masini-noi-2022\/\",\"name\":\"Cele cinci mari pie\u021be europene de ma\u0219ini second-hand au sc\u0103zut de dou\u0103 ori mai mult dec\u00e2t \u00eenmatricul\u0103rile de ma\u0219ini noi \u00een 2022 - Un altfel de Blog Auto - Welt-auto.ro\",\"isPartOf\":{\"@id\":\"https:\/\/welt-auto.ro\/#website\"},\"primaryImageOfPage\":{\"@id\":\"https:\/\/welt-auto.ro\/cele-cinci-mari-piete-europene-de-masini-second-hand-au-scazut-de-doua-ori-mai-mult-decat-inmatricularile-de-masini-noi-2022\/#primaryimage\"},\"image\":{\"@id\":\"https:\/\/welt-auto.ro\/cele-cinci-mari-piete-europene-de-masini-second-hand-au-scazut-de-doua-ori-mai-mult-decat-inmatricularile-de-masini-noi-2022\/#primaryimage\"},\"thumbnailUrl\":\"https:\/\/welt-auto.ro\/file\/2023\/02\/GettyImages-526041385-1024x683-1.jpg\",\"datePublished\":\"2023-02-27T19:59:29+00:00\",\"dateModified\":\"2023-02-27T20:10:47+00:00\",\"author\":{\"@id\":\"https:\/\/welt-auto.ro\/#\/schema\/person\/69a640369c1548e5b5e04f610d3be559\"},\"breadcrumb\":{\"@id\":\"https:\/\/welt-auto.ro\/cele-cinci-mari-piete-europene-de-masini-second-hand-au-scazut-de-doua-ori-mai-mult-decat-inmatricularile-de-masini-noi-2022\/#breadcrumb\"},\"inLanguage\":\"ro-RO\",\"potentialAction\":[{\"@type\":\"ReadAction\",\"target\":[\"https:\/\/welt-auto.ro\/cele-cinci-mari-piete-europene-de-masini-second-hand-au-scazut-de-doua-ori-mai-mult-decat-inmatricularile-de-masini-noi-2022\/\"]}]},{\"@type\":\"ImageObject\",\"inLanguage\":\"ro-RO\",\"@id\":\"https:\/\/welt-auto.ro\/cele-cinci-mari-piete-europene-de-masini-second-hand-au-scazut-de-doua-ori-mai-mult-decat-inmatricularile-de-masini-noi-2022\/#primaryimage\",\"url\":\"https:\/\/welt-auto.ro\/file\/2023\/02\/GettyImages-526041385-1024x683-1.jpg\",\"contentUrl\":\"https:\/\/welt-auto.ro\/file\/2023\/02\/GettyImages-526041385-1024x683-1.jpg\",\"width\":1024,\"height\":683,\"caption\":\"Sursa: GettyImages\"},{\"@type\":\"BreadcrumbList\",\"@id\":\"https:\/\/welt-auto.ro\/cele-cinci-mari-piete-europene-de-masini-second-hand-au-scazut-de-doua-ori-mai-mult-decat-inmatricularile-de-masini-noi-2022\/#breadcrumb\",\"itemListElement\":[{\"@type\":\"ListItem\",\"position\":1,\"name\":\"Prima pagin\u0103\",\"item\":\"https:\/\/welt-auto.ro\/\"},{\"@type\":\"ListItem\",\"position\":2,\"name\":\"Cele cinci mari pie\u021be europene de ma\u0219ini second-hand au sc\u0103zut de dou\u0103 ori mai mult dec\u00e2t \u00eenmatricul\u0103rile de ma\u0219ini noi \u00een 2022\"}]},{\"@type\":\"WebSite\",\"@id\":\"https:\/\/welt-auto.ro\/#website\",\"url\":\"https:\/\/welt-auto.ro\/\",\"name\":\"Un altfel de Blog Auto - Welt-auto.ro\",\"description\":\"Un altfel de blog auto -afla acum detalii din lumea auto\",\"potentialAction\":[{\"@type\":\"SearchAction\",\"target\":{\"@type\":\"EntryPoint\",\"urlTemplate\":\"https:\/\/welt-auto.ro\/?s={search_term_string}\"},\"query-input\":\"required name=search_term_string\"}],\"inLanguage\":\"ro-RO\"},{\"@type\":\"Person\",\"@id\":\"https:\/\/welt-auto.ro\/#\/schema\/person\/69a640369c1548e5b5e04f610d3be559\",\"name\":\"Andrei Welther\",\"image\":{\"@type\":\"ImageObject\",\"inLanguage\":\"ro-RO\",\"@id\":\"https:\/\/welt-auto.ro\/#\/schema\/person\/image\/\",\"url\":\"https:\/\/secure.gravatar.com\/avatar\/bd4a792415fb39fa51798d58ac2f37a43840d82d0caaa90a29f315aec4e6d416?s=96&d=mm&r=g\",\"contentUrl\":\"https:\/\/secure.gravatar.com\/avatar\/bd4a792415fb39fa51798d58ac2f37a43840d82d0caaa90a29f315aec4e6d416?s=96&d=mm&r=g\",\"caption\":\"Andrei Welther\"},\"sameAs\":[\"https:\/\/weltcars.com\"],\"url\":\"https:\/\/welt-auto.ro\/profile\/weltandrei\/\"}]}<\/script>\n<!-- \/ Yoast SEO plugin. -->","yoast_head_json":{"title":"Cele cinci mari pie\u021be europene de ma\u0219ini second-hand au sc\u0103zut de dou\u0103 ori mai mult dec\u00e2t \u00eenmatricul\u0103rile de ma\u0219ini noi \u00een 2022 - Un altfel de Blog Auto - Welt-auto.ro","robots":{"index":"index","follow":"follow","max-snippet":"max-snippet:-1","max-image-preview":"max-image-preview:large","max-video-preview":"max-video-preview:-1"},"canonical":"https:\/\/welt-auto.ro\/cele-cinci-mari-piete-europene-de-masini-second-hand-au-scazut-de-doua-ori-mai-mult-decat-inmatricularile-de-masini-noi-2022\/","og_locale":"ro_RO","og_type":"article","og_title":"Cele cinci mari pie\u021be europene de ma\u0219ini second-hand au sc\u0103zut de dou\u0103 ori mai mult dec\u00e2t \u00eenmatricul\u0103rile de ma\u0219ini noi \u00een 2022 - Un altfel de Blog Auto - Welt-auto.ro","og_description":"\u00cen 2022, volumul tranzac\u021biilor cu ma\u0219ini de ocazie a sl\u0103bit mai mult dec\u00e2t cel al \u00eenmatricul\u0103rilor de ma\u0219ini noi pe patru dintre cele cinci mari pie\u021be europene, explic\u0103 Neil King, senior data journalist la Autovista24. Pie\u021bele de ma\u0219ini de ocazie din Fran\u021ba, Germania, Italia, Spania \u0219i Regatul Unit au \u00eenregistrat toate o contrac\u021bie anual\u0103 \u00een [&hellip;]","og_url":"https:\/\/welt-auto.ro\/cele-cinci-mari-piete-europene-de-masini-second-hand-au-scazut-de-doua-ori-mai-mult-decat-inmatricularile-de-masini-noi-2022\/","og_site_name":"Un altfel de Blog Auto - Welt-auto.ro","article_publisher":"https:\/\/www.facebook.com\/weltautor","article_published_time":"2023-02-27T19:59:29+00:00","article_modified_time":"2023-02-27T20:10:47+00:00","og_image":[{"width":1024,"height":683,"url":"https:\/\/welt-auto.ro\/file\/2023\/02\/GettyImages-526041385-1024x683-1.jpg","type":"image\/jpeg"}],"author":"Andrei Welther","twitter_card":"summary_large_image","twitter_misc":{"Scris de":"Andrei Welther","Timp estimat pentru citire":"6 minute"},"schema":{"@context":"https:\/\/schema.org","@graph":[{"@type":"WebPage","@id":"https:\/\/welt-auto.ro\/cele-cinci-mari-piete-europene-de-masini-second-hand-au-scazut-de-doua-ori-mai-mult-decat-inmatricularile-de-masini-noi-2022\/","url":"https:\/\/welt-auto.ro\/cele-cinci-mari-piete-europene-de-masini-second-hand-au-scazut-de-doua-ori-mai-mult-decat-inmatricularile-de-masini-noi-2022\/","name":"Cele cinci mari pie\u021be europene de ma\u0219ini second-hand au sc\u0103zut de dou\u0103 ori mai mult dec\u00e2t \u00eenmatricul\u0103rile de ma\u0219ini noi \u00een 2022 - Un altfel de Blog Auto - Welt-auto.ro","isPartOf":{"@id":"https:\/\/welt-auto.ro\/#website"},"primaryImageOfPage":{"@id":"https:\/\/welt-auto.ro\/cele-cinci-mari-piete-europene-de-masini-second-hand-au-scazut-de-doua-ori-mai-mult-decat-inmatricularile-de-masini-noi-2022\/#primaryimage"},"image":{"@id":"https:\/\/welt-auto.ro\/cele-cinci-mari-piete-europene-de-masini-second-hand-au-scazut-de-doua-ori-mai-mult-decat-inmatricularile-de-masini-noi-2022\/#primaryimage"},"thumbnailUrl":"https:\/\/welt-auto.ro\/file\/2023\/02\/GettyImages-526041385-1024x683-1.jpg","datePublished":"2023-02-27T19:59:29+00:00","dateModified":"2023-02-27T20:10:47+00:00","author":{"@id":"https:\/\/welt-auto.ro\/#\/schema\/person\/69a640369c1548e5b5e04f610d3be559"},"breadcrumb":{"@id":"https:\/\/welt-auto.ro\/cele-cinci-mari-piete-europene-de-masini-second-hand-au-scazut-de-doua-ori-mai-mult-decat-inmatricularile-de-masini-noi-2022\/#breadcrumb"},"inLanguage":"ro-RO","potentialAction":[{"@type":"ReadAction","target":["https:\/\/welt-auto.ro\/cele-cinci-mari-piete-europene-de-masini-second-hand-au-scazut-de-doua-ori-mai-mult-decat-inmatricularile-de-masini-noi-2022\/"]}]},{"@type":"ImageObject","inLanguage":"ro-RO","@id":"https:\/\/welt-auto.ro\/cele-cinci-mari-piete-europene-de-masini-second-hand-au-scazut-de-doua-ori-mai-mult-decat-inmatricularile-de-masini-noi-2022\/#primaryimage","url":"https:\/\/welt-auto.ro\/file\/2023\/02\/GettyImages-526041385-1024x683-1.jpg","contentUrl":"https:\/\/welt-auto.ro\/file\/2023\/02\/GettyImages-526041385-1024x683-1.jpg","width":1024,"height":683,"caption":"Sursa: GettyImages"},{"@type":"BreadcrumbList","@id":"https:\/\/welt-auto.ro\/cele-cinci-mari-piete-europene-de-masini-second-hand-au-scazut-de-doua-ori-mai-mult-decat-inmatricularile-de-masini-noi-2022\/#breadcrumb","itemListElement":[{"@type":"ListItem","position":1,"name":"Prima pagin\u0103","item":"https:\/\/welt-auto.ro\/"},{"@type":"ListItem","position":2,"name":"Cele cinci mari pie\u021be europene de ma\u0219ini second-hand au sc\u0103zut de dou\u0103 ori mai mult dec\u00e2t \u00eenmatricul\u0103rile de ma\u0219ini noi \u00een 2022"}]},{"@type":"WebSite","@id":"https:\/\/welt-auto.ro\/#website","url":"https:\/\/welt-auto.ro\/","name":"Un altfel de Blog Auto - Welt-auto.ro","description":"Un altfel de blog auto -afla acum detalii din lumea auto","potentialAction":[{"@type":"SearchAction","target":{"@type":"EntryPoint","urlTemplate":"https:\/\/welt-auto.ro\/?s={search_term_string}"},"query-input":"required name=search_term_string"}],"inLanguage":"ro-RO"},{"@type":"Person","@id":"https:\/\/welt-auto.ro\/#\/schema\/person\/69a640369c1548e5b5e04f610d3be559","name":"Andrei Welther","image":{"@type":"ImageObject","inLanguage":"ro-RO","@id":"https:\/\/welt-auto.ro\/#\/schema\/person\/image\/","url":"https:\/\/secure.gravatar.com\/avatar\/bd4a792415fb39fa51798d58ac2f37a43840d82d0caaa90a29f315aec4e6d416?s=96&d=mm&r=g","contentUrl":"https:\/\/secure.gravatar.com\/avatar\/bd4a792415fb39fa51798d58ac2f37a43840d82d0caaa90a29f315aec4e6d416?s=96&d=mm&r=g","caption":"Andrei Welther"},"sameAs":["https:\/\/weltcars.com"],"url":"https:\/\/welt-auto.ro\/profile\/weltandrei\/"}]}},"_links":{"self":[{"href":"https:\/\/welt-auto.ro\/rest\/wp\/v2\/posts\/1092","targetHints":{"allow":["GET"]}}],"collection":[{"href":"https:\/\/welt-auto.ro\/rest\/wp\/v2\/posts"}],"about":[{"href":"https:\/\/welt-auto.ro\/rest\/wp\/v2\/types\/post"}],"author":[{"embeddable":true,"href":"https:\/\/welt-auto.ro\/rest\/wp\/v2\/users\/2"}],"replies":[{"embeddable":true,"href":"https:\/\/welt-auto.ro\/rest\/wp\/v2\/comments?post=1092"}],"version-history":[{"count":2,"href":"https:\/\/welt-auto.ro\/rest\/wp\/v2\/posts\/1092\/revisions"}],"predecessor-version":[{"id":1097,"href":"https:\/\/welt-auto.ro\/rest\/wp\/v2\/posts\/1092\/revisions\/1097"}],"wp:featuredmedia":[{"embeddable":true,"href":"https:\/\/welt-auto.ro\/rest\/wp\/v2\/media\/1093"}],"wp:attachment":[{"href":"https:\/\/welt-auto.ro\/rest\/wp\/v2\/media?parent=1092"}],"wp:term":[{"taxonomy":"category","embeddable":true,"href":"https:\/\/welt-auto.ro\/rest\/wp\/v2\/categories?post=1092"},{"taxonomy":"post_tag","embeddable":true,"href":"https:\/\/welt-auto.ro\/rest\/wp\/v2\/tags?post=1092"}],"curies":[{"name":"wp","href":"https:\/\/api.w.org\/{rel}","templated":true}]}}