{"id":1098,"date":"2023-02-27T20:14:12","date_gmt":"2023-02-27T20:14:12","guid":{"rendered":"https:\/\/welt-auto.ro\/?p=1098"},"modified":"2023-02-27T20:15:43","modified_gmt":"2023-02-27T20:15:43","slug":"stellantis-va-reduce-cu-pana-la-2-000-de-angajati-italia","status":"publish","type":"post","link":"https:\/\/welt-auto.ro\/stellantis-va-reduce-cu-pana-la-2-000-de-angajati-italia\/","title":{"rendered":"Stellantis va reduce cu p\u00e2n\u0103 la 2.000 de angaja\u021bi \u00een Italia"},"content":{"rendered":"<p><a href=\"https:\/\/welt-auto.ro\/file\/2023\/02\/Stellantis-Italy-2020.webp\"><img loading=\"lazy\" decoding=\"async\" class=\"aligncenter size-full wp-image-1099\" src=\"https:\/\/welt-auto.ro\/file\/2023\/02\/Stellantis-Italy-2020.webp\" alt=\"Stellantis Italia\" width=\"792\" height=\"486\" srcset=\"https:\/\/welt-auto.ro\/file\/2023\/02\/Stellantis-Italy-2020.webp 792w, https:\/\/welt-auto.ro\/file\/2023\/02\/Stellantis-Italy-2020-300x184.webp 300w, https:\/\/welt-auto.ro\/file\/2023\/02\/Stellantis-Italy-2020-768x471.webp 768w, https:\/\/welt-auto.ro\/file\/2023\/02\/Stellantis-Italy-2020-684x420.webp 684w, https:\/\/welt-auto.ro\/file\/2023\/02\/Stellantis-Italy-2020-640x393.webp 640w, https:\/\/welt-auto.ro\/file\/2023\/02\/Stellantis-Italy-2020-681x418.webp 681w\" sizes=\"auto, (max-width: 792px) 100vw, 792px\" \/><\/a><\/p>\n<p>MILAN &#8211; Stellantis inten\u021bioneaz\u0103 s\u0103 elimine p\u00e2n\u0103 la 2.000 de locuri de munc\u0103 \u00een Italia \u00een acest an, pentru a reduce \u0219i mai mult for\u021ba de munc\u0103 \u00een fosta \u021bar\u0103 de origine a <a href=\"https:\/\/welt-auto.ro\/search\/Fiat\">Fiat<\/a>, pe m\u0103sur\u0103 ce tranzi\u021bia c\u0103tre vehiculele electrice \u00ee\u0219i face sim\u021bit\u0103 prezen\u021ba.<\/p>\n<p>Constructorul auto, format \u00een urma fuziunii dintre PSA Group \u0219i Fiat Chrysler, \u0219i sindicatele locale au convenit asupra reducerilor care reprezint\u0103 aproximativ 4,3% din cei 47.000 de angaja\u021bi din \u021bar\u0103. Decizia urmeaz\u0103 unor reduceri similare de anul trecut.<\/p>\n<p>Ie\u0219irile planificate vor veni \u00een principal de la muncitorii care nu sunt implica\u021bi direct \u00een produc\u021bie, care vor primi beneficii care includ pensionarea anticipat\u0103 \u0219i p\u00e2n\u0103 la doi ani de salariu pentru muncitorii mai \u00een v\u00e2rst\u0103, au declarat luni sindicatele \u00eentr-o declara\u021bie confirmat\u0103 de Stellantis.<\/p>\n<p>Constructorii de automobile s-au confruntat cu infla\u021bia \u0219i cu perturbarea lan\u021bului de aprovizionare, \u00een timp ce \u00ee\u0219i retehnologizeaz\u0103 fabricile pentru a trece la ma\u0219ini alimentate cu baterii, ceea ce a determinat o campanie de reducere a costurilor.<\/p>\n<p>Ford Motor a declarat la \u00eenceputul acestei luni c\u0103 va reduce 3.800 de posturi \u00een Europa, deoarece dezvoltarea \u0219i produc\u021bia de vehicule electrice necesit\u0103 mai pu\u021bini muncitori.<\/p>\n<p>Stellantis a citat schimbarea de la vehiculele electrice pentru planul s\u0103u de a l\u0103sa f\u0103r\u0103 activitate o fabric\u0103 de produc\u021bie Jeep din Illinois. &#8222;Costul electrific\u0103rii va avea un impact asupra amprentei de afaceri pe care o vom avea \u00een \u00eentreaga lume&#8221;, a declarat presei la \u00eenceputul acestei luni directorul general Carlos Tavares.<\/p>\n<p>Produc\u0103torul SUV-urilor Jeep \u0219i al autoturismelor <a href=\"https:\/\/welt-auto.ro\/search\/Peugeot\">Peugeot<\/a> a purtat discu\u021bii cu guvernul italian despre viitorul industriei auto din aceast\u0103 \u021bar\u0103 \u0219i despre sus\u021binerea cererii de vehicule electrice.<\/p>\n<p>Stellantis va cre\u0219te produc\u021bia la fabrica sa din Melfi, \u00een sudul Italiei, pentru a se concentra pe vehiculele electrice \u0219i pe cele hibride cu \u00eenc\u0103rcare la priz\u0103, \u0219i avanseaz\u0103 cu planurile pentru o fabric\u0103 de baterii \u00een Termoli, care ar trebui s\u0103 \u00eenceap\u0103 produc\u021bia \u00een 2026. La sf\u00e2r\u0219itul anului 2021, produc\u0103torul a declarat c\u0103 urm\u0103re\u0219te s\u0103 \u00ee\u0219i transforme fabrica din Torino \u00eentr-un hub pentru vehicule electrice.<\/p>\n","protected":false},"excerpt":{"rendered":"<p>MILAN &#8211; Stellantis inten\u021bioneaz\u0103 s\u0103 elimine p\u00e2n\u0103 la 2.000 de locuri de munc\u0103 \u00een Italia \u00een acest an, pentru a reduce \u0219i mai mult for\u021ba de munc\u0103 \u00een fosta \u021bar\u0103 de origine a Fiat, pe m\u0103sur\u0103 ce tranzi\u021bia c\u0103tre vehiculele electrice \u00ee\u0219i face sim\u021bit\u0103 prezen\u021ba. Constructorul auto, format \u00een urma fuziunii dintre PSA Group \u0219i [&hellip;]<\/p>\n","protected":false},"author":2,"featured_media":1099,"comment_status":"open","ping_status":"open","sticky":false,"template":"","format":"standard","meta":{"footnotes":""},"categories":[17],"tags":[291,313,308],"class_list":["post-1098","post","type-post","status-publish","format-standard","has-post-thumbnail","hentry","category-modele-noi-auto","tag-italia","tag-locuri-de-munca","tag-stellantis"],"yoast_head":"<!-- This site is optimized with the Yoast SEO plugin v23.1 - https:\/\/yoast.com\/wordpress\/plugins\/seo\/ -->\n<title>Stellantis va reduce cu p\u00e2n\u0103 la 2.000 de angaja\u021bi \u00een Italia - Un altfel de Blog Auto - Welt-auto.ro<\/title>\n<meta name=\"robots\" content=\"index, follow, max-snippet:-1, max-image-preview:large, max-video-preview:-1\" \/>\n<link rel=\"canonical\" href=\"https:\/\/welt-auto.ro\/stellantis-va-reduce-cu-pana-la-2-000-de-angajati-italia\/\" \/>\n<meta property=\"og:locale\" content=\"ro_RO\" \/>\n<meta property=\"og:type\" content=\"article\" \/>\n<meta property=\"og:title\" content=\"Stellantis va reduce cu p\u00e2n\u0103 la 2.000 de angaja\u021bi \u00een Italia - Un altfel de Blog Auto - Welt-auto.ro\" \/>\n<meta property=\"og:description\" content=\"MILAN &#8211; Stellantis inten\u021bioneaz\u0103 s\u0103 elimine p\u00e2n\u0103 la 2.000 de locuri de munc\u0103 \u00een Italia \u00een acest an, pentru a reduce \u0219i mai mult for\u021ba de munc\u0103 \u00een fosta \u021bar\u0103 de origine a Fiat, pe m\u0103sur\u0103 ce tranzi\u021bia c\u0103tre vehiculele electrice \u00ee\u0219i face sim\u021bit\u0103 prezen\u021ba. Constructorul auto, format \u00een urma fuziunii dintre PSA Group \u0219i [&hellip;]\" \/>\n<meta property=\"og:url\" content=\"https:\/\/welt-auto.ro\/stellantis-va-reduce-cu-pana-la-2-000-de-angajati-italia\/\" \/>\n<meta property=\"og:site_name\" content=\"Un altfel de Blog Auto - Welt-auto.ro\" \/>\n<meta property=\"article:publisher\" content=\"https:\/\/www.facebook.com\/weltautor\" \/>\n<meta property=\"article:published_time\" content=\"2023-02-27T20:14:12+00:00\" \/>\n<meta property=\"article:modified_time\" content=\"2023-02-27T20:15:43+00:00\" \/>\n<meta property=\"og:image\" content=\"https:\/\/welt-auto.ro\/file\/2023\/02\/Stellantis-Italy-2020.webp\" \/>\n\t<meta property=\"og:image:width\" content=\"792\" \/>\n\t<meta property=\"og:image:height\" content=\"486\" \/>\n\t<meta property=\"og:image:type\" content=\"image\/webp\" \/>\n<meta name=\"author\" content=\"Andrei Welther\" \/>\n<meta name=\"twitter:card\" content=\"summary_large_image\" \/>\n<meta name=\"twitter:label1\" content=\"Scris de\" \/>\n\t<meta name=\"twitter:data1\" content=\"Andrei Welther\" \/>\n\t<meta name=\"twitter:label2\" content=\"Timp estimat pentru citire\" \/>\n\t<meta name=\"twitter:data2\" content=\"2 minute\" \/>\n<script type=\"application\/ld+json\" class=\"yoast-schema-graph\">{\"@context\":\"https:\/\/schema.org\",\"@graph\":[{\"@type\":\"WebPage\",\"@id\":\"https:\/\/welt-auto.ro\/stellantis-va-reduce-cu-pana-la-2-000-de-angajati-italia\/\",\"url\":\"https:\/\/welt-auto.ro\/stellantis-va-reduce-cu-pana-la-2-000-de-angajati-italia\/\",\"name\":\"Stellantis va reduce cu p\u00e2n\u0103 la 2.000 de angaja\u021bi \u00een Italia - Un altfel de Blog Auto - Welt-auto.ro\",\"isPartOf\":{\"@id\":\"https:\/\/welt-auto.ro\/#website\"},\"primaryImageOfPage\":{\"@id\":\"https:\/\/welt-auto.ro\/stellantis-va-reduce-cu-pana-la-2-000-de-angajati-italia\/#primaryimage\"},\"image\":{\"@id\":\"https:\/\/welt-auto.ro\/stellantis-va-reduce-cu-pana-la-2-000-de-angajati-italia\/#primaryimage\"},\"thumbnailUrl\":\"https:\/\/welt-auto.ro\/file\/2023\/02\/Stellantis-Italy-2020.webp\",\"datePublished\":\"2023-02-27T20:14:12+00:00\",\"dateModified\":\"2023-02-27T20:15:43+00:00\",\"author\":{\"@id\":\"https:\/\/welt-auto.ro\/#\/schema\/person\/69a640369c1548e5b5e04f610d3be559\"},\"breadcrumb\":{\"@id\":\"https:\/\/welt-auto.ro\/stellantis-va-reduce-cu-pana-la-2-000-de-angajati-italia\/#breadcrumb\"},\"inLanguage\":\"ro-RO\",\"potentialAction\":[{\"@type\":\"ReadAction\",\"target\":[\"https:\/\/welt-auto.ro\/stellantis-va-reduce-cu-pana-la-2-000-de-angajati-italia\/\"]}]},{\"@type\":\"ImageObject\",\"inLanguage\":\"ro-RO\",\"@id\":\"https:\/\/welt-auto.ro\/stellantis-va-reduce-cu-pana-la-2-000-de-angajati-italia\/#primaryimage\",\"url\":\"https:\/\/welt-auto.ro\/file\/2023\/02\/Stellantis-Italy-2020.webp\",\"contentUrl\":\"https:\/\/welt-auto.ro\/file\/2023\/02\/Stellantis-Italy-2020.webp\",\"width\":792,\"height\":486,\"caption\":\"Stellantis Italia\"},{\"@type\":\"BreadcrumbList\",\"@id\":\"https:\/\/welt-auto.ro\/stellantis-va-reduce-cu-pana-la-2-000-de-angajati-italia\/#breadcrumb\",\"itemListElement\":[{\"@type\":\"ListItem\",\"position\":1,\"name\":\"Prima pagin\u0103\",\"item\":\"https:\/\/welt-auto.ro\/\"},{\"@type\":\"ListItem\",\"position\":2,\"name\":\"Stellantis va reduce cu p\u00e2n\u0103 la 2.000 de angaja\u021bi \u00een Italia\"}]},{\"@type\":\"WebSite\",\"@id\":\"https:\/\/welt-auto.ro\/#website\",\"url\":\"https:\/\/welt-auto.ro\/\",\"name\":\"Un altfel de Blog Auto - Welt-auto.ro\",\"description\":\"Un altfel de blog auto -afla acum detalii din lumea auto\",\"potentialAction\":[{\"@type\":\"SearchAction\",\"target\":{\"@type\":\"EntryPoint\",\"urlTemplate\":\"https:\/\/welt-auto.ro\/?s={search_term_string}\"},\"query-input\":\"required name=search_term_string\"}],\"inLanguage\":\"ro-RO\"},{\"@type\":\"Person\",\"@id\":\"https:\/\/welt-auto.ro\/#\/schema\/person\/69a640369c1548e5b5e04f610d3be559\",\"name\":\"Andrei Welther\",\"image\":{\"@type\":\"ImageObject\",\"inLanguage\":\"ro-RO\",\"@id\":\"https:\/\/welt-auto.ro\/#\/schema\/person\/image\/\",\"url\":\"https:\/\/secure.gravatar.com\/avatar\/bd4a792415fb39fa51798d58ac2f37a43840d82d0caaa90a29f315aec4e6d416?s=96&d=mm&r=g\",\"contentUrl\":\"https:\/\/secure.gravatar.com\/avatar\/bd4a792415fb39fa51798d58ac2f37a43840d82d0caaa90a29f315aec4e6d416?s=96&d=mm&r=g\",\"caption\":\"Andrei Welther\"},\"sameAs\":[\"https:\/\/weltcars.com\"],\"url\":\"https:\/\/welt-auto.ro\/profile\/weltandrei\/\"}]}<\/script>\n<!-- \/ Yoast SEO plugin. -->","yoast_head_json":{"title":"Stellantis va reduce cu p\u00e2n\u0103 la 2.000 de angaja\u021bi \u00een Italia - Un altfel de Blog Auto - Welt-auto.ro","robots":{"index":"index","follow":"follow","max-snippet":"max-snippet:-1","max-image-preview":"max-image-preview:large","max-video-preview":"max-video-preview:-1"},"canonical":"https:\/\/welt-auto.ro\/stellantis-va-reduce-cu-pana-la-2-000-de-angajati-italia\/","og_locale":"ro_RO","og_type":"article","og_title":"Stellantis va reduce cu p\u00e2n\u0103 la 2.000 de angaja\u021bi \u00een Italia - Un altfel de Blog Auto - Welt-auto.ro","og_description":"MILAN &#8211; Stellantis inten\u021bioneaz\u0103 s\u0103 elimine p\u00e2n\u0103 la 2.000 de locuri de munc\u0103 \u00een Italia \u00een acest an, pentru a reduce \u0219i mai mult for\u021ba de munc\u0103 \u00een fosta \u021bar\u0103 de origine a Fiat, pe m\u0103sur\u0103 ce tranzi\u021bia c\u0103tre vehiculele electrice \u00ee\u0219i face sim\u021bit\u0103 prezen\u021ba. Constructorul auto, format \u00een urma fuziunii dintre PSA Group \u0219i [&hellip;]","og_url":"https:\/\/welt-auto.ro\/stellantis-va-reduce-cu-pana-la-2-000-de-angajati-italia\/","og_site_name":"Un altfel de Blog Auto - Welt-auto.ro","article_publisher":"https:\/\/www.facebook.com\/weltautor","article_published_time":"2023-02-27T20:14:12+00:00","article_modified_time":"2023-02-27T20:15:43+00:00","og_image":[{"width":792,"height":486,"url":"https:\/\/welt-auto.ro\/file\/2023\/02\/Stellantis-Italy-2020.webp","type":"image\/webp"}],"author":"Andrei Welther","twitter_card":"summary_large_image","twitter_misc":{"Scris de":"Andrei Welther","Timp estimat pentru citire":"2 minute"},"schema":{"@context":"https:\/\/schema.org","@graph":[{"@type":"WebPage","@id":"https:\/\/welt-auto.ro\/stellantis-va-reduce-cu-pana-la-2-000-de-angajati-italia\/","url":"https:\/\/welt-auto.ro\/stellantis-va-reduce-cu-pana-la-2-000-de-angajati-italia\/","name":"Stellantis va reduce cu p\u00e2n\u0103 la 2.000 de angaja\u021bi \u00een Italia - Un altfel de Blog Auto - Welt-auto.ro","isPartOf":{"@id":"https:\/\/welt-auto.ro\/#website"},"primaryImageOfPage":{"@id":"https:\/\/welt-auto.ro\/stellantis-va-reduce-cu-pana-la-2-000-de-angajati-italia\/#primaryimage"},"image":{"@id":"https:\/\/welt-auto.ro\/stellantis-va-reduce-cu-pana-la-2-000-de-angajati-italia\/#primaryimage"},"thumbnailUrl":"https:\/\/welt-auto.ro\/file\/2023\/02\/Stellantis-Italy-2020.webp","datePublished":"2023-02-27T20:14:12+00:00","dateModified":"2023-02-27T20:15:43+00:00","author":{"@id":"https:\/\/welt-auto.ro\/#\/schema\/person\/69a640369c1548e5b5e04f610d3be559"},"breadcrumb":{"@id":"https:\/\/welt-auto.ro\/stellantis-va-reduce-cu-pana-la-2-000-de-angajati-italia\/#breadcrumb"},"inLanguage":"ro-RO","potentialAction":[{"@type":"ReadAction","target":["https:\/\/welt-auto.ro\/stellantis-va-reduce-cu-pana-la-2-000-de-angajati-italia\/"]}]},{"@type":"ImageObject","inLanguage":"ro-RO","@id":"https:\/\/welt-auto.ro\/stellantis-va-reduce-cu-pana-la-2-000-de-angajati-italia\/#primaryimage","url":"https:\/\/welt-auto.ro\/file\/2023\/02\/Stellantis-Italy-2020.webp","contentUrl":"https:\/\/welt-auto.ro\/file\/2023\/02\/Stellantis-Italy-2020.webp","width":792,"height":486,"caption":"Stellantis Italia"},{"@type":"BreadcrumbList","@id":"https:\/\/welt-auto.ro\/stellantis-va-reduce-cu-pana-la-2-000-de-angajati-italia\/#breadcrumb","itemListElement":[{"@type":"ListItem","position":1,"name":"Prima pagin\u0103","item":"https:\/\/welt-auto.ro\/"},{"@type":"ListItem","position":2,"name":"Stellantis va reduce cu p\u00e2n\u0103 la 2.000 de angaja\u021bi \u00een Italia"}]},{"@type":"WebSite","@id":"https:\/\/welt-auto.ro\/#website","url":"https:\/\/welt-auto.ro\/","name":"Un altfel de Blog Auto - Welt-auto.ro","description":"Un altfel de blog auto -afla acum detalii din lumea auto","potentialAction":[{"@type":"SearchAction","target":{"@type":"EntryPoint","urlTemplate":"https:\/\/welt-auto.ro\/?s={search_term_string}"},"query-input":"required name=search_term_string"}],"inLanguage":"ro-RO"},{"@type":"Person","@id":"https:\/\/welt-auto.ro\/#\/schema\/person\/69a640369c1548e5b5e04f610d3be559","name":"Andrei Welther","image":{"@type":"ImageObject","inLanguage":"ro-RO","@id":"https:\/\/welt-auto.ro\/#\/schema\/person\/image\/","url":"https:\/\/secure.gravatar.com\/avatar\/bd4a792415fb39fa51798d58ac2f37a43840d82d0caaa90a29f315aec4e6d416?s=96&d=mm&r=g","contentUrl":"https:\/\/secure.gravatar.com\/avatar\/bd4a792415fb39fa51798d58ac2f37a43840d82d0caaa90a29f315aec4e6d416?s=96&d=mm&r=g","caption":"Andrei Welther"},"sameAs":["https:\/\/weltcars.com"],"url":"https:\/\/welt-auto.ro\/profile\/weltandrei\/"}]}},"_links":{"self":[{"href":"https:\/\/welt-auto.ro\/rest\/wp\/v2\/posts\/1098","targetHints":{"allow":["GET"]}}],"collection":[{"href":"https:\/\/welt-auto.ro\/rest\/wp\/v2\/posts"}],"about":[{"href":"https:\/\/welt-auto.ro\/rest\/wp\/v2\/types\/post"}],"author":[{"embeddable":true,"href":"https:\/\/welt-auto.ro\/rest\/wp\/v2\/users\/2"}],"replies":[{"embeddable":true,"href":"https:\/\/welt-auto.ro\/rest\/wp\/v2\/comments?post=1098"}],"version-history":[{"count":3,"href":"https:\/\/welt-auto.ro\/rest\/wp\/v2\/posts\/1098\/revisions"}],"predecessor-version":[{"id":1102,"href":"https:\/\/welt-auto.ro\/rest\/wp\/v2\/posts\/1098\/revisions\/1102"}],"wp:featuredmedia":[{"embeddable":true,"href":"https:\/\/welt-auto.ro\/rest\/wp\/v2\/media\/1099"}],"wp:attachment":[{"href":"https:\/\/welt-auto.ro\/rest\/wp\/v2\/media?parent=1098"}],"wp:term":[{"taxonomy":"category","embeddable":true,"href":"https:\/\/welt-auto.ro\/rest\/wp\/v2\/categories?post=1098"},{"taxonomy":"post_tag","embeddable":true,"href":"https:\/\/welt-auto.ro\/rest\/wp\/v2\/tags?post=1098"}],"curies":[{"name":"wp","href":"https:\/\/api.w.org\/{rel}","templated":true}]}}