{"id":1129,"date":"2023-03-13T19:28:38","date_gmt":"2023-03-13T19:28:38","guid":{"rendered":"https:\/\/welt-auto.ro\/?p=1129"},"modified":"2023-03-13T19:28:52","modified_gmt":"2023-03-13T19:28:52","slug":"porsche-ofera-imagini-cu-noile-vehicule-electrice-inclusiv-cu-un-suv-electric-emblematic","status":"publish","type":"post","link":"https:\/\/welt-auto.ro\/porsche-ofera-imagini-cu-noile-vehicule-electrice-inclusiv-cu-un-suv-electric-emblematic\/","title":{"rendered":"Porsche ofer\u0103 imagini cu noile vehicule electrice, inclusiv cu un SUV electric emblematic"},"content":{"rendered":"<p><a href=\"https:\/\/welt-auto.ro\/file\/2023\/03\/Porsche-showroom-BL-web.webp\"><img loading=\"lazy\" decoding=\"async\" class=\"aligncenter size-full wp-image-1130\" src=\"https:\/\/welt-auto.ro\/file\/2023\/03\/Porsche-showroom-BL-web.webp\" alt=\"Porsche showroom\" width=\"792\" height=\"475\" srcset=\"https:\/\/welt-auto.ro\/file\/2023\/03\/Porsche-showroom-BL-web.webp 792w, https:\/\/welt-auto.ro\/file\/2023\/03\/Porsche-showroom-BL-web-300x180.webp 300w, https:\/\/welt-auto.ro\/file\/2023\/03\/Porsche-showroom-BL-web-768x461.webp 768w, https:\/\/welt-auto.ro\/file\/2023\/03\/Porsche-showroom-BL-web-700x420.webp 700w, https:\/\/welt-auto.ro\/file\/2023\/03\/Porsche-showroom-BL-web-640x384.webp 640w, https:\/\/welt-auto.ro\/file\/2023\/03\/Porsche-showroom-BL-web-681x408.webp 681w\" sizes=\"auto, (max-width: 792px) 100vw, 792px\" \/><\/a><\/p>\n<p>Porsche a oferit imagini ale viitoarelor sale modele complet electrice &#8211; inclusiv un SUV electric emblematic pozi\u021bionat deasupra modelului Cayenne &#8211; ca parte a obiectivului s\u0103u de a livra peste 80% din vehiculele sale noi ca modele complet electrice \u00een 2030.<\/p>\n<p>SUV-ul va fi un &#8222;nou concept de vehicul&#8221; pentru marc\u0103, care va oferi performan\u021be ridicate, func\u021bii de conducere automatizate \u0219i linia de zbor tipic\u0103 Porsche, a declarat luni, \u00een cadrul unei conferin\u021be de pres\u0103, CEO-ul Oliver Blume.<\/p>\n<p>Noul SUV, care va utiliza platforma SSP Sport a grupului mam\u0103 Volkswagen, va consolida pozi\u021bia Porsche \u00een segmentul de lux, a ad\u0103ugat Blume.<\/p>\n<p>&#8222;Vedem bazinele de profit din acest segment cresc\u00e2nd cu pa\u0219i repezi, \u00een special \u00een China \u0219i SUA&#8221;, a ad\u0103ugat Blume.<\/p>\n<p>Celelalte viitoare ma\u0219ini complet electrice ale Porsche vor fi:<\/p>\n<ul>\n<li>SUV-ul Macan alimentat cu baterii, care va fi disponibil pentru clien\u021bi \u00een 2024, al\u0103tur\u00e2ndu-se primului automobil complet electric al m\u0103rcii, sedanul Taycan<\/li>\n<li>Noul 718, care va fi oferit at\u00e2t ca model complet electric, c\u00e2t \u0219i ca model cu motor cu combustie intern\u0103, \u00eencep\u00e2nd din 2025. Blume a declarat c\u0103, pe termen mediu, 718 va fi &#8222;disponibil exclusiv ca model complet electric&#8221;, dar nu a \u00eemp\u0103rt\u0103\u0219it un calendar pentru aceast\u0103 tranzi\u021bie<\/li>\n<li>Cayenne este preg\u0103tit s\u0103 primeasc\u0103 un sistem de propulsie complet electric \u00eenc\u0103 din 2025.<\/li>\n<\/ul>\n<p>Porsche a raportat luni un profit \u0219i venituri record \u00een 2022, \u00een condi\u021biile \u00een care a crescut livr\u0103rile de ma\u0219ini \u0219i a redus costurile.<\/p>\n<p>Randamentul opera\u021bional al companiei \u00een 2022 \u00een timpul a crescut la 18%, de la 16% \u00een 2021. A avut un profit opera\u021bional de 6,8 miliarde de euro (7,26 miliarde de dolari). De\u0219i este un record, rezultatul a ratat u\u0219or a\u0219tept\u0103rile.<\/p>\n<p>Porsche se a\u0219teapt\u0103 ca randamentele s\u0103 se men\u021bin\u0103 aproximativ \u00een jurul nivelului record de anul trecut, datorit\u0103 modelelor atractive \u0219i pre\u021burilor ridicate, cu condi\u021bia ca situa\u021bia economic\u0103 deja dificil\u0103 s\u0103 nu se \u00eenr\u0103ut\u0103\u021beasc\u0103 prea mult.<\/p>\n<p>Marja opera\u021bional\u0103 a m\u0103rcii ar urma s\u0103 ajung\u0103 \u00eentre 17 \u0219i 19 procente \u00een acest an, fa\u021b\u0103 de 18 procente anul trecut. Porsche a declarat luni c\u0103 obiectivul s\u0103u este de a ob\u021bine \u00een mod regulat o marj\u0103 de 20 la sut\u0103 sau mai mult, f\u0103r\u0103 a preciza un an anume.<\/p>\n<p>Principalul contribuitor la profit al grupului VW se a\u0219teapt\u0103 ca veniturile s\u0103 creasc\u0103 \u00een acest an p\u00e2n\u0103 la 42 de miliarde de euro (45,1 miliarde de dolari).<\/p>\n<p>Porsche este cel mai valoros produc\u0103tor auto din Europa, dup\u0103 oferta public\u0103 ini\u021bial\u0103 de succes de anul trecut.<\/p>\n<p>Directorul financiar Lutz Meschke a declarat \u00een timpul conferin\u021bei de pres\u0103 c\u0103 portofoliul de comenzi al Porsche este &#8222;plin p\u00e2n\u0103 la refuz&#8221;, ceea ce \u00eel ajut\u0103 s\u0103 compenseze o parte din presiunea cauzat\u0103 de problemele actuale ale lan\u021bului de aprovizionare.<\/p>\n<p>Comentariile se aliniaz\u0103 cu cele ale altor produc\u0103tori auto, cum ar fi BMW, care mizeaz\u0103 pe cererea reprimat\u0103, cump\u0103r\u0103torii de ma\u0219ini de lux fiind mai pu\u021bin afecta\u021bi de infla\u021bia record \u0219i de amenin\u021barea recesiunii.<\/p>\n<figure id=\"attachment_1131\" aria-describedby=\"caption-attachment-1131\" style=\"width: 792px\" class=\"wp-caption aligncenter\"><a href=\"https:\/\/welt-auto.ro\/file\/2023\/03\/Porsche-Mission-R-1.webp\"><img loading=\"lazy\" decoding=\"async\" class=\"size-full wp-image-1131\" src=\"https:\/\/welt-auto.ro\/file\/2023\/03\/Porsche-Mission-R-1.webp\" alt=\"Porsche Mission R 1\" width=\"792\" height=\"475\" srcset=\"https:\/\/welt-auto.ro\/file\/2023\/03\/Porsche-Mission-R-1.webp 792w, https:\/\/welt-auto.ro\/file\/2023\/03\/Porsche-Mission-R-1-300x180.webp 300w, https:\/\/welt-auto.ro\/file\/2023\/03\/Porsche-Mission-R-1-768x461.webp 768w, https:\/\/welt-auto.ro\/file\/2023\/03\/Porsche-Mission-R-1-700x420.webp 700w, https:\/\/welt-auto.ro\/file\/2023\/03\/Porsche-Mission-R-1-640x384.webp 640w, https:\/\/welt-auto.ro\/file\/2023\/03\/Porsche-Mission-R-1-681x408.webp 681w\" sizes=\"auto, (max-width: 792px) 100vw, 792px\" \/><\/a><figcaption id=\"caption-attachment-1131\" class=\"wp-caption-text\">Crossoverul emblematic al Porsche, cu numele de cod K1, ar trebui s\u0103 \u00eencorporeze tehnologia v\u0103zut\u0103 pe conceptul Mission R (foto).<\/figcaption><\/figure>\n<p>\u00cen iulie anul trecut, Porsche a confirmat planurile de a lansa un crossover de v\u00e2rf de gam\u0103, complet electric, pe care Blume l-a descris la acea vreme ca fiind &#8222;o interpretare foarte sportiv\u0103 a unui SUV&#8221;.<\/p>\n<p>Crossoverul, cu numele de cod K1, va fi construit la Leipzig \u00eencep\u00e2nd de la mijlocul deceniului, va \u00eencorpora tehnologia v\u0103zut\u0103 pe conceptul Mission R prezentat \u00een 2021 la Salonul Auto IAA de la M\u00fcnchen. Pe l\u00e2ng\u0103 o nou\u0103 baterie de \u00eenalt\u0103 performan\u021b\u0103, Mission R avea \u0219i un sistem electric de 920 de vol\u021bi, conceput pentru a reduce timpul de \u00eenc\u0103rcare.<\/p>\n<p>Porsche inten\u021bioneaz\u0103, de asemenea, s\u0103 \u00eenfiin\u021beze un nou departament Car-IT, condus de fostul \u0219ef al departamentului digital al Daimler, Sajjad Khan. Blume a declarat c\u0103 sosirea lui Khan &#8222;va da un impuls&#8221; \u00een ceea ce prive\u0219te competen\u021ba software a m\u0103rcii.<\/p>\n<p>Mi\u0219carea vine \u00een urma problemelor prelungite de la unitatea de software Cariad a grupului VW, care au \u00eent\u00e2rziat mai multe modele importante, inclusiv Macan-ul electric al Porsche. Blume a recunoscut \u00eent\u00e2rzierea \u0219i a spus c\u0103 &#8222;acum abia \u00eencheiem dezvoltarea software-ului&#8221;.<\/p>\n<h3>Plata dividendelor<\/h3>\n<p>Porsche propune un dividend de 916 milioane de euro \u00een urma list\u0103rii par\u021biale a companiei \u00een septembrie, echivalentul a 1 euro pe ac\u021biune ordinar\u0103 \u0219i 1,01 euro pe ac\u021biune preferen\u021bial\u0103.<\/p>\n<p>Bloomberg \u0219i Reuters au contribuit la acest raport<\/p>\n<p><a href=\"https:\/\/welt-auto.ro\/file\/2023\/03\/Porsche-key-figures-2022_0.webp\"><img loading=\"lazy\" decoding=\"async\" class=\"aligncenter size-full wp-image-1132\" src=\"https:\/\/welt-auto.ro\/file\/2023\/03\/Porsche-key-figures-2022_0.webp\" alt=\"Porsche key figures 2022_0\" width=\"792\" height=\"374\" srcset=\"https:\/\/welt-auto.ro\/file\/2023\/03\/Porsche-key-figures-2022_0.webp 792w, https:\/\/welt-auto.ro\/file\/2023\/03\/Porsche-key-figures-2022_0-300x142.webp 300w, https:\/\/welt-auto.ro\/file\/2023\/03\/Porsche-key-figures-2022_0-768x363.webp 768w, https:\/\/welt-auto.ro\/file\/2023\/03\/Porsche-key-figures-2022_0-640x302.webp 640w, https:\/\/welt-auto.ro\/file\/2023\/03\/Porsche-key-figures-2022_0-681x322.webp 681w\" sizes=\"auto, (max-width: 792px) 100vw, 792px\" \/><\/a><\/p>\n","protected":false},"excerpt":{"rendered":"<p>Porsche a oferit imagini ale viitoarelor sale modele complet electrice &#8211; inclusiv un SUV electric emblematic pozi\u021bionat deasupra modelului Cayenne &#8211; ca parte a obiectivului s\u0103u de a livra peste 80% din vehiculele sale noi ca modele complet electrice \u00een 2030. SUV-ul va fi un &#8222;nou concept de vehicul&#8221; pentru marc\u0103, care va oferi performan\u021be [&hellip;]<\/p>\n","protected":false},"author":2,"featured_media":1131,"comment_status":"open","ping_status":"open","sticky":false,"template":"","format":"standard","meta":{"footnotes":""},"categories":[17],"tags":[322,324,323],"class_list":["post-1129","post","type-post","status-publish","format-standard","has-post-thumbnail","hentry","category-modele-noi-auto","tag-porsche","tag-porsche-electri","tag-suv-porsche"],"yoast_head":"<!-- This site is optimized with the Yoast SEO plugin v23.1 - https:\/\/yoast.com\/wordpress\/plugins\/seo\/ -->\n<title>Porsche ofer\u0103 imagini cu noile vehicule electrice, inclusiv cu un SUV electric emblematic - Un altfel de Blog Auto - Welt-auto.ro<\/title>\n<meta name=\"robots\" content=\"index, follow, max-snippet:-1, max-image-preview:large, max-video-preview:-1\" \/>\n<link rel=\"canonical\" href=\"https:\/\/welt-auto.ro\/porsche-ofera-imagini-cu-noile-vehicule-electrice-inclusiv-cu-un-suv-electric-emblematic\/\" \/>\n<meta property=\"og:locale\" content=\"ro_RO\" \/>\n<meta property=\"og:type\" content=\"article\" \/>\n<meta property=\"og:title\" content=\"Porsche ofer\u0103 imagini cu noile vehicule electrice, inclusiv cu un SUV electric emblematic - Un altfel de Blog Auto - Welt-auto.ro\" \/>\n<meta property=\"og:description\" content=\"Porsche a oferit imagini ale viitoarelor sale modele complet electrice &#8211; inclusiv un SUV electric emblematic pozi\u021bionat deasupra modelului Cayenne &#8211; ca parte a obiectivului s\u0103u de a livra peste 80% din vehiculele sale noi ca modele complet electrice \u00een 2030. SUV-ul va fi un &#8222;nou concept de vehicul&#8221; pentru marc\u0103, care va oferi performan\u021be [&hellip;]\" \/>\n<meta property=\"og:url\" content=\"https:\/\/welt-auto.ro\/porsche-ofera-imagini-cu-noile-vehicule-electrice-inclusiv-cu-un-suv-electric-emblematic\/\" \/>\n<meta property=\"og:site_name\" content=\"Un altfel de Blog Auto - Welt-auto.ro\" \/>\n<meta property=\"article:publisher\" content=\"https:\/\/www.facebook.com\/weltautor\" \/>\n<meta property=\"article:published_time\" content=\"2023-03-13T19:28:38+00:00\" \/>\n<meta property=\"article:modified_time\" content=\"2023-03-13T19:28:52+00:00\" \/>\n<meta property=\"og:image\" content=\"https:\/\/welt-auto.ro\/file\/2023\/03\/Porsche-Mission-R-1.webp\" \/>\n\t<meta property=\"og:image:width\" content=\"792\" \/>\n\t<meta property=\"og:image:height\" content=\"475\" \/>\n\t<meta property=\"og:image:type\" content=\"image\/webp\" \/>\n<meta name=\"author\" content=\"Andrei Welther\" \/>\n<meta name=\"twitter:card\" content=\"summary_large_image\" \/>\n<meta name=\"twitter:label1\" content=\"Scris de\" \/>\n\t<meta name=\"twitter:data1\" content=\"Andrei Welther\" \/>\n\t<meta name=\"twitter:label2\" content=\"Timp estimat pentru citire\" \/>\n\t<meta name=\"twitter:data2\" content=\"4 minute\" \/>\n<script type=\"application\/ld+json\" class=\"yoast-schema-graph\">{\"@context\":\"https:\/\/schema.org\",\"@graph\":[{\"@type\":\"WebPage\",\"@id\":\"https:\/\/welt-auto.ro\/porsche-ofera-imagini-cu-noile-vehicule-electrice-inclusiv-cu-un-suv-electric-emblematic\/\",\"url\":\"https:\/\/welt-auto.ro\/porsche-ofera-imagini-cu-noile-vehicule-electrice-inclusiv-cu-un-suv-electric-emblematic\/\",\"name\":\"Porsche ofer\u0103 imagini cu noile vehicule electrice, inclusiv cu un SUV electric emblematic - Un altfel de Blog Auto - Welt-auto.ro\",\"isPartOf\":{\"@id\":\"https:\/\/welt-auto.ro\/#website\"},\"primaryImageOfPage\":{\"@id\":\"https:\/\/welt-auto.ro\/porsche-ofera-imagini-cu-noile-vehicule-electrice-inclusiv-cu-un-suv-electric-emblematic\/#primaryimage\"},\"image\":{\"@id\":\"https:\/\/welt-auto.ro\/porsche-ofera-imagini-cu-noile-vehicule-electrice-inclusiv-cu-un-suv-electric-emblematic\/#primaryimage\"},\"thumbnailUrl\":\"https:\/\/welt-auto.ro\/file\/2023\/03\/Porsche-Mission-R-1.webp\",\"datePublished\":\"2023-03-13T19:28:38+00:00\",\"dateModified\":\"2023-03-13T19:28:52+00:00\",\"author\":{\"@id\":\"https:\/\/welt-auto.ro\/#\/schema\/person\/69a640369c1548e5b5e04f610d3be559\"},\"breadcrumb\":{\"@id\":\"https:\/\/welt-auto.ro\/porsche-ofera-imagini-cu-noile-vehicule-electrice-inclusiv-cu-un-suv-electric-emblematic\/#breadcrumb\"},\"inLanguage\":\"ro-RO\",\"potentialAction\":[{\"@type\":\"ReadAction\",\"target\":[\"https:\/\/welt-auto.ro\/porsche-ofera-imagini-cu-noile-vehicule-electrice-inclusiv-cu-un-suv-electric-emblematic\/\"]}]},{\"@type\":\"ImageObject\",\"inLanguage\":\"ro-RO\",\"@id\":\"https:\/\/welt-auto.ro\/porsche-ofera-imagini-cu-noile-vehicule-electrice-inclusiv-cu-un-suv-electric-emblematic\/#primaryimage\",\"url\":\"https:\/\/welt-auto.ro\/file\/2023\/03\/Porsche-Mission-R-1.webp\",\"contentUrl\":\"https:\/\/welt-auto.ro\/file\/2023\/03\/Porsche-Mission-R-1.webp\",\"width\":792,\"height\":475,\"caption\":\"Crossoverul emblematic al Porsche, cu numele de cod K1, ar trebui s\u0103 \u00eencorporeze tehnologia v\u0103zut\u0103 pe conceptul Mission R (foto).\"},{\"@type\":\"BreadcrumbList\",\"@id\":\"https:\/\/welt-auto.ro\/porsche-ofera-imagini-cu-noile-vehicule-electrice-inclusiv-cu-un-suv-electric-emblematic\/#breadcrumb\",\"itemListElement\":[{\"@type\":\"ListItem\",\"position\":1,\"name\":\"Prima pagin\u0103\",\"item\":\"https:\/\/welt-auto.ro\/\"},{\"@type\":\"ListItem\",\"position\":2,\"name\":\"Porsche ofer\u0103 imagini cu noile vehicule electrice, inclusiv cu un SUV electric emblematic\"}]},{\"@type\":\"WebSite\",\"@id\":\"https:\/\/welt-auto.ro\/#website\",\"url\":\"https:\/\/welt-auto.ro\/\",\"name\":\"Un altfel de Blog Auto - Welt-auto.ro\",\"description\":\"Un altfel de blog auto -afla acum detalii din lumea auto\",\"potentialAction\":[{\"@type\":\"SearchAction\",\"target\":{\"@type\":\"EntryPoint\",\"urlTemplate\":\"https:\/\/welt-auto.ro\/?s={search_term_string}\"},\"query-input\":\"required name=search_term_string\"}],\"inLanguage\":\"ro-RO\"},{\"@type\":\"Person\",\"@id\":\"https:\/\/welt-auto.ro\/#\/schema\/person\/69a640369c1548e5b5e04f610d3be559\",\"name\":\"Andrei Welther\",\"image\":{\"@type\":\"ImageObject\",\"inLanguage\":\"ro-RO\",\"@id\":\"https:\/\/welt-auto.ro\/#\/schema\/person\/image\/\",\"url\":\"https:\/\/secure.gravatar.com\/avatar\/bd4a792415fb39fa51798d58ac2f37a43840d82d0caaa90a29f315aec4e6d416?s=96&d=mm&r=g\",\"contentUrl\":\"https:\/\/secure.gravatar.com\/avatar\/bd4a792415fb39fa51798d58ac2f37a43840d82d0caaa90a29f315aec4e6d416?s=96&d=mm&r=g\",\"caption\":\"Andrei Welther\"},\"sameAs\":[\"https:\/\/weltcars.com\"],\"url\":\"https:\/\/welt-auto.ro\/profile\/weltandrei\/\"}]}<\/script>\n<!-- \/ Yoast SEO plugin. -->","yoast_head_json":{"title":"Porsche ofer\u0103 imagini cu noile vehicule electrice, inclusiv cu un SUV electric emblematic - Un altfel de Blog Auto - Welt-auto.ro","robots":{"index":"index","follow":"follow","max-snippet":"max-snippet:-1","max-image-preview":"max-image-preview:large","max-video-preview":"max-video-preview:-1"},"canonical":"https:\/\/welt-auto.ro\/porsche-ofera-imagini-cu-noile-vehicule-electrice-inclusiv-cu-un-suv-electric-emblematic\/","og_locale":"ro_RO","og_type":"article","og_title":"Porsche ofer\u0103 imagini cu noile vehicule electrice, inclusiv cu un SUV electric emblematic - Un altfel de Blog Auto - Welt-auto.ro","og_description":"Porsche a oferit imagini ale viitoarelor sale modele complet electrice &#8211; inclusiv un SUV electric emblematic pozi\u021bionat deasupra modelului Cayenne &#8211; ca parte a obiectivului s\u0103u de a livra peste 80% din vehiculele sale noi ca modele complet electrice \u00een 2030. SUV-ul va fi un &#8222;nou concept de vehicul&#8221; pentru marc\u0103, care va oferi performan\u021be [&hellip;]","og_url":"https:\/\/welt-auto.ro\/porsche-ofera-imagini-cu-noile-vehicule-electrice-inclusiv-cu-un-suv-electric-emblematic\/","og_site_name":"Un altfel de Blog Auto - Welt-auto.ro","article_publisher":"https:\/\/www.facebook.com\/weltautor","article_published_time":"2023-03-13T19:28:38+00:00","article_modified_time":"2023-03-13T19:28:52+00:00","og_image":[{"width":792,"height":475,"url":"https:\/\/welt-auto.ro\/file\/2023\/03\/Porsche-Mission-R-1.webp","type":"image\/webp"}],"author":"Andrei Welther","twitter_card":"summary_large_image","twitter_misc":{"Scris de":"Andrei Welther","Timp estimat pentru citire":"4 minute"},"schema":{"@context":"https:\/\/schema.org","@graph":[{"@type":"WebPage","@id":"https:\/\/welt-auto.ro\/porsche-ofera-imagini-cu-noile-vehicule-electrice-inclusiv-cu-un-suv-electric-emblematic\/","url":"https:\/\/welt-auto.ro\/porsche-ofera-imagini-cu-noile-vehicule-electrice-inclusiv-cu-un-suv-electric-emblematic\/","name":"Porsche ofer\u0103 imagini cu noile vehicule electrice, inclusiv cu un SUV electric emblematic - Un altfel de Blog Auto - Welt-auto.ro","isPartOf":{"@id":"https:\/\/welt-auto.ro\/#website"},"primaryImageOfPage":{"@id":"https:\/\/welt-auto.ro\/porsche-ofera-imagini-cu-noile-vehicule-electrice-inclusiv-cu-un-suv-electric-emblematic\/#primaryimage"},"image":{"@id":"https:\/\/welt-auto.ro\/porsche-ofera-imagini-cu-noile-vehicule-electrice-inclusiv-cu-un-suv-electric-emblematic\/#primaryimage"},"thumbnailUrl":"https:\/\/welt-auto.ro\/file\/2023\/03\/Porsche-Mission-R-1.webp","datePublished":"2023-03-13T19:28:38+00:00","dateModified":"2023-03-13T19:28:52+00:00","author":{"@id":"https:\/\/welt-auto.ro\/#\/schema\/person\/69a640369c1548e5b5e04f610d3be559"},"breadcrumb":{"@id":"https:\/\/welt-auto.ro\/porsche-ofera-imagini-cu-noile-vehicule-electrice-inclusiv-cu-un-suv-electric-emblematic\/#breadcrumb"},"inLanguage":"ro-RO","potentialAction":[{"@type":"ReadAction","target":["https:\/\/welt-auto.ro\/porsche-ofera-imagini-cu-noile-vehicule-electrice-inclusiv-cu-un-suv-electric-emblematic\/"]}]},{"@type":"ImageObject","inLanguage":"ro-RO","@id":"https:\/\/welt-auto.ro\/porsche-ofera-imagini-cu-noile-vehicule-electrice-inclusiv-cu-un-suv-electric-emblematic\/#primaryimage","url":"https:\/\/welt-auto.ro\/file\/2023\/03\/Porsche-Mission-R-1.webp","contentUrl":"https:\/\/welt-auto.ro\/file\/2023\/03\/Porsche-Mission-R-1.webp","width":792,"height":475,"caption":"Crossoverul emblematic al Porsche, cu numele de cod K1, ar trebui s\u0103 \u00eencorporeze tehnologia v\u0103zut\u0103 pe conceptul Mission R (foto)."},{"@type":"BreadcrumbList","@id":"https:\/\/welt-auto.ro\/porsche-ofera-imagini-cu-noile-vehicule-electrice-inclusiv-cu-un-suv-electric-emblematic\/#breadcrumb","itemListElement":[{"@type":"ListItem","position":1,"name":"Prima pagin\u0103","item":"https:\/\/welt-auto.ro\/"},{"@type":"ListItem","position":2,"name":"Porsche ofer\u0103 imagini cu noile vehicule electrice, inclusiv cu un SUV electric emblematic"}]},{"@type":"WebSite","@id":"https:\/\/welt-auto.ro\/#website","url":"https:\/\/welt-auto.ro\/","name":"Un altfel de Blog Auto - Welt-auto.ro","description":"Un altfel de blog auto -afla acum detalii din lumea auto","potentialAction":[{"@type":"SearchAction","target":{"@type":"EntryPoint","urlTemplate":"https:\/\/welt-auto.ro\/?s={search_term_string}"},"query-input":"required name=search_term_string"}],"inLanguage":"ro-RO"},{"@type":"Person","@id":"https:\/\/welt-auto.ro\/#\/schema\/person\/69a640369c1548e5b5e04f610d3be559","name":"Andrei Welther","image":{"@type":"ImageObject","inLanguage":"ro-RO","@id":"https:\/\/welt-auto.ro\/#\/schema\/person\/image\/","url":"https:\/\/secure.gravatar.com\/avatar\/bd4a792415fb39fa51798d58ac2f37a43840d82d0caaa90a29f315aec4e6d416?s=96&d=mm&r=g","contentUrl":"https:\/\/secure.gravatar.com\/avatar\/bd4a792415fb39fa51798d58ac2f37a43840d82d0caaa90a29f315aec4e6d416?s=96&d=mm&r=g","caption":"Andrei Welther"},"sameAs":["https:\/\/weltcars.com"],"url":"https:\/\/welt-auto.ro\/profile\/weltandrei\/"}]}},"_links":{"self":[{"href":"https:\/\/welt-auto.ro\/rest\/wp\/v2\/posts\/1129","targetHints":{"allow":["GET"]}}],"collection":[{"href":"https:\/\/welt-auto.ro\/rest\/wp\/v2\/posts"}],"about":[{"href":"https:\/\/welt-auto.ro\/rest\/wp\/v2\/types\/post"}],"author":[{"embeddable":true,"href":"https:\/\/welt-auto.ro\/rest\/wp\/v2\/users\/2"}],"replies":[{"embeddable":true,"href":"https:\/\/welt-auto.ro\/rest\/wp\/v2\/comments?post=1129"}],"version-history":[{"count":1,"href":"https:\/\/welt-auto.ro\/rest\/wp\/v2\/posts\/1129\/revisions"}],"predecessor-version":[{"id":1133,"href":"https:\/\/welt-auto.ro\/rest\/wp\/v2\/posts\/1129\/revisions\/1133"}],"wp:featuredmedia":[{"embeddable":true,"href":"https:\/\/welt-auto.ro\/rest\/wp\/v2\/media\/1131"}],"wp:attachment":[{"href":"https:\/\/welt-auto.ro\/rest\/wp\/v2\/media?parent=1129"}],"wp:term":[{"taxonomy":"category","embeddable":true,"href":"https:\/\/welt-auto.ro\/rest\/wp\/v2\/categories?post=1129"},{"taxonomy":"post_tag","embeddable":true,"href":"https:\/\/welt-auto.ro\/rest\/wp\/v2\/tags?post=1129"}],"curies":[{"name":"wp","href":"https:\/\/api.w.org\/{rel}","templated":true}]}}