{"id":1178,"date":"2023-04-04T11:28:01","date_gmt":"2023-04-04T11:28:01","guid":{"rendered":"https:\/\/welt-auto.ro\/?p=1178"},"modified":"2023-04-04T11:29:36","modified_gmt":"2023-04-04T11:29:36","slug":"tesla-introduce-al-treilea-schimb-la-uzina-din-europa","status":"publish","type":"post","link":"https:\/\/welt-auto.ro\/tesla-introduce-al-treilea-schimb-la-uzina-din-europa\/","title":{"rendered":"Tesla introduce al treilea schimb la uzina din Europa"},"content":{"rendered":"<figure id=\"attachment_1179\" aria-describedby=\"caption-attachment-1179\" style=\"width: 900px\" class=\"wp-caption aligncenter\"><img loading=\"lazy\" decoding=\"async\" class=\"size-full wp-image-1179\" src=\"https:\/\/welt-auto.ro\/file\/2023\/04\/Tesla-Berlin-factory-Rtrs-web.jpg\" alt=\"Productie Tesla Europa\" width=\"900\" height=\"598\" srcset=\"https:\/\/welt-auto.ro\/file\/2023\/04\/Tesla-Berlin-factory-Rtrs-web.jpg 900w, https:\/\/welt-auto.ro\/file\/2023\/04\/Tesla-Berlin-factory-Rtrs-web-300x199.jpg 300w, https:\/\/welt-auto.ro\/file\/2023\/04\/Tesla-Berlin-factory-Rtrs-web-768x510.jpg 768w, https:\/\/welt-auto.ro\/file\/2023\/04\/Tesla-Berlin-factory-Rtrs-web-632x420.jpg 632w, https:\/\/welt-auto.ro\/file\/2023\/04\/Tesla-Berlin-factory-Rtrs-web-640x425.jpg 640w, https:\/\/welt-auto.ro\/file\/2023\/04\/Tesla-Berlin-factory-Rtrs-web-681x452.jpg 681w\" sizes=\"auto, (max-width: 900px) 100vw, 900px\" \/><figcaption id=\"caption-attachment-1179\" class=\"wp-caption-text\">Ma\u0219inile Tesla Model Y sunt fotografiate la uzina Tesla din Germania, l\u00e2ng\u0103 Berlin.<\/figcaption><\/figure>\n<p>Uzina <a href=\"https:\/\/welt-auto.ro\/search\/Tesla\">Tesla<\/a> din Gruenheide, \u00een apropiere de Berlin, produce \u00een prezent \u00een trei schimburi, \u00een timp ce produc\u0103torul de vehicule electrice continu\u0103 s\u0103 \u00ee\u0219i intensifice produc\u021bia european\u0103.<\/p>\n<p>Introducerea celui de-al treilea schimb a fost preg\u0103tit\u0103 \u00eenc\u0103 din decembrie \u0219i a fost introdus\u0103 acum, a relatat postul de televiziune berlinez rbb.<\/p>\n<p>Lucr\u0103torii califica\u021bi pentru cel de-al treilea schimb au fost g\u0103si\u021bi, a declarat pentru rbb Jochem Freyer, \u0219eful agen\u021biei locale de stat pentru ocuparea <a href=\"https:\/\/welt-auto.ro\/search\/locuri+de+munca\">for\u021bei de munc\u0103<\/a>. \u00cen prezent se caut\u0103 doar muncitori califica\u021bi individuali.<\/p>\n<p>Freyer se a\u0219teapt\u0103 ca Tesla s\u0103 introduc\u0103 un al patrulea schimb la sf\u00e2r\u0219it de s\u0103pt\u0103m\u00e2n\u0103.<\/p>\n<p>Uzina are \u00een prezent aproximativ 10.000 de angaja\u021bi \u0219i construie\u0219te aproximativ 5.000 de vehicule pe s\u0103pt\u0103m\u00e2n\u0103. Acest lucru corespunde unei capacit\u0103\u021bi anuale de 250.000 de ma\u0219ini.<\/p>\n<p>\u021ainta directorului general al Tesla, Elon Musk, pentru produc\u021bia anual\u0103 este de 500.000 de vehicule. De \u00eendat\u0103 ce acest obiectiv va fi atins, produc\u0103torul auto inten\u021bioneaz\u0103 s\u0103 extind\u0103 fabrica. Pe termen lung, obiectivul este o produc\u021bie de un milion de ma\u0219ini pe an.<\/p>\n<p>Planurile \u00een acest sens vor fi f\u0103cute publice joi pentru a lua \u00een considerare obiec\u021biile, potrivit ziarului M\u00e4rkischer Oderzeitung.<\/p>\n<p>Tesla a raportat livr\u0103ri globale record de 422.875 de vehicule \u00een primele trei luni, dup\u0103 ce a redus pre\u021burile cu p\u00e2n\u0103 la 20% \u00een ianuarie.<\/p>\n","protected":false},"excerpt":{"rendered":"<p>Uzina Tesla din Gruenheide, \u00een apropiere de Berlin, produce \u00een prezent \u00een trei schimburi, \u00een timp ce produc\u0103torul de vehicule electrice continu\u0103 s\u0103 \u00ee\u0219i intensifice produc\u021bia european\u0103. Introducerea celui de-al treilea schimb a fost preg\u0103tit\u0103 \u00eenc\u0103 din decembrie \u0219i a fost introdus\u0103 acum, a relatat postul de televiziune berlinez rbb. Lucr\u0103torii califica\u021bi pentru cel de-al [&hellip;]<\/p>\n","protected":false},"author":2,"featured_media":1179,"comment_status":"open","ping_status":"open","sticky":false,"template":"","format":"standard","meta":{"footnotes":""},"categories":[17],"tags":[220,313,175],"class_list":["post-1178","post","type-post","status-publish","format-standard","has-post-thumbnail","hentry","category-modele-noi-auto","tag-berlin","tag-locuri-de-munca","tag-tesla"],"yoast_head":"<!-- This site is optimized with the Yoast SEO plugin v23.1 - https:\/\/yoast.com\/wordpress\/plugins\/seo\/ -->\n<title>Tesla introduce al treilea schimb la uzina din Europa - Un altfel de Blog Auto - Welt-auto.ro<\/title>\n<meta name=\"robots\" content=\"index, follow, max-snippet:-1, max-image-preview:large, max-video-preview:-1\" \/>\n<link rel=\"canonical\" href=\"https:\/\/welt-auto.ro\/tesla-introduce-al-treilea-schimb-la-uzina-din-europa\/\" \/>\n<meta property=\"og:locale\" content=\"ro_RO\" \/>\n<meta property=\"og:type\" content=\"article\" \/>\n<meta property=\"og:title\" content=\"Tesla introduce al treilea schimb la uzina din Europa - Un altfel de Blog Auto - Welt-auto.ro\" \/>\n<meta property=\"og:description\" content=\"Uzina Tesla din Gruenheide, \u00een apropiere de Berlin, produce \u00een prezent \u00een trei schimburi, \u00een timp ce produc\u0103torul de vehicule electrice continu\u0103 s\u0103 \u00ee\u0219i intensifice produc\u021bia european\u0103. Introducerea celui de-al treilea schimb a fost preg\u0103tit\u0103 \u00eenc\u0103 din decembrie \u0219i a fost introdus\u0103 acum, a relatat postul de televiziune berlinez rbb. Lucr\u0103torii califica\u021bi pentru cel de-al [&hellip;]\" \/>\n<meta property=\"og:url\" content=\"https:\/\/welt-auto.ro\/tesla-introduce-al-treilea-schimb-la-uzina-din-europa\/\" \/>\n<meta property=\"og:site_name\" content=\"Un altfel de Blog Auto - Welt-auto.ro\" \/>\n<meta property=\"article:publisher\" content=\"https:\/\/www.facebook.com\/weltautor\" \/>\n<meta property=\"article:published_time\" content=\"2023-04-04T11:28:01+00:00\" \/>\n<meta property=\"article:modified_time\" content=\"2023-04-04T11:29:36+00:00\" \/>\n<meta property=\"og:image\" content=\"https:\/\/welt-auto.ro\/file\/2023\/04\/Tesla-Berlin-factory-Rtrs-web.jpg\" \/>\n\t<meta property=\"og:image:width\" content=\"900\" \/>\n\t<meta property=\"og:image:height\" content=\"598\" \/>\n\t<meta property=\"og:image:type\" content=\"image\/jpeg\" \/>\n<meta name=\"author\" content=\"Andrei Welther\" \/>\n<meta name=\"twitter:card\" content=\"summary_large_image\" \/>\n<meta name=\"twitter:label1\" content=\"Scris de\" \/>\n\t<meta name=\"twitter:data1\" content=\"Andrei Welther\" \/>\n\t<meta name=\"twitter:label2\" content=\"Timp estimat pentru citire\" \/>\n\t<meta name=\"twitter:data2\" content=\"1 minut\" \/>\n<script type=\"application\/ld+json\" class=\"yoast-schema-graph\">{\"@context\":\"https:\/\/schema.org\",\"@graph\":[{\"@type\":\"WebPage\",\"@id\":\"https:\/\/welt-auto.ro\/tesla-introduce-al-treilea-schimb-la-uzina-din-europa\/\",\"url\":\"https:\/\/welt-auto.ro\/tesla-introduce-al-treilea-schimb-la-uzina-din-europa\/\",\"name\":\"Tesla introduce al treilea schimb la uzina din Europa - Un altfel de Blog Auto - Welt-auto.ro\",\"isPartOf\":{\"@id\":\"https:\/\/welt-auto.ro\/#website\"},\"primaryImageOfPage\":{\"@id\":\"https:\/\/welt-auto.ro\/tesla-introduce-al-treilea-schimb-la-uzina-din-europa\/#primaryimage\"},\"image\":{\"@id\":\"https:\/\/welt-auto.ro\/tesla-introduce-al-treilea-schimb-la-uzina-din-europa\/#primaryimage\"},\"thumbnailUrl\":\"https:\/\/welt-auto.ro\/file\/2023\/04\/Tesla-Berlin-factory-Rtrs-web.jpg\",\"datePublished\":\"2023-04-04T11:28:01+00:00\",\"dateModified\":\"2023-04-04T11:29:36+00:00\",\"author\":{\"@id\":\"https:\/\/welt-auto.ro\/#\/schema\/person\/69a640369c1548e5b5e04f610d3be559\"},\"breadcrumb\":{\"@id\":\"https:\/\/welt-auto.ro\/tesla-introduce-al-treilea-schimb-la-uzina-din-europa\/#breadcrumb\"},\"inLanguage\":\"ro-RO\",\"potentialAction\":[{\"@type\":\"ReadAction\",\"target\":[\"https:\/\/welt-auto.ro\/tesla-introduce-al-treilea-schimb-la-uzina-din-europa\/\"]}]},{\"@type\":\"ImageObject\",\"inLanguage\":\"ro-RO\",\"@id\":\"https:\/\/welt-auto.ro\/tesla-introduce-al-treilea-schimb-la-uzina-din-europa\/#primaryimage\",\"url\":\"https:\/\/welt-auto.ro\/file\/2023\/04\/Tesla-Berlin-factory-Rtrs-web.jpg\",\"contentUrl\":\"https:\/\/welt-auto.ro\/file\/2023\/04\/Tesla-Berlin-factory-Rtrs-web.jpg\",\"width\":900,\"height\":598,\"caption\":\"Ma\u0219inile Tesla Model Y sunt fotografiate la uzina Tesla din Germania, l\u00e2ng\u0103 Berlin.\"},{\"@type\":\"BreadcrumbList\",\"@id\":\"https:\/\/welt-auto.ro\/tesla-introduce-al-treilea-schimb-la-uzina-din-europa\/#breadcrumb\",\"itemListElement\":[{\"@type\":\"ListItem\",\"position\":1,\"name\":\"Prima pagin\u0103\",\"item\":\"https:\/\/welt-auto.ro\/\"},{\"@type\":\"ListItem\",\"position\":2,\"name\":\"Tesla introduce al treilea schimb la uzina din Europa\"}]},{\"@type\":\"WebSite\",\"@id\":\"https:\/\/welt-auto.ro\/#website\",\"url\":\"https:\/\/welt-auto.ro\/\",\"name\":\"Un altfel de Blog Auto - Welt-auto.ro\",\"description\":\"Un altfel de blog auto -afla acum detalii din lumea auto\",\"potentialAction\":[{\"@type\":\"SearchAction\",\"target\":{\"@type\":\"EntryPoint\",\"urlTemplate\":\"https:\/\/welt-auto.ro\/?s={search_term_string}\"},\"query-input\":\"required name=search_term_string\"}],\"inLanguage\":\"ro-RO\"},{\"@type\":\"Person\",\"@id\":\"https:\/\/welt-auto.ro\/#\/schema\/person\/69a640369c1548e5b5e04f610d3be559\",\"name\":\"Andrei Welther\",\"image\":{\"@type\":\"ImageObject\",\"inLanguage\":\"ro-RO\",\"@id\":\"https:\/\/welt-auto.ro\/#\/schema\/person\/image\/\",\"url\":\"https:\/\/secure.gravatar.com\/avatar\/bd4a792415fb39fa51798d58ac2f37a43840d82d0caaa90a29f315aec4e6d416?s=96&d=mm&r=g\",\"contentUrl\":\"https:\/\/secure.gravatar.com\/avatar\/bd4a792415fb39fa51798d58ac2f37a43840d82d0caaa90a29f315aec4e6d416?s=96&d=mm&r=g\",\"caption\":\"Andrei Welther\"},\"sameAs\":[\"https:\/\/weltcars.com\"],\"url\":\"https:\/\/welt-auto.ro\/profile\/weltandrei\/\"}]}<\/script>\n<!-- \/ Yoast SEO plugin. -->","yoast_head_json":{"title":"Tesla introduce al treilea schimb la uzina din Europa - Un altfel de Blog Auto - Welt-auto.ro","robots":{"index":"index","follow":"follow","max-snippet":"max-snippet:-1","max-image-preview":"max-image-preview:large","max-video-preview":"max-video-preview:-1"},"canonical":"https:\/\/welt-auto.ro\/tesla-introduce-al-treilea-schimb-la-uzina-din-europa\/","og_locale":"ro_RO","og_type":"article","og_title":"Tesla introduce al treilea schimb la uzina din Europa - Un altfel de Blog Auto - Welt-auto.ro","og_description":"Uzina Tesla din Gruenheide, \u00een apropiere de Berlin, produce \u00een prezent \u00een trei schimburi, \u00een timp ce produc\u0103torul de vehicule electrice continu\u0103 s\u0103 \u00ee\u0219i intensifice produc\u021bia european\u0103. Introducerea celui de-al treilea schimb a fost preg\u0103tit\u0103 \u00eenc\u0103 din decembrie \u0219i a fost introdus\u0103 acum, a relatat postul de televiziune berlinez rbb. Lucr\u0103torii califica\u021bi pentru cel de-al [&hellip;]","og_url":"https:\/\/welt-auto.ro\/tesla-introduce-al-treilea-schimb-la-uzina-din-europa\/","og_site_name":"Un altfel de Blog Auto - Welt-auto.ro","article_publisher":"https:\/\/www.facebook.com\/weltautor","article_published_time":"2023-04-04T11:28:01+00:00","article_modified_time":"2023-04-04T11:29:36+00:00","og_image":[{"width":900,"height":598,"url":"https:\/\/welt-auto.ro\/file\/2023\/04\/Tesla-Berlin-factory-Rtrs-web.jpg","type":"image\/jpeg"}],"author":"Andrei Welther","twitter_card":"summary_large_image","twitter_misc":{"Scris de":"Andrei Welther","Timp estimat pentru citire":"1 minut"},"schema":{"@context":"https:\/\/schema.org","@graph":[{"@type":"WebPage","@id":"https:\/\/welt-auto.ro\/tesla-introduce-al-treilea-schimb-la-uzina-din-europa\/","url":"https:\/\/welt-auto.ro\/tesla-introduce-al-treilea-schimb-la-uzina-din-europa\/","name":"Tesla introduce al treilea schimb la uzina din Europa - Un altfel de Blog Auto - Welt-auto.ro","isPartOf":{"@id":"https:\/\/welt-auto.ro\/#website"},"primaryImageOfPage":{"@id":"https:\/\/welt-auto.ro\/tesla-introduce-al-treilea-schimb-la-uzina-din-europa\/#primaryimage"},"image":{"@id":"https:\/\/welt-auto.ro\/tesla-introduce-al-treilea-schimb-la-uzina-din-europa\/#primaryimage"},"thumbnailUrl":"https:\/\/welt-auto.ro\/file\/2023\/04\/Tesla-Berlin-factory-Rtrs-web.jpg","datePublished":"2023-04-04T11:28:01+00:00","dateModified":"2023-04-04T11:29:36+00:00","author":{"@id":"https:\/\/welt-auto.ro\/#\/schema\/person\/69a640369c1548e5b5e04f610d3be559"},"breadcrumb":{"@id":"https:\/\/welt-auto.ro\/tesla-introduce-al-treilea-schimb-la-uzina-din-europa\/#breadcrumb"},"inLanguage":"ro-RO","potentialAction":[{"@type":"ReadAction","target":["https:\/\/welt-auto.ro\/tesla-introduce-al-treilea-schimb-la-uzina-din-europa\/"]}]},{"@type":"ImageObject","inLanguage":"ro-RO","@id":"https:\/\/welt-auto.ro\/tesla-introduce-al-treilea-schimb-la-uzina-din-europa\/#primaryimage","url":"https:\/\/welt-auto.ro\/file\/2023\/04\/Tesla-Berlin-factory-Rtrs-web.jpg","contentUrl":"https:\/\/welt-auto.ro\/file\/2023\/04\/Tesla-Berlin-factory-Rtrs-web.jpg","width":900,"height":598,"caption":"Ma\u0219inile Tesla Model Y sunt fotografiate la uzina Tesla din Germania, l\u00e2ng\u0103 Berlin."},{"@type":"BreadcrumbList","@id":"https:\/\/welt-auto.ro\/tesla-introduce-al-treilea-schimb-la-uzina-din-europa\/#breadcrumb","itemListElement":[{"@type":"ListItem","position":1,"name":"Prima pagin\u0103","item":"https:\/\/welt-auto.ro\/"},{"@type":"ListItem","position":2,"name":"Tesla introduce al treilea schimb la uzina din Europa"}]},{"@type":"WebSite","@id":"https:\/\/welt-auto.ro\/#website","url":"https:\/\/welt-auto.ro\/","name":"Un altfel de Blog Auto - Welt-auto.ro","description":"Un altfel de blog auto -afla acum detalii din lumea auto","potentialAction":[{"@type":"SearchAction","target":{"@type":"EntryPoint","urlTemplate":"https:\/\/welt-auto.ro\/?s={search_term_string}"},"query-input":"required name=search_term_string"}],"inLanguage":"ro-RO"},{"@type":"Person","@id":"https:\/\/welt-auto.ro\/#\/schema\/person\/69a640369c1548e5b5e04f610d3be559","name":"Andrei Welther","image":{"@type":"ImageObject","inLanguage":"ro-RO","@id":"https:\/\/welt-auto.ro\/#\/schema\/person\/image\/","url":"https:\/\/secure.gravatar.com\/avatar\/bd4a792415fb39fa51798d58ac2f37a43840d82d0caaa90a29f315aec4e6d416?s=96&d=mm&r=g","contentUrl":"https:\/\/secure.gravatar.com\/avatar\/bd4a792415fb39fa51798d58ac2f37a43840d82d0caaa90a29f315aec4e6d416?s=96&d=mm&r=g","caption":"Andrei Welther"},"sameAs":["https:\/\/weltcars.com"],"url":"https:\/\/welt-auto.ro\/profile\/weltandrei\/"}]}},"_links":{"self":[{"href":"https:\/\/welt-auto.ro\/rest\/wp\/v2\/posts\/1178","targetHints":{"allow":["GET"]}}],"collection":[{"href":"https:\/\/welt-auto.ro\/rest\/wp\/v2\/posts"}],"about":[{"href":"https:\/\/welt-auto.ro\/rest\/wp\/v2\/types\/post"}],"author":[{"embeddable":true,"href":"https:\/\/welt-auto.ro\/rest\/wp\/v2\/users\/2"}],"replies":[{"embeddable":true,"href":"https:\/\/welt-auto.ro\/rest\/wp\/v2\/comments?post=1178"}],"version-history":[{"count":1,"href":"https:\/\/welt-auto.ro\/rest\/wp\/v2\/posts\/1178\/revisions"}],"predecessor-version":[{"id":1180,"href":"https:\/\/welt-auto.ro\/rest\/wp\/v2\/posts\/1178\/revisions\/1180"}],"wp:featuredmedia":[{"embeddable":true,"href":"https:\/\/welt-auto.ro\/rest\/wp\/v2\/media\/1179"}],"wp:attachment":[{"href":"https:\/\/welt-auto.ro\/rest\/wp\/v2\/media?parent=1178"}],"wp:term":[{"taxonomy":"category","embeddable":true,"href":"https:\/\/welt-auto.ro\/rest\/wp\/v2\/categories?post=1178"},{"taxonomy":"post_tag","embeddable":true,"href":"https:\/\/welt-auto.ro\/rest\/wp\/v2\/tags?post=1178"}],"curies":[{"name":"wp","href":"https:\/\/api.w.org\/{rel}","templated":true}]}}