{"id":1181,"date":"2023-04-04T11:32:19","date_gmt":"2023-04-04T11:32:19","guid":{"rendered":"https:\/\/welt-auto.ro\/?p=1181"},"modified":"2023-04-04T11:32:28","modified_gmt":"2023-04-04T11:32:28","slug":"ue-planuieste-norme-pentru-un-acces-echitabil-la-datele-privind-masinile-conectate","status":"publish","type":"post","link":"https:\/\/welt-auto.ro\/ue-planuieste-norme-pentru-un-acces-echitabil-la-datele-privind-masinile-conectate\/","title":{"rendered":"UE pl\u0103nuie\u0219te norme pentru un acces echitabil la datele privind ma\u0219inile conectate"},"content":{"rendered":"<p><img loading=\"lazy\" decoding=\"async\" class=\"aligncenter size-full wp-image-1182\" src=\"https:\/\/welt-auto.ro\/file\/2023\/04\/8LEXUSCREEN-MAIN_i.jpg\" alt=\"Date auto pentru industrie\" width=\"1200\" height=\"740\" srcset=\"https:\/\/welt-auto.ro\/file\/2023\/04\/8LEXUSCREEN-MAIN_i.jpg 1200w, https:\/\/welt-auto.ro\/file\/2023\/04\/8LEXUSCREEN-MAIN_i-300x185.jpg 300w, https:\/\/welt-auto.ro\/file\/2023\/04\/8LEXUSCREEN-MAIN_i-1024x631.jpg 1024w, https:\/\/welt-auto.ro\/file\/2023\/04\/8LEXUSCREEN-MAIN_i-768x474.jpg 768w, https:\/\/welt-auto.ro\/file\/2023\/04\/8LEXUSCREEN-MAIN_i-681x420.jpg 681w, https:\/\/welt-auto.ro\/file\/2023\/04\/8LEXUSCREEN-MAIN_i-640x395.jpg 640w\" sizes=\"auto, (max-width: 1200px) 100vw, 1200px\" \/><\/p>\n<p>BRUXELLES &#8211; Comisia European\u0103 lucreaz\u0103 la elaborarea unor norme care s\u0103 asigure accesul echitabil al companiilor \u0219i al industriei la date valoroase privind autovehiculele, dar nu \u0219tie c\u00e2nd vor fi gata, a declarat luni un purt\u0103tor de cuv\u00e2nt, \u00een timp ce grupurile industriale se tem de concuren\u021ba neloial\u0103 din partea companiilor de tehnologie din SUA \u0219i China.<\/p>\n<p>Poten\u021bialul uria\u0219 al pie\u021bei automobilelor conectate, despre care firma de consultan\u021b\u0103 Fortune Business Insights spune c\u0103 ar putea cre\u0219te p\u00e2n\u0103 la 400 de miliarde de euro (435 de miliarde de dolari) p\u00e2n\u0103 \u00een 2030, a declan\u0219at o lupt\u0103 \u00eentre produc\u0103torii de automobile \u0219i utilizatorii industriali privind accesul la datele vehiculelor.<\/p>\n<p>Constructorii de automobile se uit\u0103 la produsele software bazate pe date \u0219i la serviciile de abonament care acoper\u0103 totul, de la obiceiurile de conducere la consumul de combustibil \u0219i uzura pneurilor, ca la urm\u0103toarea surs\u0103 de bani.<\/p>\n<p>Cu toate acestea, dreptul de proprietate asupra datelor nu este definit \u00een mod clar \u00een legisla\u021bia UE, ceea ce a dus la disputa actual\u0103 dintre produc\u0103torii de automobile \u0219i cei care doresc s\u0103 le acceseze.<\/p>\n<p>&#8222;Comisia lucreaz\u0103 la preg\u0103tirea unei propuneri specifice sectorului privind datele din vehicule. Aceasta va urm\u0103ri s\u0103 completeze propunerea de lege privind datele, publicat\u0103 \u00een februarie 2022&#8221;, a declarat un purt\u0103tor de cuv\u00e2nt al executivului UE pentru Reuters \u00eentr-un e-mail.<\/p>\n<p>&#8222;\u00cen acest stadiu, nu putem prejudeca con\u021binutul evalu\u0103rii finale a impactului \u0219i calendarul ulterior de adoptare.&#8221;<\/p>\n<p>S\u0103pt\u0103m\u00e2na trecut\u0103, grupurile de servicii auto au exercitat presiuni asupra Comisiei pentru a veni cu o propunere legislativ\u0103, \u00een condi\u021biile \u00een care companiile americane de tehnologie, precum Google, au \u00eencheiat acorduri cu General Motors \u0219i <a href=\"https:\/\/welt-auto.ro\/search\/Mercedes+Benz\">Mercedes Benz<\/a>.<\/p>\n<h3>Distribuitorii \u0219i produc\u0103torii de automobile din UE solicit\u0103 schimb\u0103ri<\/h3>\n<p>ACEA, grupul de lobby al constructorilor auto europeni, a declarat luna trecut\u0103 \u00eentr-un document de pozi\u021bie c\u0103 este &#8222;\u00eengrijorat de faptul c\u0103 unele dintre dispozi\u021biile propunerii (din februarie 2022) merg prea departe, impun\u00e2nd cerin\u021be care sunt pur \u0219i simplu imposibil de aplicat&#8221;.<\/p>\n<p>Acesta a recunoscut dreptul consumatorilor de a de\u021bine \u0219i de a \u00eemp\u0103rt\u0103\u0219i datele despre vehiculele lor, dar a spus c\u0103 cerin\u021bele din propunerea privind Legea privind datele &#8222;vor crea incertitudine juridic\u0103 cu privire la modul \u00een care vor fi tratate \u0219i \u00eemp\u0103rt\u0103\u0219ite ulterior datele sensibile din punct de vedere comercial, odat\u0103 ce vor fi dezv\u0103luite&#8221;.<\/p>\n<p>&#8222;Acest lucru va avea probabil un efect descurajator asupra cantit\u0103\u021bii \u0219i calit\u0103\u021bii datelor pe care \u00eentreprinderile le colecteaz\u0103 \u0219i le prelucreaz\u0103&#8221;, a ad\u0103ugat ACEA.<\/p>\n<p>Grupul european al dealerilor \u0219i furnizorilor de servicii CECRA a declarat luna trecut\u0103 c\u0103 legea privind datele, \u00een forma sa actual\u0103, &#8222;nu este suficient\u0103 pentru a crea o concuren\u021b\u0103 eficient\u0103 \u00een domeniul serviciilor de mobilitate \u0219i al serviciilor auto bazate pe date&#8221;.<\/p>\n<p>Propunerea ofer\u0103 utilizatorilor de vehicule dreptul de a pretinde accesul la astfel de date \u0219i de a le \u00eemp\u0103rt\u0103\u0219i cu p\u0103r\u021bi ter\u021be, cum ar fi atelierele de repara\u021bii, a remarcat CECRA \u00eentr-un document de pozi\u021bie, dar a ad\u0103ugat c\u0103 produc\u0103torii de automobile au acces la func\u021biile \u0219i resursele vehiculului, ceea ce nu au furnizorii de servicii independen\u021bi.<\/p>\n<p>&#8222;Acest lucru \u00eei \u00eempiedic\u0103 pe furnizorii independen\u021bi de servicii s\u0103 dezvolte \u0219i s\u0103 ofere servicii atractive \u0219i accesibile utilizatorilor finali \u00een condi\u021bii de egalitate&#8221;, a afirmat grupul.<\/p>\n","protected":false},"excerpt":{"rendered":"<p>BRUXELLES &#8211; Comisia European\u0103 lucreaz\u0103 la elaborarea unor norme care s\u0103 asigure accesul echitabil al companiilor \u0219i al industriei la date valoroase privind autovehiculele, dar nu \u0219tie c\u00e2nd vor fi gata, a declarat luni un purt\u0103tor de cuv\u00e2nt, \u00een timp ce grupurile industriale se tem de concuren\u021ba neloial\u0103 din partea companiilor de tehnologie din SUA [&hellip;]<\/p>\n","protected":false},"author":2,"featured_media":1182,"comment_status":"open","ping_status":"open","sticky":false,"template":"","format":"standard","meta":{"footnotes":""},"categories":[17],"tags":[329,328,330,64,44,331],"class_list":["post-1181","post","type-post","status-publish","format-standard","has-post-thumbnail","hentry","category-modele-noi-auto","tag-date-auto","tag-general-motors","tag-industria-auto","tag-mercedes","tag-mercedes-benz","tag-uniunea-europeana"],"yoast_head":"<!-- This site is optimized with the Yoast SEO plugin v23.1 - https:\/\/yoast.com\/wordpress\/plugins\/seo\/ -->\n<title>UE pl\u0103nuie\u0219te norme pentru un acces echitabil la datele privind ma\u0219inile conectate - Un altfel de Blog Auto - Welt-auto.ro<\/title>\n<meta name=\"robots\" content=\"index, follow, max-snippet:-1, max-image-preview:large, max-video-preview:-1\" \/>\n<link rel=\"canonical\" href=\"https:\/\/welt-auto.ro\/ue-planuieste-norme-pentru-un-acces-echitabil-la-datele-privind-masinile-conectate\/\" \/>\n<meta property=\"og:locale\" content=\"ro_RO\" \/>\n<meta property=\"og:type\" content=\"article\" \/>\n<meta property=\"og:title\" content=\"UE pl\u0103nuie\u0219te norme pentru un acces echitabil la datele privind ma\u0219inile conectate - Un altfel de Blog Auto - Welt-auto.ro\" \/>\n<meta property=\"og:description\" content=\"BRUXELLES &#8211; Comisia European\u0103 lucreaz\u0103 la elaborarea unor norme care s\u0103 asigure accesul echitabil al companiilor \u0219i al industriei la date valoroase privind autovehiculele, dar nu \u0219tie c\u00e2nd vor fi gata, a declarat luni un purt\u0103tor de cuv\u00e2nt, \u00een timp ce grupurile industriale se tem de concuren\u021ba neloial\u0103 din partea companiilor de tehnologie din SUA [&hellip;]\" \/>\n<meta property=\"og:url\" content=\"https:\/\/welt-auto.ro\/ue-planuieste-norme-pentru-un-acces-echitabil-la-datele-privind-masinile-conectate\/\" \/>\n<meta property=\"og:site_name\" content=\"Un altfel de Blog Auto - Welt-auto.ro\" \/>\n<meta property=\"article:publisher\" content=\"https:\/\/www.facebook.com\/weltautor\" \/>\n<meta property=\"article:published_time\" content=\"2023-04-04T11:32:19+00:00\" \/>\n<meta property=\"article:modified_time\" content=\"2023-04-04T11:32:28+00:00\" \/>\n<meta property=\"og:image\" content=\"https:\/\/welt-auto.ro\/file\/2023\/04\/8LEXUSCREEN-MAIN_i.jpg\" \/>\n\t<meta property=\"og:image:width\" content=\"1200\" \/>\n\t<meta property=\"og:image:height\" content=\"740\" \/>\n\t<meta property=\"og:image:type\" content=\"image\/jpeg\" \/>\n<meta name=\"author\" content=\"Andrei Welther\" \/>\n<meta name=\"twitter:card\" content=\"summary_large_image\" \/>\n<meta name=\"twitter:label1\" content=\"Scris de\" \/>\n\t<meta name=\"twitter:data1\" content=\"Andrei Welther\" \/>\n\t<meta name=\"twitter:label2\" content=\"Timp estimat pentru citire\" \/>\n\t<meta name=\"twitter:data2\" content=\"3 minute\" \/>\n<script type=\"application\/ld+json\" class=\"yoast-schema-graph\">{\"@context\":\"https:\/\/schema.org\",\"@graph\":[{\"@type\":\"WebPage\",\"@id\":\"https:\/\/welt-auto.ro\/ue-planuieste-norme-pentru-un-acces-echitabil-la-datele-privind-masinile-conectate\/\",\"url\":\"https:\/\/welt-auto.ro\/ue-planuieste-norme-pentru-un-acces-echitabil-la-datele-privind-masinile-conectate\/\",\"name\":\"UE pl\u0103nuie\u0219te norme pentru un acces echitabil la datele privind ma\u0219inile conectate - Un altfel de Blog Auto - Welt-auto.ro\",\"isPartOf\":{\"@id\":\"https:\/\/welt-auto.ro\/#website\"},\"primaryImageOfPage\":{\"@id\":\"https:\/\/welt-auto.ro\/ue-planuieste-norme-pentru-un-acces-echitabil-la-datele-privind-masinile-conectate\/#primaryimage\"},\"image\":{\"@id\":\"https:\/\/welt-auto.ro\/ue-planuieste-norme-pentru-un-acces-echitabil-la-datele-privind-masinile-conectate\/#primaryimage\"},\"thumbnailUrl\":\"https:\/\/welt-auto.ro\/file\/2023\/04\/8LEXUSCREEN-MAIN_i.jpg\",\"datePublished\":\"2023-04-04T11:32:19+00:00\",\"dateModified\":\"2023-04-04T11:32:28+00:00\",\"author\":{\"@id\":\"https:\/\/welt-auto.ro\/#\/schema\/person\/69a640369c1548e5b5e04f610d3be559\"},\"breadcrumb\":{\"@id\":\"https:\/\/welt-auto.ro\/ue-planuieste-norme-pentru-un-acces-echitabil-la-datele-privind-masinile-conectate\/#breadcrumb\"},\"inLanguage\":\"ro-RO\",\"potentialAction\":[{\"@type\":\"ReadAction\",\"target\":[\"https:\/\/welt-auto.ro\/ue-planuieste-norme-pentru-un-acces-echitabil-la-datele-privind-masinile-conectate\/\"]}]},{\"@type\":\"ImageObject\",\"inLanguage\":\"ro-RO\",\"@id\":\"https:\/\/welt-auto.ro\/ue-planuieste-norme-pentru-un-acces-echitabil-la-datele-privind-masinile-conectate\/#primaryimage\",\"url\":\"https:\/\/welt-auto.ro\/file\/2023\/04\/8LEXUSCREEN-MAIN_i.jpg\",\"contentUrl\":\"https:\/\/welt-auto.ro\/file\/2023\/04\/8LEXUSCREEN-MAIN_i.jpg\",\"width\":1200,\"height\":740,\"caption\":\"Date auto pentru industrie\"},{\"@type\":\"BreadcrumbList\",\"@id\":\"https:\/\/welt-auto.ro\/ue-planuieste-norme-pentru-un-acces-echitabil-la-datele-privind-masinile-conectate\/#breadcrumb\",\"itemListElement\":[{\"@type\":\"ListItem\",\"position\":1,\"name\":\"Prima pagin\u0103\",\"item\":\"https:\/\/welt-auto.ro\/\"},{\"@type\":\"ListItem\",\"position\":2,\"name\":\"UE pl\u0103nuie\u0219te norme pentru un acces echitabil la datele privind ma\u0219inile conectate\"}]},{\"@type\":\"WebSite\",\"@id\":\"https:\/\/welt-auto.ro\/#website\",\"url\":\"https:\/\/welt-auto.ro\/\",\"name\":\"Un altfel de Blog Auto - Welt-auto.ro\",\"description\":\"Un altfel de blog auto -afla acum detalii din lumea auto\",\"potentialAction\":[{\"@type\":\"SearchAction\",\"target\":{\"@type\":\"EntryPoint\",\"urlTemplate\":\"https:\/\/welt-auto.ro\/?s={search_term_string}\"},\"query-input\":\"required name=search_term_string\"}],\"inLanguage\":\"ro-RO\"},{\"@type\":\"Person\",\"@id\":\"https:\/\/welt-auto.ro\/#\/schema\/person\/69a640369c1548e5b5e04f610d3be559\",\"name\":\"Andrei Welther\",\"image\":{\"@type\":\"ImageObject\",\"inLanguage\":\"ro-RO\",\"@id\":\"https:\/\/welt-auto.ro\/#\/schema\/person\/image\/\",\"url\":\"https:\/\/secure.gravatar.com\/avatar\/bd4a792415fb39fa51798d58ac2f37a43840d82d0caaa90a29f315aec4e6d416?s=96&d=mm&r=g\",\"contentUrl\":\"https:\/\/secure.gravatar.com\/avatar\/bd4a792415fb39fa51798d58ac2f37a43840d82d0caaa90a29f315aec4e6d416?s=96&d=mm&r=g\",\"caption\":\"Andrei Welther\"},\"sameAs\":[\"https:\/\/weltcars.com\"],\"url\":\"https:\/\/welt-auto.ro\/profile\/weltandrei\/\"}]}<\/script>\n<!-- \/ Yoast SEO plugin. -->","yoast_head_json":{"title":"UE pl\u0103nuie\u0219te norme pentru un acces echitabil la datele privind ma\u0219inile conectate - Un altfel de Blog Auto - Welt-auto.ro","robots":{"index":"index","follow":"follow","max-snippet":"max-snippet:-1","max-image-preview":"max-image-preview:large","max-video-preview":"max-video-preview:-1"},"canonical":"https:\/\/welt-auto.ro\/ue-planuieste-norme-pentru-un-acces-echitabil-la-datele-privind-masinile-conectate\/","og_locale":"ro_RO","og_type":"article","og_title":"UE pl\u0103nuie\u0219te norme pentru un acces echitabil la datele privind ma\u0219inile conectate - Un altfel de Blog Auto - Welt-auto.ro","og_description":"BRUXELLES &#8211; Comisia European\u0103 lucreaz\u0103 la elaborarea unor norme care s\u0103 asigure accesul echitabil al companiilor \u0219i al industriei la date valoroase privind autovehiculele, dar nu \u0219tie c\u00e2nd vor fi gata, a declarat luni un purt\u0103tor de cuv\u00e2nt, \u00een timp ce grupurile industriale se tem de concuren\u021ba neloial\u0103 din partea companiilor de tehnologie din SUA [&hellip;]","og_url":"https:\/\/welt-auto.ro\/ue-planuieste-norme-pentru-un-acces-echitabil-la-datele-privind-masinile-conectate\/","og_site_name":"Un altfel de Blog Auto - Welt-auto.ro","article_publisher":"https:\/\/www.facebook.com\/weltautor","article_published_time":"2023-04-04T11:32:19+00:00","article_modified_time":"2023-04-04T11:32:28+00:00","og_image":[{"width":1200,"height":740,"url":"https:\/\/welt-auto.ro\/file\/2023\/04\/8LEXUSCREEN-MAIN_i.jpg","type":"image\/jpeg"}],"author":"Andrei Welther","twitter_card":"summary_large_image","twitter_misc":{"Scris de":"Andrei Welther","Timp estimat pentru citire":"3 minute"},"schema":{"@context":"https:\/\/schema.org","@graph":[{"@type":"WebPage","@id":"https:\/\/welt-auto.ro\/ue-planuieste-norme-pentru-un-acces-echitabil-la-datele-privind-masinile-conectate\/","url":"https:\/\/welt-auto.ro\/ue-planuieste-norme-pentru-un-acces-echitabil-la-datele-privind-masinile-conectate\/","name":"UE pl\u0103nuie\u0219te norme pentru un acces echitabil la datele privind ma\u0219inile conectate - Un altfel de Blog Auto - Welt-auto.ro","isPartOf":{"@id":"https:\/\/welt-auto.ro\/#website"},"primaryImageOfPage":{"@id":"https:\/\/welt-auto.ro\/ue-planuieste-norme-pentru-un-acces-echitabil-la-datele-privind-masinile-conectate\/#primaryimage"},"image":{"@id":"https:\/\/welt-auto.ro\/ue-planuieste-norme-pentru-un-acces-echitabil-la-datele-privind-masinile-conectate\/#primaryimage"},"thumbnailUrl":"https:\/\/welt-auto.ro\/file\/2023\/04\/8LEXUSCREEN-MAIN_i.jpg","datePublished":"2023-04-04T11:32:19+00:00","dateModified":"2023-04-04T11:32:28+00:00","author":{"@id":"https:\/\/welt-auto.ro\/#\/schema\/person\/69a640369c1548e5b5e04f610d3be559"},"breadcrumb":{"@id":"https:\/\/welt-auto.ro\/ue-planuieste-norme-pentru-un-acces-echitabil-la-datele-privind-masinile-conectate\/#breadcrumb"},"inLanguage":"ro-RO","potentialAction":[{"@type":"ReadAction","target":["https:\/\/welt-auto.ro\/ue-planuieste-norme-pentru-un-acces-echitabil-la-datele-privind-masinile-conectate\/"]}]},{"@type":"ImageObject","inLanguage":"ro-RO","@id":"https:\/\/welt-auto.ro\/ue-planuieste-norme-pentru-un-acces-echitabil-la-datele-privind-masinile-conectate\/#primaryimage","url":"https:\/\/welt-auto.ro\/file\/2023\/04\/8LEXUSCREEN-MAIN_i.jpg","contentUrl":"https:\/\/welt-auto.ro\/file\/2023\/04\/8LEXUSCREEN-MAIN_i.jpg","width":1200,"height":740,"caption":"Date auto pentru industrie"},{"@type":"BreadcrumbList","@id":"https:\/\/welt-auto.ro\/ue-planuieste-norme-pentru-un-acces-echitabil-la-datele-privind-masinile-conectate\/#breadcrumb","itemListElement":[{"@type":"ListItem","position":1,"name":"Prima pagin\u0103","item":"https:\/\/welt-auto.ro\/"},{"@type":"ListItem","position":2,"name":"UE pl\u0103nuie\u0219te norme pentru un acces echitabil la datele privind ma\u0219inile conectate"}]},{"@type":"WebSite","@id":"https:\/\/welt-auto.ro\/#website","url":"https:\/\/welt-auto.ro\/","name":"Un altfel de Blog Auto - Welt-auto.ro","description":"Un altfel de blog auto -afla acum detalii din lumea auto","potentialAction":[{"@type":"SearchAction","target":{"@type":"EntryPoint","urlTemplate":"https:\/\/welt-auto.ro\/?s={search_term_string}"},"query-input":"required name=search_term_string"}],"inLanguage":"ro-RO"},{"@type":"Person","@id":"https:\/\/welt-auto.ro\/#\/schema\/person\/69a640369c1548e5b5e04f610d3be559","name":"Andrei Welther","image":{"@type":"ImageObject","inLanguage":"ro-RO","@id":"https:\/\/welt-auto.ro\/#\/schema\/person\/image\/","url":"https:\/\/secure.gravatar.com\/avatar\/bd4a792415fb39fa51798d58ac2f37a43840d82d0caaa90a29f315aec4e6d416?s=96&d=mm&r=g","contentUrl":"https:\/\/secure.gravatar.com\/avatar\/bd4a792415fb39fa51798d58ac2f37a43840d82d0caaa90a29f315aec4e6d416?s=96&d=mm&r=g","caption":"Andrei Welther"},"sameAs":["https:\/\/weltcars.com"],"url":"https:\/\/welt-auto.ro\/profile\/weltandrei\/"}]}},"_links":{"self":[{"href":"https:\/\/welt-auto.ro\/rest\/wp\/v2\/posts\/1181","targetHints":{"allow":["GET"]}}],"collection":[{"href":"https:\/\/welt-auto.ro\/rest\/wp\/v2\/posts"}],"about":[{"href":"https:\/\/welt-auto.ro\/rest\/wp\/v2\/types\/post"}],"author":[{"embeddable":true,"href":"https:\/\/welt-auto.ro\/rest\/wp\/v2\/users\/2"}],"replies":[{"embeddable":true,"href":"https:\/\/welt-auto.ro\/rest\/wp\/v2\/comments?post=1181"}],"version-history":[{"count":1,"href":"https:\/\/welt-auto.ro\/rest\/wp\/v2\/posts\/1181\/revisions"}],"predecessor-version":[{"id":1183,"href":"https:\/\/welt-auto.ro\/rest\/wp\/v2\/posts\/1181\/revisions\/1183"}],"wp:featuredmedia":[{"embeddable":true,"href":"https:\/\/welt-auto.ro\/rest\/wp\/v2\/media\/1182"}],"wp:attachment":[{"href":"https:\/\/welt-auto.ro\/rest\/wp\/v2\/media?parent=1181"}],"wp:term":[{"taxonomy":"category","embeddable":true,"href":"https:\/\/welt-auto.ro\/rest\/wp\/v2\/categories?post=1181"},{"taxonomy":"post_tag","embeddable":true,"href":"https:\/\/welt-auto.ro\/rest\/wp\/v2\/tags?post=1181"}],"curies":[{"name":"wp","href":"https:\/\/api.w.org\/{rel}","templated":true}]}}