{"id":1218,"date":"2023-05-23T08:43:01","date_gmt":"2023-05-23T08:43:01","guid":{"rendered":"https:\/\/welt-auto.ro\/?p=1218"},"modified":"2023-05-23T08:43:11","modified_gmt":"2023-05-23T08:43:11","slug":"grupul-vw-incredinteaza-skoda-responsabilitatea-pentru-principalele-motoare-pe-benzina-tsi","status":"publish","type":"post","link":"https:\/\/welt-auto.ro\/grupul-vw-incredinteaza-skoda-responsabilitatea-pentru-principalele-motoare-pe-benzina-tsi\/","title":{"rendered":"Grupul VW \u00eencredin\u021beaz\u0103 Skoda responsabilitatea pentru principalele motoare pe benzin\u0103 TSI"},"content":{"rendered":"<figure id=\"attachment_1219\" aria-describedby=\"caption-attachment-1219\" style=\"width: 792px\" class=\"wp-caption aligncenter\"><a href=\"https:\/\/welt-auto.ro\/file\/2023\/05\/Skoda-Fabia-TSI.webp\"><img loading=\"lazy\" decoding=\"async\" class=\"size-full wp-image-1219\" src=\"https:\/\/welt-auto.ro\/file\/2023\/05\/Skoda-Fabia-TSI.webp\" alt=\"Skoda Fabia TSI\" width=\"792\" height=\"475\" srcset=\"https:\/\/welt-auto.ro\/file\/2023\/05\/Skoda-Fabia-TSI.webp 792w, https:\/\/welt-auto.ro\/file\/2023\/05\/Skoda-Fabia-TSI-300x180.webp 300w, https:\/\/welt-auto.ro\/file\/2023\/05\/Skoda-Fabia-TSI-768x461.webp 768w, https:\/\/welt-auto.ro\/file\/2023\/05\/Skoda-Fabia-TSI-700x420.webp 700w, https:\/\/welt-auto.ro\/file\/2023\/05\/Skoda-Fabia-TSI-640x384.webp 640w, https:\/\/welt-auto.ro\/file\/2023\/05\/Skoda-Fabia-TSI-681x408.webp 681w\" sizes=\"auto, (max-width: 792px) 100vw, 792px\" \/><\/a><figcaption id=\"caption-attachment-1219\" class=\"wp-caption-text\">Skoda folose\u0219te motoare TSI de 1,0 litri pe hatchback-ul mic Fabia.<\/figcaption><\/figure>\n<p>Pe m\u0103sur\u0103 ce Grupul Volkswagen \u00ee\u0219i spore\u0219te aten\u021bia asupra ma\u0219inilor electrice cu baterii, produc\u0103torul auto a \u00eencredin\u021bat m\u0103rcii Skoda responsabilitatea pentru dezvoltarea viitoare a motoarelor cu combustie intern\u0103 din seria EA 211 ale grupului.<\/p>\n<p>Motoarele vor echipa 50 de linii de modele din \u0219apte m\u0103rci ale Grupului VW, inclusiv VW, Audi \u0219i Cupra.<\/p>\n<p>\u00cen mod obi\u0219nuit,<a href=\"https:\/\/welt-auto.ro\/search\/Skoda\"> Skoda<\/a> prime\u0219te responsabilitatea grupului pentru tehnologiile auto mai vechi sau pentru cele axate pe pie\u021bele emergente, care sunt preocupate de costuri. De exemplu, marca este responsabil\u0103 de dezvoltarea fr\u00e2nelor cu tambur, precum \u0219i a platformei MQB A0 pentru automobile mici, destinat\u0103 Indiei \u0219i Asiei de sud-est.<\/p>\n<p>\u00cen prezent, Skoda supervizeaz\u0103 dezvoltarea versiunilor MPI cu aspira\u021bie natural\u0103 din gama EA 211, dar acum va fi responsabil\u0103 \u0219i de versiunile TSI turbo.<\/p>\n<p>Versiunile EA 211 TSI sunt disponibile \u00een formate cu trei \u0219i patru cilindri \u0219i au dimensiuni cuprinse \u00eentre 1,0 \u0219i 1,6 litri. Acestea sunt utilizate la modelele mild-hybrid, plug-in hybrid \u0219i non-electrificate \u0219i sunt montate pe majoritatea automobilelor Grupului VW v\u00e2ndute \u00een Europa.<\/p>\n<p>Skoda a declarat c\u0103 dezvoltatorii s\u0103i vor continua s\u0103 \u00eembun\u0103t\u0103\u021beasc\u0103 \u0219i s\u0103 adapteze motoarele la nevoile \u0219i reglement\u0103rile a zeci de pie\u021be globale.<\/p>\n<p>&#8222;Scopul este de a dezvolta motoare \u0219i mai puternice \u0219i mai eficiente din punct de vedere al consumului de combustibil, cu emisii mai reduse, pun\u00e2nd accentul pe fiabilitatea maxim\u0103&#8221;, a precizat marca.<\/p>\n<p>Skoda a \u00eenceput produc\u021bia motoarelor de 1,0 litri de tip MPI din seria EA 211 \u00een 2012 la sediul s\u0103u din Mlada Boleslav, \u00een Republica Ceh\u0103. La scurt timp dup\u0103 aceea, marca a fost \u00eens\u0103rcinat\u0103 cu dezvoltarea complet\u0103 a unit\u0103\u021bilor de propulsie MPI pentru VW Group.<\/p>\n<p>Skoda a dezvoltat motorul 1.2 HTP cu trei cilindri EA 111, precursorul modelului EA 211, care a fost instalat pe 3,5 milioane de ma\u0219ini ale Grupului VW \u00een cei 15 ani de produc\u021bie.<\/p>\n<p>&nbsp;<\/p>\n","protected":false},"excerpt":{"rendered":"<p>Pe m\u0103sur\u0103 ce Grupul Volkswagen \u00ee\u0219i spore\u0219te aten\u021bia asupra ma\u0219inilor electrice cu baterii, produc\u0103torul auto a \u00eencredin\u021bat m\u0103rcii Skoda responsabilitatea pentru dezvoltarea viitoare a motoarelor cu combustie intern\u0103 din seria EA 211 ale grupului. Motoarele vor echipa 50 de linii de modele din \u0219apte m\u0103rci ale Grupului VW, inclusiv VW, Audi \u0219i Cupra. \u00cen mod [&hellip;]<\/p>\n","protected":false},"author":2,"featured_media":1219,"comment_status":"open","ping_status":"open","sticky":false,"template":"","format":"standard","meta":{"footnotes":""},"categories":[17],"tags":[285,227,350,147],"class_list":["post-1218","post","type-post","status-publish","format-standard","has-post-thumbnail","hentry","category-modele-noi-auto","tag-motoare-benzina","tag-skoda","tag-tsi","tag-volkswagen"],"yoast_head":"<!-- This site is optimized with the Yoast SEO plugin v23.1 - https:\/\/yoast.com\/wordpress\/plugins\/seo\/ -->\n<title>Grupul VW \u00eencredin\u021beaz\u0103 Skoda responsabilitatea pentru principalele motoare pe benzin\u0103 TSI - Un altfel de Blog Auto - Welt-auto.ro<\/title>\n<meta name=\"robots\" content=\"index, follow, max-snippet:-1, max-image-preview:large, max-video-preview:-1\" \/>\n<link rel=\"canonical\" href=\"https:\/\/welt-auto.ro\/grupul-vw-incredinteaza-skoda-responsabilitatea-pentru-principalele-motoare-pe-benzina-tsi\/\" \/>\n<meta property=\"og:locale\" content=\"ro_RO\" \/>\n<meta property=\"og:type\" content=\"article\" \/>\n<meta property=\"og:title\" content=\"Grupul VW \u00eencredin\u021beaz\u0103 Skoda responsabilitatea pentru principalele motoare pe benzin\u0103 TSI - Un altfel de Blog Auto - Welt-auto.ro\" \/>\n<meta property=\"og:description\" content=\"Pe m\u0103sur\u0103 ce Grupul Volkswagen \u00ee\u0219i spore\u0219te aten\u021bia asupra ma\u0219inilor electrice cu baterii, produc\u0103torul auto a \u00eencredin\u021bat m\u0103rcii Skoda responsabilitatea pentru dezvoltarea viitoare a motoarelor cu combustie intern\u0103 din seria EA 211 ale grupului. Motoarele vor echipa 50 de linii de modele din \u0219apte m\u0103rci ale Grupului VW, inclusiv VW, Audi \u0219i Cupra. \u00cen mod [&hellip;]\" \/>\n<meta property=\"og:url\" content=\"https:\/\/welt-auto.ro\/grupul-vw-incredinteaza-skoda-responsabilitatea-pentru-principalele-motoare-pe-benzina-tsi\/\" \/>\n<meta property=\"og:site_name\" content=\"Un altfel de Blog Auto - Welt-auto.ro\" \/>\n<meta property=\"article:publisher\" content=\"https:\/\/www.facebook.com\/weltautor\" \/>\n<meta property=\"article:published_time\" content=\"2023-05-23T08:43:01+00:00\" \/>\n<meta property=\"article:modified_time\" content=\"2023-05-23T08:43:11+00:00\" \/>\n<meta property=\"og:image\" content=\"https:\/\/welt-auto.ro\/file\/2023\/05\/Skoda-Fabia-TSI.webp\" \/>\n\t<meta property=\"og:image:width\" content=\"792\" \/>\n\t<meta property=\"og:image:height\" content=\"475\" \/>\n\t<meta property=\"og:image:type\" content=\"image\/webp\" \/>\n<meta name=\"author\" content=\"Andrei Welther\" \/>\n<meta name=\"twitter:card\" content=\"summary_large_image\" \/>\n<meta name=\"twitter:label1\" content=\"Scris de\" \/>\n\t<meta name=\"twitter:data1\" content=\"Andrei Welther\" \/>\n\t<meta name=\"twitter:label2\" content=\"Timp estimat pentru citire\" \/>\n\t<meta name=\"twitter:data2\" content=\"2 minute\" \/>\n<script type=\"application\/ld+json\" class=\"yoast-schema-graph\">{\"@context\":\"https:\/\/schema.org\",\"@graph\":[{\"@type\":\"WebPage\",\"@id\":\"https:\/\/welt-auto.ro\/grupul-vw-incredinteaza-skoda-responsabilitatea-pentru-principalele-motoare-pe-benzina-tsi\/\",\"url\":\"https:\/\/welt-auto.ro\/grupul-vw-incredinteaza-skoda-responsabilitatea-pentru-principalele-motoare-pe-benzina-tsi\/\",\"name\":\"Grupul VW \u00eencredin\u021beaz\u0103 Skoda responsabilitatea pentru principalele motoare pe benzin\u0103 TSI - Un altfel de Blog Auto - Welt-auto.ro\",\"isPartOf\":{\"@id\":\"https:\/\/welt-auto.ro\/#website\"},\"primaryImageOfPage\":{\"@id\":\"https:\/\/welt-auto.ro\/grupul-vw-incredinteaza-skoda-responsabilitatea-pentru-principalele-motoare-pe-benzina-tsi\/#primaryimage\"},\"image\":{\"@id\":\"https:\/\/welt-auto.ro\/grupul-vw-incredinteaza-skoda-responsabilitatea-pentru-principalele-motoare-pe-benzina-tsi\/#primaryimage\"},\"thumbnailUrl\":\"https:\/\/welt-auto.ro\/file\/2023\/05\/Skoda-Fabia-TSI.webp\",\"datePublished\":\"2023-05-23T08:43:01+00:00\",\"dateModified\":\"2023-05-23T08:43:11+00:00\",\"author\":{\"@id\":\"https:\/\/welt-auto.ro\/#\/schema\/person\/69a640369c1548e5b5e04f610d3be559\"},\"breadcrumb\":{\"@id\":\"https:\/\/welt-auto.ro\/grupul-vw-incredinteaza-skoda-responsabilitatea-pentru-principalele-motoare-pe-benzina-tsi\/#breadcrumb\"},\"inLanguage\":\"ro-RO\",\"potentialAction\":[{\"@type\":\"ReadAction\",\"target\":[\"https:\/\/welt-auto.ro\/grupul-vw-incredinteaza-skoda-responsabilitatea-pentru-principalele-motoare-pe-benzina-tsi\/\"]}]},{\"@type\":\"ImageObject\",\"inLanguage\":\"ro-RO\",\"@id\":\"https:\/\/welt-auto.ro\/grupul-vw-incredinteaza-skoda-responsabilitatea-pentru-principalele-motoare-pe-benzina-tsi\/#primaryimage\",\"url\":\"https:\/\/welt-auto.ro\/file\/2023\/05\/Skoda-Fabia-TSI.webp\",\"contentUrl\":\"https:\/\/welt-auto.ro\/file\/2023\/05\/Skoda-Fabia-TSI.webp\",\"width\":792,\"height\":475,\"caption\":\"Skoda folose\u0219te motoare TSI de 1,0 litri pe hatchback-ul mic Fabia.\"},{\"@type\":\"BreadcrumbList\",\"@id\":\"https:\/\/welt-auto.ro\/grupul-vw-incredinteaza-skoda-responsabilitatea-pentru-principalele-motoare-pe-benzina-tsi\/#breadcrumb\",\"itemListElement\":[{\"@type\":\"ListItem\",\"position\":1,\"name\":\"Prima pagin\u0103\",\"item\":\"https:\/\/welt-auto.ro\/\"},{\"@type\":\"ListItem\",\"position\":2,\"name\":\"Grupul VW \u00eencredin\u021beaz\u0103 Skoda responsabilitatea pentru principalele motoare pe benzin\u0103 TSI\"}]},{\"@type\":\"WebSite\",\"@id\":\"https:\/\/welt-auto.ro\/#website\",\"url\":\"https:\/\/welt-auto.ro\/\",\"name\":\"Un altfel de Blog Auto - Welt-auto.ro\",\"description\":\"Un altfel de blog auto -afla acum detalii din lumea auto\",\"potentialAction\":[{\"@type\":\"SearchAction\",\"target\":{\"@type\":\"EntryPoint\",\"urlTemplate\":\"https:\/\/welt-auto.ro\/?s={search_term_string}\"},\"query-input\":\"required name=search_term_string\"}],\"inLanguage\":\"ro-RO\"},{\"@type\":\"Person\",\"@id\":\"https:\/\/welt-auto.ro\/#\/schema\/person\/69a640369c1548e5b5e04f610d3be559\",\"name\":\"Andrei Welther\",\"image\":{\"@type\":\"ImageObject\",\"inLanguage\":\"ro-RO\",\"@id\":\"https:\/\/welt-auto.ro\/#\/schema\/person\/image\/\",\"url\":\"https:\/\/secure.gravatar.com\/avatar\/bd4a792415fb39fa51798d58ac2f37a43840d82d0caaa90a29f315aec4e6d416?s=96&d=mm&r=g\",\"contentUrl\":\"https:\/\/secure.gravatar.com\/avatar\/bd4a792415fb39fa51798d58ac2f37a43840d82d0caaa90a29f315aec4e6d416?s=96&d=mm&r=g\",\"caption\":\"Andrei Welther\"},\"sameAs\":[\"https:\/\/weltcars.com\"],\"url\":\"https:\/\/welt-auto.ro\/profile\/weltandrei\/\"}]}<\/script>\n<!-- \/ Yoast SEO plugin. -->","yoast_head_json":{"title":"Grupul VW \u00eencredin\u021beaz\u0103 Skoda responsabilitatea pentru principalele motoare pe benzin\u0103 TSI - Un altfel de Blog Auto - Welt-auto.ro","robots":{"index":"index","follow":"follow","max-snippet":"max-snippet:-1","max-image-preview":"max-image-preview:large","max-video-preview":"max-video-preview:-1"},"canonical":"https:\/\/welt-auto.ro\/grupul-vw-incredinteaza-skoda-responsabilitatea-pentru-principalele-motoare-pe-benzina-tsi\/","og_locale":"ro_RO","og_type":"article","og_title":"Grupul VW \u00eencredin\u021beaz\u0103 Skoda responsabilitatea pentru principalele motoare pe benzin\u0103 TSI - Un altfel de Blog Auto - Welt-auto.ro","og_description":"Pe m\u0103sur\u0103 ce Grupul Volkswagen \u00ee\u0219i spore\u0219te aten\u021bia asupra ma\u0219inilor electrice cu baterii, produc\u0103torul auto a \u00eencredin\u021bat m\u0103rcii Skoda responsabilitatea pentru dezvoltarea viitoare a motoarelor cu combustie intern\u0103 din seria EA 211 ale grupului. Motoarele vor echipa 50 de linii de modele din \u0219apte m\u0103rci ale Grupului VW, inclusiv VW, Audi \u0219i Cupra. \u00cen mod [&hellip;]","og_url":"https:\/\/welt-auto.ro\/grupul-vw-incredinteaza-skoda-responsabilitatea-pentru-principalele-motoare-pe-benzina-tsi\/","og_site_name":"Un altfel de Blog Auto - Welt-auto.ro","article_publisher":"https:\/\/www.facebook.com\/weltautor","article_published_time":"2023-05-23T08:43:01+00:00","article_modified_time":"2023-05-23T08:43:11+00:00","og_image":[{"width":792,"height":475,"url":"https:\/\/welt-auto.ro\/file\/2023\/05\/Skoda-Fabia-TSI.webp","type":"image\/webp"}],"author":"Andrei Welther","twitter_card":"summary_large_image","twitter_misc":{"Scris de":"Andrei Welther","Timp estimat pentru citire":"2 minute"},"schema":{"@context":"https:\/\/schema.org","@graph":[{"@type":"WebPage","@id":"https:\/\/welt-auto.ro\/grupul-vw-incredinteaza-skoda-responsabilitatea-pentru-principalele-motoare-pe-benzina-tsi\/","url":"https:\/\/welt-auto.ro\/grupul-vw-incredinteaza-skoda-responsabilitatea-pentru-principalele-motoare-pe-benzina-tsi\/","name":"Grupul VW \u00eencredin\u021beaz\u0103 Skoda responsabilitatea pentru principalele motoare pe benzin\u0103 TSI - Un altfel de Blog Auto - Welt-auto.ro","isPartOf":{"@id":"https:\/\/welt-auto.ro\/#website"},"primaryImageOfPage":{"@id":"https:\/\/welt-auto.ro\/grupul-vw-incredinteaza-skoda-responsabilitatea-pentru-principalele-motoare-pe-benzina-tsi\/#primaryimage"},"image":{"@id":"https:\/\/welt-auto.ro\/grupul-vw-incredinteaza-skoda-responsabilitatea-pentru-principalele-motoare-pe-benzina-tsi\/#primaryimage"},"thumbnailUrl":"https:\/\/welt-auto.ro\/file\/2023\/05\/Skoda-Fabia-TSI.webp","datePublished":"2023-05-23T08:43:01+00:00","dateModified":"2023-05-23T08:43:11+00:00","author":{"@id":"https:\/\/welt-auto.ro\/#\/schema\/person\/69a640369c1548e5b5e04f610d3be559"},"breadcrumb":{"@id":"https:\/\/welt-auto.ro\/grupul-vw-incredinteaza-skoda-responsabilitatea-pentru-principalele-motoare-pe-benzina-tsi\/#breadcrumb"},"inLanguage":"ro-RO","potentialAction":[{"@type":"ReadAction","target":["https:\/\/welt-auto.ro\/grupul-vw-incredinteaza-skoda-responsabilitatea-pentru-principalele-motoare-pe-benzina-tsi\/"]}]},{"@type":"ImageObject","inLanguage":"ro-RO","@id":"https:\/\/welt-auto.ro\/grupul-vw-incredinteaza-skoda-responsabilitatea-pentru-principalele-motoare-pe-benzina-tsi\/#primaryimage","url":"https:\/\/welt-auto.ro\/file\/2023\/05\/Skoda-Fabia-TSI.webp","contentUrl":"https:\/\/welt-auto.ro\/file\/2023\/05\/Skoda-Fabia-TSI.webp","width":792,"height":475,"caption":"Skoda folose\u0219te motoare TSI de 1,0 litri pe hatchback-ul mic Fabia."},{"@type":"BreadcrumbList","@id":"https:\/\/welt-auto.ro\/grupul-vw-incredinteaza-skoda-responsabilitatea-pentru-principalele-motoare-pe-benzina-tsi\/#breadcrumb","itemListElement":[{"@type":"ListItem","position":1,"name":"Prima pagin\u0103","item":"https:\/\/welt-auto.ro\/"},{"@type":"ListItem","position":2,"name":"Grupul VW \u00eencredin\u021beaz\u0103 Skoda responsabilitatea pentru principalele motoare pe benzin\u0103 TSI"}]},{"@type":"WebSite","@id":"https:\/\/welt-auto.ro\/#website","url":"https:\/\/welt-auto.ro\/","name":"Un altfel de Blog Auto - Welt-auto.ro","description":"Un altfel de blog auto -afla acum detalii din lumea auto","potentialAction":[{"@type":"SearchAction","target":{"@type":"EntryPoint","urlTemplate":"https:\/\/welt-auto.ro\/?s={search_term_string}"},"query-input":"required name=search_term_string"}],"inLanguage":"ro-RO"},{"@type":"Person","@id":"https:\/\/welt-auto.ro\/#\/schema\/person\/69a640369c1548e5b5e04f610d3be559","name":"Andrei Welther","image":{"@type":"ImageObject","inLanguage":"ro-RO","@id":"https:\/\/welt-auto.ro\/#\/schema\/person\/image\/","url":"https:\/\/secure.gravatar.com\/avatar\/bd4a792415fb39fa51798d58ac2f37a43840d82d0caaa90a29f315aec4e6d416?s=96&d=mm&r=g","contentUrl":"https:\/\/secure.gravatar.com\/avatar\/bd4a792415fb39fa51798d58ac2f37a43840d82d0caaa90a29f315aec4e6d416?s=96&d=mm&r=g","caption":"Andrei Welther"},"sameAs":["https:\/\/weltcars.com"],"url":"https:\/\/welt-auto.ro\/profile\/weltandrei\/"}]}},"_links":{"self":[{"href":"https:\/\/welt-auto.ro\/rest\/wp\/v2\/posts\/1218","targetHints":{"allow":["GET"]}}],"collection":[{"href":"https:\/\/welt-auto.ro\/rest\/wp\/v2\/posts"}],"about":[{"href":"https:\/\/welt-auto.ro\/rest\/wp\/v2\/types\/post"}],"author":[{"embeddable":true,"href":"https:\/\/welt-auto.ro\/rest\/wp\/v2\/users\/2"}],"replies":[{"embeddable":true,"href":"https:\/\/welt-auto.ro\/rest\/wp\/v2\/comments?post=1218"}],"version-history":[{"count":1,"href":"https:\/\/welt-auto.ro\/rest\/wp\/v2\/posts\/1218\/revisions"}],"predecessor-version":[{"id":1220,"href":"https:\/\/welt-auto.ro\/rest\/wp\/v2\/posts\/1218\/revisions\/1220"}],"wp:featuredmedia":[{"embeddable":true,"href":"https:\/\/welt-auto.ro\/rest\/wp\/v2\/media\/1219"}],"wp:attachment":[{"href":"https:\/\/welt-auto.ro\/rest\/wp\/v2\/media?parent=1218"}],"wp:term":[{"taxonomy":"category","embeddable":true,"href":"https:\/\/welt-auto.ro\/rest\/wp\/v2\/categories?post=1218"},{"taxonomy":"post_tag","embeddable":true,"href":"https:\/\/welt-auto.ro\/rest\/wp\/v2\/tags?post=1218"}],"curies":[{"name":"wp","href":"https:\/\/api.w.org\/{rel}","templated":true}]}}