{"id":598,"date":"2023-01-08T15:34:17","date_gmt":"2023-01-08T15:34:17","guid":{"rendered":"https:\/\/welt-auto.ro\/?p=598"},"modified":"2023-01-08T15:35:27","modified_gmt":"2023-01-08T15:35:27","slug":"nasser-al-attiyah-conduce-raliul-dakar-la-o-saptamana-distanta","status":"publish","type":"post","link":"https:\/\/welt-auto.ro\/nasser-al-attiyah-conduce-raliul-dakar-la-o-saptamana-distanta\/","title":{"rendered":"Nasser Al-Attiyah conduce Raliul Dakar la o s\u0103pt\u0103m\u00e2n\u0103 distan\u021b\u0103"},"content":{"rendered":"<h2>C\u00e2\u0219tig\u0103torul de patru ori al Raliului Dakar \u0219i copilotul Mathieu Baumel conduceau cu peste o or\u0103 la jum\u0103tatea cursei de raliu raid.<\/h2>\n<p><img loading=\"lazy\" decoding=\"async\" class=\"aligncenter size-full wp-image-599\" src=\"https:\/\/welt-auto.ro\/file\/2023\/01\/toyotas-qatari-driver-nasser-al-attiyah-and-his-french-co-news-photo-1673128555.jpg\" alt=\"toyotas-qatari-driver-nasser-al-attiyah-and-his-french-co-news-photo-1673128555\" width=\"980\" height=\"608\" srcset=\"https:\/\/welt-auto.ro\/file\/2023\/01\/toyotas-qatari-driver-nasser-al-attiyah-and-his-french-co-news-photo-1673128555.jpg 980w, https:\/\/welt-auto.ro\/file\/2023\/01\/toyotas-qatari-driver-nasser-al-attiyah-and-his-french-co-news-photo-1673128555-300x186.jpg 300w, https:\/\/welt-auto.ro\/file\/2023\/01\/toyotas-qatari-driver-nasser-al-attiyah-and-his-french-co-news-photo-1673128555-768x476.jpg 768w, https:\/\/welt-auto.ro\/file\/2023\/01\/toyotas-qatari-driver-nasser-al-attiyah-and-his-french-co-news-photo-1673128555-677x420.jpg 677w, https:\/\/welt-auto.ro\/file\/2023\/01\/toyotas-qatari-driver-nasser-al-attiyah-and-his-french-co-news-photo-1673128555-640x397.jpg 640w, https:\/\/welt-auto.ro\/file\/2023\/01\/toyotas-qatari-driver-nasser-al-attiyah-and-his-french-co-news-photo-1673128555-681x422.jpg 681w\" sizes=\"auto, (max-width: 980px) 100vw, 980px\" \/><\/p>\n<p>Pilotul Toyota Nasser Al-Attiyah \u0219i copilotul Mathieu Baumel conduc Raliul Dakar dup\u0103 \u0219apte etape, ceea ce \u00eei plaseaz\u0103 \u00een pozi\u021bia de a-\u0219i ap\u0103ra victoria ob\u021binut\u0103 \u00een edi\u021bia 2022 a evenimentului de raliu raid. Al-Attiyah, de patru ori c\u00e2\u0219tig\u0103tor, conduce cu peste o or\u0103 dup\u0103 etapa a \u0219aptea de ast\u0103zi.<\/p>\n<p>Toyota ocup\u0103 primele patru pozi\u021bii \u00een aceast\u0103 prob\u0103, iar ma\u0219ina Overdrive Racing se afl\u0103 \u00eentre cele trei ma\u0219ini de uzin\u0103, ocup\u00e2nd locurile \u00eent\u00e2i, doi \u0219i patru. Cea mai \u00eenalt\u0103 ma\u0219in\u0103 non-Toyota din pluton este ma\u0219ina Prodrive a Bahrain Raid Xtreme, condus\u0103 de legenda WRC Sebastian Loeb \u0219i copilotul Fabian Lurquin. Niciun alt concurent nu se afl\u0103 la mai pu\u021bin de dou\u0103 ore de Al-Attiyah, \u00eens\u0103 Romain Dumas, de dou\u0103 ori c\u00e2\u0219tig\u0103tor al cursei Le Mans, \u0219i copilotul s\u0103u Max Delfino se afl\u0103 la dou\u0103 ore \u0219i 12 minute \u00een spatele concurentului principal al fostului campionat mondial de anduran\u021b\u0103 FIA, Rebellion<\/p>\n<p>\u00cen mod special, niciuna dintre cele dou\u0103 ma\u0219ini Audi r\u0103mase \u00een competi\u021bie nu se afl\u0103 \u00een lupta pentru pozi\u021bia de lider al raliului. Mattias Ekstrom \u0219i copilotul Emil Bergkvist conduc programul de profil \u00eenalt doar pe locul 20, la aproape cinci ore de lider. Echipa a fost afectat\u0103 de nenorociri constante, cea mai recent\u0103 fiind o problem\u0103 mecanic\u0103 care l-a for\u021bat pe Ekstrom s\u0103 opreasc\u0103 pentru repara\u021bii cu ajutorul coechipierului Carlos Sainz \u00een timpul etapei a \u0219aptea de ast\u0103zi. Sainz este cotat la 29 de ore \u00een urma liderului, \u00een timp ce Stefane Peterhansel s-a retras deja din eveniment \u00een urma accident\u0103rii copilotului Edouard Boulanger.<\/p>\n<p>Raliul Dakar se va \u00eencheia duminica viitoare. Au mai r\u0103mas \u0219apte etape, plus o zi de odihn\u0103 luni.<\/p>\n","protected":false},"excerpt":{"rendered":"<p>C\u00e2\u0219tig\u0103torul de patru ori al Raliului Dakar \u0219i copilotul Mathieu Baumel conduceau cu peste o or\u0103 la jum\u0103tatea cursei de raliu raid. Pilotul Toyota Nasser Al-Attiyah \u0219i copilotul Mathieu Baumel conduc Raliul Dakar dup\u0103 \u0219apte etape, ceea ce \u00eei plaseaz\u0103 \u00een pozi\u021bia de a-\u0219i ap\u0103ra victoria ob\u021binut\u0103 \u00een edi\u021bia 2022 a evenimentului de raliu raid. [&hellip;]<\/p>\n","protected":false},"author":2,"featured_media":599,"comment_status":"open","ping_status":"open","sticky":false,"template":"","format":"standard","meta":{"footnotes":""},"categories":[109],"tags":[106,107,108],"class_list":["post-598","post","type-post","status-publish","format-standard","has-post-thumbnail","hentry","category-noutati-din-lumea-dakar","tag-dakar","tag-dakar-2023","tag-dakar-after-first-week"],"yoast_head":"<!-- This site is optimized with the Yoast SEO plugin v23.1 - https:\/\/yoast.com\/wordpress\/plugins\/seo\/ -->\n<title>Nasser Al-Attiyah conduce Raliul Dakar la o s\u0103pt\u0103m\u00e2n\u0103 distan\u021b\u0103 - Un altfel de Blog Auto - Welt-auto.ro<\/title>\n<meta name=\"robots\" content=\"index, follow, max-snippet:-1, max-image-preview:large, max-video-preview:-1\" \/>\n<link rel=\"canonical\" href=\"https:\/\/welt-auto.ro\/nasser-al-attiyah-conduce-raliul-dakar-la-o-saptamana-distanta\/\" \/>\n<meta property=\"og:locale\" content=\"ro_RO\" \/>\n<meta property=\"og:type\" content=\"article\" \/>\n<meta property=\"og:title\" content=\"Nasser Al-Attiyah conduce Raliul Dakar la o s\u0103pt\u0103m\u00e2n\u0103 distan\u021b\u0103 - Un altfel de Blog Auto - Welt-auto.ro\" \/>\n<meta property=\"og:description\" content=\"C\u00e2\u0219tig\u0103torul de patru ori al Raliului Dakar \u0219i copilotul Mathieu Baumel conduceau cu peste o or\u0103 la jum\u0103tatea cursei de raliu raid. Pilotul Toyota Nasser Al-Attiyah \u0219i copilotul Mathieu Baumel conduc Raliul Dakar dup\u0103 \u0219apte etape, ceea ce \u00eei plaseaz\u0103 \u00een pozi\u021bia de a-\u0219i ap\u0103ra victoria ob\u021binut\u0103 \u00een edi\u021bia 2022 a evenimentului de raliu raid. [&hellip;]\" \/>\n<meta property=\"og:url\" content=\"https:\/\/welt-auto.ro\/nasser-al-attiyah-conduce-raliul-dakar-la-o-saptamana-distanta\/\" \/>\n<meta property=\"og:site_name\" content=\"Un altfel de Blog Auto - Welt-auto.ro\" \/>\n<meta property=\"article:publisher\" content=\"https:\/\/www.facebook.com\/weltautor\" \/>\n<meta property=\"article:published_time\" content=\"2023-01-08T15:34:17+00:00\" \/>\n<meta property=\"article:modified_time\" content=\"2023-01-08T15:35:27+00:00\" \/>\n<meta property=\"og:image\" content=\"https:\/\/welt-auto.ro\/file\/2023\/01\/toyotas-qatari-driver-nasser-al-attiyah-and-his-french-co-news-photo-1673128555.jpg\" \/>\n\t<meta property=\"og:image:width\" content=\"980\" \/>\n\t<meta property=\"og:image:height\" content=\"608\" \/>\n\t<meta property=\"og:image:type\" content=\"image\/jpeg\" \/>\n<meta name=\"author\" content=\"Andrei Welther\" \/>\n<meta name=\"twitter:card\" content=\"summary_large_image\" \/>\n<meta name=\"twitter:label1\" content=\"Scris de\" \/>\n\t<meta name=\"twitter:data1\" content=\"Andrei Welther\" \/>\n\t<meta name=\"twitter:label2\" content=\"Timp estimat pentru citire\" \/>\n\t<meta name=\"twitter:data2\" content=\"2 minute\" \/>\n<script type=\"application\/ld+json\" class=\"yoast-schema-graph\">{\"@context\":\"https:\/\/schema.org\",\"@graph\":[{\"@type\":\"WebPage\",\"@id\":\"https:\/\/welt-auto.ro\/nasser-al-attiyah-conduce-raliul-dakar-la-o-saptamana-distanta\/\",\"url\":\"https:\/\/welt-auto.ro\/nasser-al-attiyah-conduce-raliul-dakar-la-o-saptamana-distanta\/\",\"name\":\"Nasser Al-Attiyah conduce Raliul Dakar la o s\u0103pt\u0103m\u00e2n\u0103 distan\u021b\u0103 - Un altfel de Blog Auto - Welt-auto.ro\",\"isPartOf\":{\"@id\":\"https:\/\/welt-auto.ro\/#website\"},\"primaryImageOfPage\":{\"@id\":\"https:\/\/welt-auto.ro\/nasser-al-attiyah-conduce-raliul-dakar-la-o-saptamana-distanta\/#primaryimage\"},\"image\":{\"@id\":\"https:\/\/welt-auto.ro\/nasser-al-attiyah-conduce-raliul-dakar-la-o-saptamana-distanta\/#primaryimage\"},\"thumbnailUrl\":\"https:\/\/welt-auto.ro\/file\/2023\/01\/toyotas-qatari-driver-nasser-al-attiyah-and-his-french-co-news-photo-1673128555.jpg\",\"datePublished\":\"2023-01-08T15:34:17+00:00\",\"dateModified\":\"2023-01-08T15:35:27+00:00\",\"author\":{\"@id\":\"https:\/\/welt-auto.ro\/#\/schema\/person\/69a640369c1548e5b5e04f610d3be559\"},\"breadcrumb\":{\"@id\":\"https:\/\/welt-auto.ro\/nasser-al-attiyah-conduce-raliul-dakar-la-o-saptamana-distanta\/#breadcrumb\"},\"inLanguage\":\"ro-RO\",\"potentialAction\":[{\"@type\":\"ReadAction\",\"target\":[\"https:\/\/welt-auto.ro\/nasser-al-attiyah-conduce-raliul-dakar-la-o-saptamana-distanta\/\"]}]},{\"@type\":\"ImageObject\",\"inLanguage\":\"ro-RO\",\"@id\":\"https:\/\/welt-auto.ro\/nasser-al-attiyah-conduce-raliul-dakar-la-o-saptamana-distanta\/#primaryimage\",\"url\":\"https:\/\/welt-auto.ro\/file\/2023\/01\/toyotas-qatari-driver-nasser-al-attiyah-and-his-french-co-news-photo-1673128555.jpg\",\"contentUrl\":\"https:\/\/welt-auto.ro\/file\/2023\/01\/toyotas-qatari-driver-nasser-al-attiyah-and-his-french-co-news-photo-1673128555.jpg\",\"width\":980,\"height\":608,\"caption\":\"toyotas-qatari-driver-nasser-al-attiyah-and-his-french-co-news-photo-1673128555\"},{\"@type\":\"BreadcrumbList\",\"@id\":\"https:\/\/welt-auto.ro\/nasser-al-attiyah-conduce-raliul-dakar-la-o-saptamana-distanta\/#breadcrumb\",\"itemListElement\":[{\"@type\":\"ListItem\",\"position\":1,\"name\":\"Prima pagin\u0103\",\"item\":\"https:\/\/welt-auto.ro\/\"},{\"@type\":\"ListItem\",\"position\":2,\"name\":\"Nasser Al-Attiyah conduce Raliul Dakar la o s\u0103pt\u0103m\u00e2n\u0103 distan\u021b\u0103\"}]},{\"@type\":\"WebSite\",\"@id\":\"https:\/\/welt-auto.ro\/#website\",\"url\":\"https:\/\/welt-auto.ro\/\",\"name\":\"Un altfel de Blog Auto - Welt-auto.ro\",\"description\":\"Un altfel de blog auto -afla acum detalii din lumea auto\",\"potentialAction\":[{\"@type\":\"SearchAction\",\"target\":{\"@type\":\"EntryPoint\",\"urlTemplate\":\"https:\/\/welt-auto.ro\/?s={search_term_string}\"},\"query-input\":\"required name=search_term_string\"}],\"inLanguage\":\"ro-RO\"},{\"@type\":\"Person\",\"@id\":\"https:\/\/welt-auto.ro\/#\/schema\/person\/69a640369c1548e5b5e04f610d3be559\",\"name\":\"Andrei Welther\",\"image\":{\"@type\":\"ImageObject\",\"inLanguage\":\"ro-RO\",\"@id\":\"https:\/\/welt-auto.ro\/#\/schema\/person\/image\/\",\"url\":\"https:\/\/secure.gravatar.com\/avatar\/bd4a792415fb39fa51798d58ac2f37a43840d82d0caaa90a29f315aec4e6d416?s=96&d=mm&r=g\",\"contentUrl\":\"https:\/\/secure.gravatar.com\/avatar\/bd4a792415fb39fa51798d58ac2f37a43840d82d0caaa90a29f315aec4e6d416?s=96&d=mm&r=g\",\"caption\":\"Andrei Welther\"},\"sameAs\":[\"https:\/\/weltcars.com\"],\"url\":\"https:\/\/welt-auto.ro\/profile\/weltandrei\/\"}]}<\/script>\n<!-- \/ Yoast SEO plugin. -->","yoast_head_json":{"title":"Nasser Al-Attiyah conduce Raliul Dakar la o s\u0103pt\u0103m\u00e2n\u0103 distan\u021b\u0103 - Un altfel de Blog Auto - Welt-auto.ro","robots":{"index":"index","follow":"follow","max-snippet":"max-snippet:-1","max-image-preview":"max-image-preview:large","max-video-preview":"max-video-preview:-1"},"canonical":"https:\/\/welt-auto.ro\/nasser-al-attiyah-conduce-raliul-dakar-la-o-saptamana-distanta\/","og_locale":"ro_RO","og_type":"article","og_title":"Nasser Al-Attiyah conduce Raliul Dakar la o s\u0103pt\u0103m\u00e2n\u0103 distan\u021b\u0103 - Un altfel de Blog Auto - Welt-auto.ro","og_description":"C\u00e2\u0219tig\u0103torul de patru ori al Raliului Dakar \u0219i copilotul Mathieu Baumel conduceau cu peste o or\u0103 la jum\u0103tatea cursei de raliu raid. Pilotul Toyota Nasser Al-Attiyah \u0219i copilotul Mathieu Baumel conduc Raliul Dakar dup\u0103 \u0219apte etape, ceea ce \u00eei plaseaz\u0103 \u00een pozi\u021bia de a-\u0219i ap\u0103ra victoria ob\u021binut\u0103 \u00een edi\u021bia 2022 a evenimentului de raliu raid. [&hellip;]","og_url":"https:\/\/welt-auto.ro\/nasser-al-attiyah-conduce-raliul-dakar-la-o-saptamana-distanta\/","og_site_name":"Un altfel de Blog Auto - Welt-auto.ro","article_publisher":"https:\/\/www.facebook.com\/weltautor","article_published_time":"2023-01-08T15:34:17+00:00","article_modified_time":"2023-01-08T15:35:27+00:00","og_image":[{"width":980,"height":608,"url":"https:\/\/welt-auto.ro\/file\/2023\/01\/toyotas-qatari-driver-nasser-al-attiyah-and-his-french-co-news-photo-1673128555.jpg","type":"image\/jpeg"}],"author":"Andrei Welther","twitter_card":"summary_large_image","twitter_misc":{"Scris de":"Andrei Welther","Timp estimat pentru citire":"2 minute"},"schema":{"@context":"https:\/\/schema.org","@graph":[{"@type":"WebPage","@id":"https:\/\/welt-auto.ro\/nasser-al-attiyah-conduce-raliul-dakar-la-o-saptamana-distanta\/","url":"https:\/\/welt-auto.ro\/nasser-al-attiyah-conduce-raliul-dakar-la-o-saptamana-distanta\/","name":"Nasser Al-Attiyah conduce Raliul Dakar la o s\u0103pt\u0103m\u00e2n\u0103 distan\u021b\u0103 - Un altfel de Blog Auto - Welt-auto.ro","isPartOf":{"@id":"https:\/\/welt-auto.ro\/#website"},"primaryImageOfPage":{"@id":"https:\/\/welt-auto.ro\/nasser-al-attiyah-conduce-raliul-dakar-la-o-saptamana-distanta\/#primaryimage"},"image":{"@id":"https:\/\/welt-auto.ro\/nasser-al-attiyah-conduce-raliul-dakar-la-o-saptamana-distanta\/#primaryimage"},"thumbnailUrl":"https:\/\/welt-auto.ro\/file\/2023\/01\/toyotas-qatari-driver-nasser-al-attiyah-and-his-french-co-news-photo-1673128555.jpg","datePublished":"2023-01-08T15:34:17+00:00","dateModified":"2023-01-08T15:35:27+00:00","author":{"@id":"https:\/\/welt-auto.ro\/#\/schema\/person\/69a640369c1548e5b5e04f610d3be559"},"breadcrumb":{"@id":"https:\/\/welt-auto.ro\/nasser-al-attiyah-conduce-raliul-dakar-la-o-saptamana-distanta\/#breadcrumb"},"inLanguage":"ro-RO","potentialAction":[{"@type":"ReadAction","target":["https:\/\/welt-auto.ro\/nasser-al-attiyah-conduce-raliul-dakar-la-o-saptamana-distanta\/"]}]},{"@type":"ImageObject","inLanguage":"ro-RO","@id":"https:\/\/welt-auto.ro\/nasser-al-attiyah-conduce-raliul-dakar-la-o-saptamana-distanta\/#primaryimage","url":"https:\/\/welt-auto.ro\/file\/2023\/01\/toyotas-qatari-driver-nasser-al-attiyah-and-his-french-co-news-photo-1673128555.jpg","contentUrl":"https:\/\/welt-auto.ro\/file\/2023\/01\/toyotas-qatari-driver-nasser-al-attiyah-and-his-french-co-news-photo-1673128555.jpg","width":980,"height":608,"caption":"toyotas-qatari-driver-nasser-al-attiyah-and-his-french-co-news-photo-1673128555"},{"@type":"BreadcrumbList","@id":"https:\/\/welt-auto.ro\/nasser-al-attiyah-conduce-raliul-dakar-la-o-saptamana-distanta\/#breadcrumb","itemListElement":[{"@type":"ListItem","position":1,"name":"Prima pagin\u0103","item":"https:\/\/welt-auto.ro\/"},{"@type":"ListItem","position":2,"name":"Nasser Al-Attiyah conduce Raliul Dakar la o s\u0103pt\u0103m\u00e2n\u0103 distan\u021b\u0103"}]},{"@type":"WebSite","@id":"https:\/\/welt-auto.ro\/#website","url":"https:\/\/welt-auto.ro\/","name":"Un altfel de Blog Auto - Welt-auto.ro","description":"Un altfel de blog auto -afla acum detalii din lumea auto","potentialAction":[{"@type":"SearchAction","target":{"@type":"EntryPoint","urlTemplate":"https:\/\/welt-auto.ro\/?s={search_term_string}"},"query-input":"required name=search_term_string"}],"inLanguage":"ro-RO"},{"@type":"Person","@id":"https:\/\/welt-auto.ro\/#\/schema\/person\/69a640369c1548e5b5e04f610d3be559","name":"Andrei Welther","image":{"@type":"ImageObject","inLanguage":"ro-RO","@id":"https:\/\/welt-auto.ro\/#\/schema\/person\/image\/","url":"https:\/\/secure.gravatar.com\/avatar\/bd4a792415fb39fa51798d58ac2f37a43840d82d0caaa90a29f315aec4e6d416?s=96&d=mm&r=g","contentUrl":"https:\/\/secure.gravatar.com\/avatar\/bd4a792415fb39fa51798d58ac2f37a43840d82d0caaa90a29f315aec4e6d416?s=96&d=mm&r=g","caption":"Andrei Welther"},"sameAs":["https:\/\/weltcars.com"],"url":"https:\/\/welt-auto.ro\/profile\/weltandrei\/"}]}},"_links":{"self":[{"href":"https:\/\/welt-auto.ro\/rest\/wp\/v2\/posts\/598","targetHints":{"allow":["GET"]}}],"collection":[{"href":"https:\/\/welt-auto.ro\/rest\/wp\/v2\/posts"}],"about":[{"href":"https:\/\/welt-auto.ro\/rest\/wp\/v2\/types\/post"}],"author":[{"embeddable":true,"href":"https:\/\/welt-auto.ro\/rest\/wp\/v2\/users\/2"}],"replies":[{"embeddable":true,"href":"https:\/\/welt-auto.ro\/rest\/wp\/v2\/comments?post=598"}],"version-history":[{"count":1,"href":"https:\/\/welt-auto.ro\/rest\/wp\/v2\/posts\/598\/revisions"}],"predecessor-version":[{"id":600,"href":"https:\/\/welt-auto.ro\/rest\/wp\/v2\/posts\/598\/revisions\/600"}],"wp:featuredmedia":[{"embeddable":true,"href":"https:\/\/welt-auto.ro\/rest\/wp\/v2\/media\/599"}],"wp:attachment":[{"href":"https:\/\/welt-auto.ro\/rest\/wp\/v2\/media?parent=598"}],"wp:term":[{"taxonomy":"category","embeddable":true,"href":"https:\/\/welt-auto.ro\/rest\/wp\/v2\/categories?post=598"},{"taxonomy":"post_tag","embeddable":true,"href":"https:\/\/welt-auto.ro\/rest\/wp\/v2\/tags?post=598"}],"curies":[{"name":"wp","href":"https:\/\/api.w.org\/{rel}","templated":true}]}}