{"id":649,"date":"2023-01-08T22:25:58","date_gmt":"2023-01-08T22:25:58","guid":{"rendered":"https:\/\/welt-auto.ro\/?p=649"},"modified":"2023-01-08T22:29:01","modified_gmt":"2023-01-08T22:29:01","slug":"2024-volkswagen-id-7-camuflat-fotografii-din-toate-unghiurile","status":"publish","type":"post","link":"https:\/\/welt-auto.ro\/2024-volkswagen-id-7-camuflat-fotografii-din-toate-unghiurile\/","title":{"rendered":"2024 Volkswagen ID.7 camuflat &#8211; Fotografii din toate unghiurile"},"content":{"rendered":"<p><img loading=\"lazy\" decoding=\"async\" class=\"aligncenter size-full wp-image-650\" src=\"https:\/\/welt-auto.ro\/file\/2023\/01\/16211-volkswagenid-7-1672841185.jpg\" alt=\"2024 Volkswagen ID.7 camuflat - Fotografii din toate unghiurile\" width=\"980\" height=\"653\" srcset=\"https:\/\/welt-auto.ro\/file\/2023\/01\/16211-volkswagenid-7-1672841185.jpg 980w, https:\/\/welt-auto.ro\/file\/2023\/01\/16211-volkswagenid-7-1672841185-300x200.jpg 300w, https:\/\/welt-auto.ro\/file\/2023\/01\/16211-volkswagenid-7-1672841185-768x512.jpg 768w, https:\/\/welt-auto.ro\/file\/2023\/01\/16211-volkswagenid-7-1672841185-630x420.jpg 630w, https:\/\/welt-auto.ro\/file\/2023\/01\/16211-volkswagenid-7-1672841185-640x426.jpg 640w, https:\/\/welt-auto.ro\/file\/2023\/01\/16211-volkswagenid-7-1672841185-681x454.jpg 681w\" sizes=\"auto, (max-width: 980px) 100vw, 980px\" \/><\/p>\n<p>Volkswagen a dezv\u0103luit miercuri un prototip al viitoarei sale berline ID.7, oferindu-ne o prim\u0103 imagine a lupt\u0103torului Tesla Model 3, un model complet electric, \u00eenainte ca acesta s\u0103 fie pus \u00een v\u00e2nzare la sf\u00e2r\u0219itul acestui an.<\/p>\n<p>Urm\u0103rind ID-ul de inspira\u021bie retro. Buzz, ID.7 va fi cel de-al \u0219aselea automobil de serie complet electric din familia ID de la Volkswagen. Acesta se bazeaz\u0103 pe platforma MEB de mare anvergur\u0103 a companiei, dar prime\u0219te un acoperi\u0219 \u00eenclinat \u0219i o parte frontal\u0103 unic\u0103, concepute pentru a reduce consumul de energie \u0219i a cre\u0219te autonomia prin eficien\u021b\u0103 aerodinamic\u0103.<\/p>\n<p><img loading=\"lazy\" decoding=\"async\" class=\"wp-image-651 size-full alignright\" src=\"https:\/\/welt-auto.ro\/file\/2023\/01\/16210-volkswagenid-7-1672841186.jpg\" alt=\"Volkswagen ID 7\" width=\"320\" height=\"320\" srcset=\"https:\/\/welt-auto.ro\/file\/2023\/01\/16210-volkswagenid-7-1672841186.jpg 320w, https:\/\/welt-auto.ro\/file\/2023\/01\/16210-volkswagenid-7-1672841186-300x300.jpg 300w, https:\/\/welt-auto.ro\/file\/2023\/01\/16210-volkswagenid-7-1672841186-150x150.jpg 150w\" sizes=\"auto, (max-width: 320px) 100vw, 320px\" \/><\/p>\n<p>Av\u00e2nd un nivel de pre\u021b mai ridicat, acesta prime\u0219te o serie de caracteristici tehnice noi care \u00eel diferen\u021biaz\u0103. Lista include un head-up display cu realitate augmentat\u0103, un ecran de infotainment de 15 inci \u0219i guri de aerisire controlate digital. VW nu a dezv\u0103luit \u00eenc\u0103 detalii despre trenul de rulare, dar spune c\u0103 ID.7 va putea atinge o autonomie de 434 de mile \u00een ciclul european WLTP.<\/p>\n<p>Prototipul pe care \u00eel vede\u021bi aici a fost echipat cu o vopsea camuflat\u0103 unic\u0103, care poate ilumina ma\u0219ina \u00een diferite moduri. Exist\u0103 40 de straturi de vopsea \u00een total, cu 22 de zone ale ma\u0219inii care pot fi iluminate separat, permi\u021b\u00e2nd modele \u0219i sclipiri de culori infinite. La interior ve\u021bi g\u0103si configura\u021bia familiar\u0103 a interiorului capacitiv all-touch de la VW, care include glisoare tactile pentru elemente precum controlul climatiz\u0103rii \u0219i volumul. VW a declarat anul trecut c\u0103 inten\u021bioneaz\u0103 s\u0103 introduc\u0103 din nou butoane \u00een ma\u0219inile sale \u00eencep\u00e2nd cu 2023, dar se pare c\u0103 nu a ajuns \u00eenc\u0103 acolo.<\/p>\n\r\n                <style type=\"text\/css\">\r\n                    \r\n                    #tdi_1  .td-doubleSlider-2 .td-item1 {\r\n                        background: url(https:\/\/welt-auto.ro\/file\/2023\/01\/16195-volkswagenid-7-1672841180-80x60.jpg) 0 0 no-repeat;\r\n                    }\r\n                    #tdi_1  .td-doubleSlider-2 .td-item2 {\r\n                        background: url(https:\/\/welt-auto.ro\/file\/2023\/01\/16196-volkswagenid-7-1672841182-80x60.jpg) 0 0 no-repeat;\r\n                    }\r\n                    #tdi_1  .td-doubleSlider-2 .td-item3 {\r\n                        background: url(https:\/\/welt-auto.ro\/file\/2023\/01\/16197-volkswagenid-7-1672841181-80x60.jpg) 0 0 no-repeat;\r\n                    }\r\n                    #tdi_1  .td-doubleSlider-2 .td-item4 {\r\n                        background: url(https:\/\/welt-auto.ro\/file\/2023\/01\/16198-volkswagenid-7-1672841179-80x60.jpg) 0 0 no-repeat;\r\n                    }\r\n                    #tdi_1  .td-doubleSlider-2 .td-item5 {\r\n                        background: url(https:\/\/welt-auto.ro\/file\/2023\/01\/16199-volkswagenid-7-1672841183-80x60.jpg) 0 0 no-repeat;\r\n                    }\r\n                    #tdi_1  .td-doubleSlider-2 .td-item6 {\r\n                        background: url(https:\/\/welt-auto.ro\/file\/2023\/01\/16200-volkswagenid-7-1672841183-80x60.jpg) 0 0 no-repeat;\r\n                    }\r\n                    #tdi_1  .td-doubleSlider-2 .td-item7 {\r\n                        background: url(https:\/\/welt-auto.ro\/file\/2023\/01\/16190-volkswagenid-7-1672841181-80x60.jpg) 0 0 no-repeat;\r\n                    }\r\n                    #tdi_1  .td-doubleSlider-2 .td-item8 {\r\n                        background: url(https:\/\/welt-auto.ro\/file\/2023\/01\/16201-volkswagenid-7-1672841183-80x60.jpg) 0 0 no-repeat;\r\n                    }\r\n                    #tdi_1  .td-doubleSlider-2 .td-item9 {\r\n                        background: url(https:\/\/welt-auto.ro\/file\/2023\/01\/16202-volkswagenid-7-1672841183-80x60.jpg) 0 0 no-repeat;\r\n                    }\r\n                    #tdi_1  .td-doubleSlider-2 .td-item10 {\r\n                        background: url(https:\/\/welt-auto.ro\/file\/2023\/01\/16203-volkswagenid-7-1672841183-80x60.jpg) 0 0 no-repeat;\r\n                    }\r\n                    #tdi_1  .td-doubleSlider-2 .td-item11 {\r\n                        background: url(https:\/\/welt-auto.ro\/file\/2023\/01\/16204-volkswagenid-7-1672841184-80x60.jpg) 0 0 no-repeat;\r\n                    }\r\n                    #tdi_1  .td-doubleSlider-2 .td-item12 {\r\n                        background: url(https:\/\/welt-auto.ro\/file\/2023\/01\/16205-volkswagenid-7-1672841184-80x60.jpg) 0 0 no-repeat;\r\n                    }\r\n                    #tdi_1  .td-doubleSlider-2 .td-item13 {\r\n                        background: url(https:\/\/welt-auto.ro\/file\/2023\/01\/16192-volkswagenid-7-1672841179-80x60.jpg) 0 0 no-repeat;\r\n                    }\r\n                    #tdi_1  .td-doubleSlider-2 .td-item14 {\r\n                        background: url(https:\/\/welt-auto.ro\/file\/2023\/01\/16193-volkswagenid-7-1672841179-80x60.jpg) 0 0 no-repeat;\r\n                    }\r\n                    #tdi_1  .td-doubleSlider-2 .td-item15 {\r\n                        background: url(https:\/\/welt-auto.ro\/file\/2023\/01\/16207-volkswagenid-7-1672841185-80x60.jpg) 0 0 no-repeat;\r\n                    }\r\n                    #tdi_1  .td-doubleSlider-2 .td-item16 {\r\n                        background: url(https:\/\/welt-auto.ro\/file\/2023\/01\/16208-volkswagenid-7-1672841185-80x60.jpg) 0 0 no-repeat;\r\n                    }\r\n                    #tdi_1  .td-doubleSlider-2 .td-item17 {\r\n                        background: url(https:\/\/welt-auto.ro\/file\/2023\/01\/16191-volkswagenid-7-1672841181-80x60.jpg) 0 0 no-repeat;\r\n                    }\r\n                    #tdi_1  .td-doubleSlider-2 .td-item18 {\r\n                        background: url(https:\/\/welt-auto.ro\/file\/2023\/01\/16209-volkswagenid-7-1672841185-80x60.jpg) 0 0 no-repeat;\r\n                    }\r\n                    #tdi_1  .td-doubleSlider-2 .td-item19 {\r\n                        background: url(https:\/\/welt-auto.ro\/file\/2023\/01\/16210-volkswagenid-7-1672841186-1-80x60.jpg) 0 0 no-repeat;\r\n                    }\r\n                    #tdi_1  .td-doubleSlider-2 .td-item20 {\r\n                        background: url(https:\/\/welt-auto.ro\/file\/2023\/01\/16213-volkswagenid-7-1672841186-80x60.jpg) 0 0 no-repeat;\r\n                    }\r\n                    #tdi_1  .td-doubleSlider-2 .td-item21 {\r\n                        background: url(https:\/\/welt-auto.ro\/file\/2023\/01\/16214-volkswagenid-7-1672841186-80x60.jpg) 0 0 no-repeat;\r\n                    }\r\n                    #tdi_1  .td-doubleSlider-2 .td-item22 {\r\n                        background: url(https:\/\/welt-auto.ro\/file\/2023\/01\/16215-volkswagenid-7-1672841186-80x60.jpg) 0 0 no-repeat;\r\n                    }\r\n                    #tdi_1  .td-doubleSlider-2 .td-item23 {\r\n                        background: url(https:\/\/welt-auto.ro\/file\/2023\/01\/16211-volkswagenid-7-1672841185-1-80x60.jpg) 0 0 no-repeat;\r\n                    }\r\n                <\/style>\r\n\r\n                <div id=\"tdi_1\" class=\"td-gallery td-slide-on-2-columns\">\r\n                    <div class=\"post_td_gallery\">\r\n                        <div class=\"td-gallery-slide-top\">\r\n                           <div class=\"td-gallery-title\">Volkswagen ID 7 Fotografii<\/div>\r\n\r\n                            <div class=\"td-gallery-controls-wrapper\">\r\n                                <div class=\"td-gallery-slide-count\"><span class=\"td-gallery-slide-item-focus\">1<\/span> de 23<\/div>\r\n                                <div class=\"td-gallery-slide-prev-next-but\">\r\n                                    <i class = \"td-icon-left doubleSliderPrevButton\"><\/i>\r\n                                    <i class = \"td-icon-right doubleSliderNextButton\"><\/i>\r\n                                <\/div>\r\n                            <\/div>\r\n                        <\/div>\r\n\r\n                        <div class = \"td-doubleSlider-1 \">\r\n                            <div class = \"td-slider\">\r\n                                \r\n                    <div class = \"td-slide-item td-item1\">\r\n                        <figure class=\"td-slide-galery-figure td-slide-popup-gallery\">\r\n                            <a class=\"slide-gallery-image-link\" href=\"https:\/\/welt-auto.ro\/file\/2023\/01\/16195-volkswagenid-7-1672841180.jpg\" title=\"16195-volkswagenid-7-1672841180\"  data-caption=\"\"  data-description=\"\">\r\n                                <img decoding=\"async\" src=\"https:\/\/welt-auto.ro\/file\/2023\/01\/16195-volkswagenid-7-1672841180-630x420.jpg\" srcset=\"https:\/\/welt-auto.ro\/file\/2023\/01\/16195-volkswagenid-7-1672841180-630x420.jpg 630w, https:\/\/welt-auto.ro\/file\/2023\/01\/16195-volkswagenid-7-1672841180-300x200.jpg 300w, https:\/\/welt-auto.ro\/file\/2023\/01\/16195-volkswagenid-7-1672841180-768x512.jpg 768w, https:\/\/welt-auto.ro\/file\/2023\/01\/16195-volkswagenid-7-1672841180-640x426.jpg 640w, https:\/\/welt-auto.ro\/file\/2023\/01\/16195-volkswagenid-7-1672841180-681x454.jpg 681w, https:\/\/welt-auto.ro\/file\/2023\/01\/16195-volkswagenid-7-1672841180.jpg 980w\" sizes=\"(max-width: 630px) 100vw, 630px\" alt=\"\">\r\n                            <\/a>\r\n                            \r\n                        <\/figure>\r\n                    <\/div>\r\n                    <div class = \"td-slide-item td-item2\">\r\n                        <figure class=\"td-slide-galery-figure td-slide-popup-gallery\">\r\n                            <a class=\"slide-gallery-image-link\" href=\"https:\/\/welt-auto.ro\/file\/2023\/01\/16196-volkswagenid-7-1672841182.jpg\" title=\"16196-volkswagenid-7-1672841182\"  data-caption=\"\"  data-description=\"\">\r\n                                <img decoding=\"async\" src=\"https:\/\/welt-auto.ro\/file\/2023\/01\/16196-volkswagenid-7-1672841182-630x420.jpg\" srcset=\"https:\/\/welt-auto.ro\/file\/2023\/01\/16196-volkswagenid-7-1672841182-630x420.jpg 630w, https:\/\/welt-auto.ro\/file\/2023\/01\/16196-volkswagenid-7-1672841182-300x200.jpg 300w, https:\/\/welt-auto.ro\/file\/2023\/01\/16196-volkswagenid-7-1672841182-768x512.jpg 768w, https:\/\/welt-auto.ro\/file\/2023\/01\/16196-volkswagenid-7-1672841182-640x426.jpg 640w, https:\/\/welt-auto.ro\/file\/2023\/01\/16196-volkswagenid-7-1672841182-681x454.jpg 681w, https:\/\/welt-auto.ro\/file\/2023\/01\/16196-volkswagenid-7-1672841182.jpg 980w\" sizes=\"(max-width: 630px) 100vw, 630px\" alt=\"\">\r\n                            <\/a>\r\n                            \r\n                        <\/figure>\r\n                    <\/div>\r\n                    <div class = \"td-slide-item td-item3\">\r\n                        <figure class=\"td-slide-galery-figure td-slide-popup-gallery\">\r\n                            <a class=\"slide-gallery-image-link\" href=\"https:\/\/welt-auto.ro\/file\/2023\/01\/16197-volkswagenid-7-1672841181.jpg\" title=\"16197-volkswagenid-7-1672841181\"  data-caption=\"\"  data-description=\"\">\r\n                                <img decoding=\"async\" src=\"https:\/\/welt-auto.ro\/file\/2023\/01\/16197-volkswagenid-7-1672841181-630x420.jpg\" srcset=\"https:\/\/welt-auto.ro\/file\/2023\/01\/16197-volkswagenid-7-1672841181-630x420.jpg 630w, https:\/\/welt-auto.ro\/file\/2023\/01\/16197-volkswagenid-7-1672841181-300x200.jpg 300w, https:\/\/welt-auto.ro\/file\/2023\/01\/16197-volkswagenid-7-1672841181-768x512.jpg 768w, https:\/\/welt-auto.ro\/file\/2023\/01\/16197-volkswagenid-7-1672841181-640x426.jpg 640w, https:\/\/welt-auto.ro\/file\/2023\/01\/16197-volkswagenid-7-1672841181-681x454.jpg 681w, https:\/\/welt-auto.ro\/file\/2023\/01\/16197-volkswagenid-7-1672841181.jpg 980w\" sizes=\"(max-width: 630px) 100vw, 630px\" alt=\"\">\r\n                            <\/a>\r\n                            \r\n                        <\/figure>\r\n                    <\/div>\r\n                    <div class = \"td-slide-item td-item4\">\r\n                        <figure class=\"td-slide-galery-figure td-slide-popup-gallery\">\r\n                            <a class=\"slide-gallery-image-link\" href=\"https:\/\/welt-auto.ro\/file\/2023\/01\/16198-volkswagenid-7-1672841179.jpg\" title=\"16198-volkswagenid-7-1672841179\"  data-caption=\"\"  data-description=\"\">\r\n                                <img decoding=\"async\" src=\"https:\/\/welt-auto.ro\/file\/2023\/01\/16198-volkswagenid-7-1672841179-630x420.jpg\" srcset=\"https:\/\/welt-auto.ro\/file\/2023\/01\/16198-volkswagenid-7-1672841179-630x420.jpg 630w, https:\/\/welt-auto.ro\/file\/2023\/01\/16198-volkswagenid-7-1672841179-300x200.jpg 300w, https:\/\/welt-auto.ro\/file\/2023\/01\/16198-volkswagenid-7-1672841179-768x512.jpg 768w, https:\/\/welt-auto.ro\/file\/2023\/01\/16198-volkswagenid-7-1672841179-640x426.jpg 640w, https:\/\/welt-auto.ro\/file\/2023\/01\/16198-volkswagenid-7-1672841179-681x454.jpg 681w, https:\/\/welt-auto.ro\/file\/2023\/01\/16198-volkswagenid-7-1672841179.jpg 980w\" sizes=\"(max-width: 630px) 100vw, 630px\" alt=\"\">\r\n                            <\/a>\r\n                            \r\n                        <\/figure>\r\n                    <\/div>\r\n                    <div class = \"td-slide-item td-item5\">\r\n                        <figure class=\"td-slide-galery-figure td-slide-popup-gallery\">\r\n                            <a class=\"slide-gallery-image-link\" href=\"https:\/\/welt-auto.ro\/file\/2023\/01\/16199-volkswagenid-7-1672841183.jpg\" title=\"16199-volkswagenid-7-1672841183\"  data-caption=\"\"  data-description=\"\">\r\n                                <img decoding=\"async\" src=\"https:\/\/welt-auto.ro\/file\/2023\/01\/16199-volkswagenid-7-1672841183-630x420.jpg\" srcset=\"https:\/\/welt-auto.ro\/file\/2023\/01\/16199-volkswagenid-7-1672841183-630x420.jpg 630w, https:\/\/welt-auto.ro\/file\/2023\/01\/16199-volkswagenid-7-1672841183-300x200.jpg 300w, https:\/\/welt-auto.ro\/file\/2023\/01\/16199-volkswagenid-7-1672841183-768x512.jpg 768w, https:\/\/welt-auto.ro\/file\/2023\/01\/16199-volkswagenid-7-1672841183-640x426.jpg 640w, https:\/\/welt-auto.ro\/file\/2023\/01\/16199-volkswagenid-7-1672841183-681x454.jpg 681w, https:\/\/welt-auto.ro\/file\/2023\/01\/16199-volkswagenid-7-1672841183.jpg 980w\" sizes=\"(max-width: 630px) 100vw, 630px\" alt=\"\">\r\n                            <\/a>\r\n                            \r\n                        <\/figure>\r\n                    <\/div>\r\n                    <div class = \"td-slide-item td-item6\">\r\n                        <figure class=\"td-slide-galery-figure td-slide-popup-gallery\">\r\n                            <a class=\"slide-gallery-image-link\" href=\"https:\/\/welt-auto.ro\/file\/2023\/01\/16200-volkswagenid-7-1672841183.jpg\" title=\"16200-volkswagenid-7-1672841183\"  data-caption=\"\"  data-description=\"\">\r\n                                <img decoding=\"async\" src=\"https:\/\/welt-auto.ro\/file\/2023\/01\/16200-volkswagenid-7-1672841183-630x420.jpg\" srcset=\"https:\/\/welt-auto.ro\/file\/2023\/01\/16200-volkswagenid-7-1672841183-630x420.jpg 630w, https:\/\/welt-auto.ro\/file\/2023\/01\/16200-volkswagenid-7-1672841183-300x200.jpg 300w, https:\/\/welt-auto.ro\/file\/2023\/01\/16200-volkswagenid-7-1672841183-768x512.jpg 768w, https:\/\/welt-auto.ro\/file\/2023\/01\/16200-volkswagenid-7-1672841183-640x426.jpg 640w, https:\/\/welt-auto.ro\/file\/2023\/01\/16200-volkswagenid-7-1672841183-681x454.jpg 681w, https:\/\/welt-auto.ro\/file\/2023\/01\/16200-volkswagenid-7-1672841183.jpg 980w\" sizes=\"(max-width: 630px) 100vw, 630px\" alt=\"\">\r\n                            <\/a>\r\n                            \r\n                        <\/figure>\r\n                    <\/div>\r\n                    <div class = \"td-slide-item td-item7\">\r\n                        <figure class=\"td-slide-galery-figure td-slide-popup-gallery\">\r\n                            <a class=\"slide-gallery-image-link\" href=\"https:\/\/welt-auto.ro\/file\/2023\/01\/16190-volkswagenid-7-1672841181.jpg\" title=\"16190-volkswagenid-7-1672841181\"  data-caption=\"\"  data-description=\"\">\r\n                                <img decoding=\"async\" src=\"https:\/\/welt-auto.ro\/file\/2023\/01\/16190-volkswagenid-7-1672841181-747x420.jpg\" srcset=\"https:\/\/welt-auto.ro\/file\/2023\/01\/16190-volkswagenid-7-1672841181-747x420.jpg 747w, https:\/\/welt-auto.ro\/file\/2023\/01\/16190-volkswagenid-7-1672841181-300x169.jpg 300w, https:\/\/welt-auto.ro\/file\/2023\/01\/16190-volkswagenid-7-1672841181-768x432.jpg 768w, https:\/\/welt-auto.ro\/file\/2023\/01\/16190-volkswagenid-7-1672841181-640x360.jpg 640w, https:\/\/welt-auto.ro\/file\/2023\/01\/16190-volkswagenid-7-1672841181-681x383.jpg 681w, https:\/\/welt-auto.ro\/file\/2023\/01\/16190-volkswagenid-7-1672841181.jpg 980w\" sizes=\"(max-width: 747px) 100vw, 747px\" alt=\"\">\r\n                            <\/a>\r\n                            \r\n                        <\/figure>\r\n                    <\/div>\r\n                    <div class = \"td-slide-item td-item8\">\r\n                        <figure class=\"td-slide-galery-figure td-slide-popup-gallery\">\r\n                            <a class=\"slide-gallery-image-link\" href=\"https:\/\/welt-auto.ro\/file\/2023\/01\/16201-volkswagenid-7-1672841183.jpg\" title=\"16201-volkswagenid-7-1672841183\"  data-caption=\"\"  data-description=\"\">\r\n                                <img decoding=\"async\" src=\"https:\/\/welt-auto.ro\/file\/2023\/01\/16201-volkswagenid-7-1672841183-280x420.jpg\" srcset=\"https:\/\/welt-auto.ro\/file\/2023\/01\/16201-volkswagenid-7-1672841183-280x420.jpg 280w, https:\/\/welt-auto.ro\/file\/2023\/01\/16201-volkswagenid-7-1672841183-200x300.jpg 200w, https:\/\/welt-auto.ro\/file\/2023\/01\/16201-volkswagenid-7-1672841183-683x1024.jpg 683w, https:\/\/welt-auto.ro\/file\/2023\/01\/16201-volkswagenid-7-1672841183-768x1152.jpg 768w, https:\/\/welt-auto.ro\/file\/2023\/01\/16201-volkswagenid-7-1672841183-640x960.jpg 640w, https:\/\/welt-auto.ro\/file\/2023\/01\/16201-volkswagenid-7-1672841183-681x1022.jpg 681w, https:\/\/welt-auto.ro\/file\/2023\/01\/16201-volkswagenid-7-1672841183.jpg 980w\" sizes=\"(max-width: 280px) 100vw, 280px\" alt=\"\">\r\n                            <\/a>\r\n                            \r\n                        <\/figure>\r\n                    <\/div>\r\n                    <div class = \"td-slide-item td-item9\">\r\n                        <figure class=\"td-slide-galery-figure td-slide-popup-gallery\">\r\n                            <a class=\"slide-gallery-image-link\" href=\"https:\/\/welt-auto.ro\/file\/2023\/01\/16202-volkswagenid-7-1672841183.jpg\" title=\"16202-volkswagenid-7-1672841183\"  data-caption=\"\"  data-description=\"\">\r\n                                <img decoding=\"async\" src=\"https:\/\/welt-auto.ro\/file\/2023\/01\/16202-volkswagenid-7-1672841183-280x420.jpg\" srcset=\"https:\/\/welt-auto.ro\/file\/2023\/01\/16202-volkswagenid-7-1672841183-280x420.jpg 280w, https:\/\/welt-auto.ro\/file\/2023\/01\/16202-volkswagenid-7-1672841183-200x300.jpg 200w, https:\/\/welt-auto.ro\/file\/2023\/01\/16202-volkswagenid-7-1672841183-683x1024.jpg 683w, https:\/\/welt-auto.ro\/file\/2023\/01\/16202-volkswagenid-7-1672841183-768x1152.jpg 768w, https:\/\/welt-auto.ro\/file\/2023\/01\/16202-volkswagenid-7-1672841183-640x960.jpg 640w, https:\/\/welt-auto.ro\/file\/2023\/01\/16202-volkswagenid-7-1672841183-681x1022.jpg 681w, https:\/\/welt-auto.ro\/file\/2023\/01\/16202-volkswagenid-7-1672841183.jpg 980w\" sizes=\"(max-width: 280px) 100vw, 280px\" alt=\"\">\r\n                            <\/a>\r\n                            \r\n                        <\/figure>\r\n                    <\/div>\r\n                    <div class = \"td-slide-item td-item10\">\r\n                        <figure class=\"td-slide-galery-figure td-slide-popup-gallery\">\r\n                            <a class=\"slide-gallery-image-link\" href=\"https:\/\/welt-auto.ro\/file\/2023\/01\/16203-volkswagenid-7-1672841183.jpg\" title=\"16203-volkswagenid-7-1672841183\"  data-caption=\"\"  data-description=\"\">\r\n                                <img decoding=\"async\" src=\"https:\/\/welt-auto.ro\/file\/2023\/01\/16203-volkswagenid-7-1672841183-280x420.jpg\" srcset=\"https:\/\/welt-auto.ro\/file\/2023\/01\/16203-volkswagenid-7-1672841183-280x420.jpg 280w, https:\/\/welt-auto.ro\/file\/2023\/01\/16203-volkswagenid-7-1672841183-200x300.jpg 200w, https:\/\/welt-auto.ro\/file\/2023\/01\/16203-volkswagenid-7-1672841183-683x1024.jpg 683w, https:\/\/welt-auto.ro\/file\/2023\/01\/16203-volkswagenid-7-1672841183-768x1152.jpg 768w, https:\/\/welt-auto.ro\/file\/2023\/01\/16203-volkswagenid-7-1672841183-640x960.jpg 640w, https:\/\/welt-auto.ro\/file\/2023\/01\/16203-volkswagenid-7-1672841183-681x1022.jpg 681w, https:\/\/welt-auto.ro\/file\/2023\/01\/16203-volkswagenid-7-1672841183.jpg 980w\" sizes=\"(max-width: 280px) 100vw, 280px\" alt=\"\">\r\n                            <\/a>\r\n                            \r\n                        <\/figure>\r\n                    <\/div>\r\n                    <div class = \"td-slide-item td-item11\">\r\n                        <figure class=\"td-slide-galery-figure td-slide-popup-gallery\">\r\n                            <a class=\"slide-gallery-image-link\" href=\"https:\/\/welt-auto.ro\/file\/2023\/01\/16204-volkswagenid-7-1672841184.jpg\" title=\"16204-volkswagenid-7-1672841184\"  data-caption=\"\"  data-description=\"\">\r\n                                <img decoding=\"async\" src=\"https:\/\/welt-auto.ro\/file\/2023\/01\/16204-volkswagenid-7-1672841184-630x420.jpg\" srcset=\"https:\/\/welt-auto.ro\/file\/2023\/01\/16204-volkswagenid-7-1672841184-630x420.jpg 630w, https:\/\/welt-auto.ro\/file\/2023\/01\/16204-volkswagenid-7-1672841184-300x200.jpg 300w, https:\/\/welt-auto.ro\/file\/2023\/01\/16204-volkswagenid-7-1672841184-768x512.jpg 768w, https:\/\/welt-auto.ro\/file\/2023\/01\/16204-volkswagenid-7-1672841184-640x426.jpg 640w, https:\/\/welt-auto.ro\/file\/2023\/01\/16204-volkswagenid-7-1672841184-681x454.jpg 681w, https:\/\/welt-auto.ro\/file\/2023\/01\/16204-volkswagenid-7-1672841184.jpg 980w\" sizes=\"(max-width: 630px) 100vw, 630px\" alt=\"\">\r\n                            <\/a>\r\n                            \r\n                        <\/figure>\r\n                    <\/div>\r\n                    <div class = \"td-slide-item td-item12\">\r\n                        <figure class=\"td-slide-galery-figure td-slide-popup-gallery\">\r\n                            <a class=\"slide-gallery-image-link\" href=\"https:\/\/welt-auto.ro\/file\/2023\/01\/16205-volkswagenid-7-1672841184.jpg\" title=\"16205-volkswagenid-7-1672841184\"  data-caption=\"\"  data-description=\"\">\r\n                                <img decoding=\"async\" src=\"https:\/\/welt-auto.ro\/file\/2023\/01\/16205-volkswagenid-7-1672841184-280x420.jpg\" srcset=\"https:\/\/welt-auto.ro\/file\/2023\/01\/16205-volkswagenid-7-1672841184-280x420.jpg 280w, https:\/\/welt-auto.ro\/file\/2023\/01\/16205-volkswagenid-7-1672841184-200x300.jpg 200w, https:\/\/welt-auto.ro\/file\/2023\/01\/16205-volkswagenid-7-1672841184-683x1024.jpg 683w, https:\/\/welt-auto.ro\/file\/2023\/01\/16205-volkswagenid-7-1672841184-768x1152.jpg 768w, https:\/\/welt-auto.ro\/file\/2023\/01\/16205-volkswagenid-7-1672841184-640x960.jpg 640w, https:\/\/welt-auto.ro\/file\/2023\/01\/16205-volkswagenid-7-1672841184-681x1022.jpg 681w, https:\/\/welt-auto.ro\/file\/2023\/01\/16205-volkswagenid-7-1672841184.jpg 980w\" sizes=\"(max-width: 280px) 100vw, 280px\" alt=\"\">\r\n                            <\/a>\r\n                            \r\n                        <\/figure>\r\n                    <\/div>\r\n                    <div class = \"td-slide-item td-item13\">\r\n                        <figure class=\"td-slide-galery-figure td-slide-popup-gallery\">\r\n                            <a class=\"slide-gallery-image-link\" href=\"https:\/\/welt-auto.ro\/file\/2023\/01\/16192-volkswagenid-7-1672841179.jpg\" title=\"16192-volkswagenid-7-1672841179\"  data-caption=\"\"  data-description=\"\">\r\n                                <img decoding=\"async\" src=\"https:\/\/welt-auto.ro\/file\/2023\/01\/16192-volkswagenid-7-1672841179-747x420.jpg\" srcset=\"https:\/\/welt-auto.ro\/file\/2023\/01\/16192-volkswagenid-7-1672841179-747x420.jpg 747w, https:\/\/welt-auto.ro\/file\/2023\/01\/16192-volkswagenid-7-1672841179-300x169.jpg 300w, https:\/\/welt-auto.ro\/file\/2023\/01\/16192-volkswagenid-7-1672841179-768x432.jpg 768w, https:\/\/welt-auto.ro\/file\/2023\/01\/16192-volkswagenid-7-1672841179-640x360.jpg 640w, https:\/\/welt-auto.ro\/file\/2023\/01\/16192-volkswagenid-7-1672841179-681x383.jpg 681w, https:\/\/welt-auto.ro\/file\/2023\/01\/16192-volkswagenid-7-1672841179.jpg 980w\" sizes=\"(max-width: 747px) 100vw, 747px\" alt=\"\">\r\n                            <\/a>\r\n                            \r\n                        <\/figure>\r\n                    <\/div>\r\n                    <div class = \"td-slide-item td-item14\">\r\n                        <figure class=\"td-slide-galery-figure td-slide-popup-gallery\">\r\n                            <a class=\"slide-gallery-image-link\" href=\"https:\/\/welt-auto.ro\/file\/2023\/01\/16193-volkswagenid-7-1672841179.jpg\" title=\"16193-volkswagenid-7-1672841179\"  data-caption=\"\"  data-description=\"\">\r\n                                <img decoding=\"async\" src=\"https:\/\/welt-auto.ro\/file\/2023\/01\/16193-volkswagenid-7-1672841179-747x420.jpg\" srcset=\"https:\/\/welt-auto.ro\/file\/2023\/01\/16193-volkswagenid-7-1672841179-747x420.jpg 747w, https:\/\/welt-auto.ro\/file\/2023\/01\/16193-volkswagenid-7-1672841179-300x169.jpg 300w, https:\/\/welt-auto.ro\/file\/2023\/01\/16193-volkswagenid-7-1672841179-768x432.jpg 768w, https:\/\/welt-auto.ro\/file\/2023\/01\/16193-volkswagenid-7-1672841179-640x360.jpg 640w, https:\/\/welt-auto.ro\/file\/2023\/01\/16193-volkswagenid-7-1672841179-681x383.jpg 681w, https:\/\/welt-auto.ro\/file\/2023\/01\/16193-volkswagenid-7-1672841179.jpg 980w\" sizes=\"(max-width: 747px) 100vw, 747px\" alt=\"\">\r\n                            <\/a>\r\n                            \r\n                        <\/figure>\r\n                    <\/div>\r\n                    <div class = \"td-slide-item td-item15\">\r\n                        <figure class=\"td-slide-galery-figure td-slide-popup-gallery\">\r\n                            <a class=\"slide-gallery-image-link\" href=\"https:\/\/welt-auto.ro\/file\/2023\/01\/16207-volkswagenid-7-1672841185.jpg\" title=\"16207-volkswagenid-7-1672841185\"  data-caption=\"\"  data-description=\"\">\r\n                                <img decoding=\"async\" src=\"https:\/\/welt-auto.ro\/file\/2023\/01\/16207-volkswagenid-7-1672841185-746x420.jpg\" srcset=\"https:\/\/welt-auto.ro\/file\/2023\/01\/16207-volkswagenid-7-1672841185-746x420.jpg 746w, https:\/\/welt-auto.ro\/file\/2023\/01\/16207-volkswagenid-7-1672841185-300x169.jpg 300w, https:\/\/welt-auto.ro\/file\/2023\/01\/16207-volkswagenid-7-1672841185-768x433.jpg 768w, https:\/\/welt-auto.ro\/file\/2023\/01\/16207-volkswagenid-7-1672841185-640x360.jpg 640w, https:\/\/welt-auto.ro\/file\/2023\/01\/16207-volkswagenid-7-1672841185-681x384.jpg 681w, https:\/\/welt-auto.ro\/file\/2023\/01\/16207-volkswagenid-7-1672841185.jpg 980w\" sizes=\"(max-width: 746px) 100vw, 746px\" alt=\"\">\r\n                            <\/a>\r\n                            \r\n                        <\/figure>\r\n                    <\/div>\r\n                    <div class = \"td-slide-item td-item16\">\r\n                        <figure class=\"td-slide-galery-figure td-slide-popup-gallery\">\r\n                            <a class=\"slide-gallery-image-link\" href=\"https:\/\/welt-auto.ro\/file\/2023\/01\/16208-volkswagenid-7-1672841185.jpg\" title=\"16208-volkswagenid-7-1672841185\"  data-caption=\"\"  data-description=\"\">\r\n                                <img decoding=\"async\" src=\"https:\/\/welt-auto.ro\/file\/2023\/01\/16208-volkswagenid-7-1672841185-746x420.jpg\" srcset=\"https:\/\/welt-auto.ro\/file\/2023\/01\/16208-volkswagenid-7-1672841185-746x420.jpg 746w, https:\/\/welt-auto.ro\/file\/2023\/01\/16208-volkswagenid-7-1672841185-300x169.jpg 300w, https:\/\/welt-auto.ro\/file\/2023\/01\/16208-volkswagenid-7-1672841185-768x433.jpg 768w, https:\/\/welt-auto.ro\/file\/2023\/01\/16208-volkswagenid-7-1672841185-640x360.jpg 640w, https:\/\/welt-auto.ro\/file\/2023\/01\/16208-volkswagenid-7-1672841185-681x384.jpg 681w, https:\/\/welt-auto.ro\/file\/2023\/01\/16208-volkswagenid-7-1672841185.jpg 980w\" sizes=\"(max-width: 746px) 100vw, 746px\" alt=\"\">\r\n                            <\/a>\r\n                            \r\n                        <\/figure>\r\n                    <\/div>\r\n                    <div class = \"td-slide-item td-item17\">\r\n                        <figure class=\"td-slide-galery-figure td-slide-popup-gallery\">\r\n                            <a class=\"slide-gallery-image-link\" href=\"https:\/\/welt-auto.ro\/file\/2023\/01\/16191-volkswagenid-7-1672841181.jpg\" title=\"16191-volkswagenid-7-1672841181\"  data-caption=\"\"  data-description=\"\">\r\n                                <img decoding=\"async\" src=\"https:\/\/welt-auto.ro\/file\/2023\/01\/16191-volkswagenid-7-1672841181-747x420.jpg\" srcset=\"https:\/\/welt-auto.ro\/file\/2023\/01\/16191-volkswagenid-7-1672841181-747x420.jpg 747w, https:\/\/welt-auto.ro\/file\/2023\/01\/16191-volkswagenid-7-1672841181-300x169.jpg 300w, https:\/\/welt-auto.ro\/file\/2023\/01\/16191-volkswagenid-7-1672841181-768x432.jpg 768w, https:\/\/welt-auto.ro\/file\/2023\/01\/16191-volkswagenid-7-1672841181-640x360.jpg 640w, https:\/\/welt-auto.ro\/file\/2023\/01\/16191-volkswagenid-7-1672841181-681x383.jpg 681w, https:\/\/welt-auto.ro\/file\/2023\/01\/16191-volkswagenid-7-1672841181.jpg 980w\" sizes=\"(max-width: 747px) 100vw, 747px\" alt=\"\">\r\n                            <\/a>\r\n                            \r\n                        <\/figure>\r\n                    <\/div>\r\n                    <div class = \"td-slide-item td-item18\">\r\n                        <figure class=\"td-slide-galery-figure td-slide-popup-gallery\">\r\n                            <a class=\"slide-gallery-image-link\" href=\"https:\/\/welt-auto.ro\/file\/2023\/01\/16209-volkswagenid-7-1672841185.jpg\" title=\"16209-volkswagenid-7-1672841185\"  data-caption=\"\"  data-description=\"\">\r\n                                <img decoding=\"async\" src=\"https:\/\/welt-auto.ro\/file\/2023\/01\/16209-volkswagenid-7-1672841185-630x420.jpg\" srcset=\"https:\/\/welt-auto.ro\/file\/2023\/01\/16209-volkswagenid-7-1672841185-630x420.jpg 630w, https:\/\/welt-auto.ro\/file\/2023\/01\/16209-volkswagenid-7-1672841185-300x200.jpg 300w, https:\/\/welt-auto.ro\/file\/2023\/01\/16209-volkswagenid-7-1672841185-768x512.jpg 768w, https:\/\/welt-auto.ro\/file\/2023\/01\/16209-volkswagenid-7-1672841185-640x426.jpg 640w, https:\/\/welt-auto.ro\/file\/2023\/01\/16209-volkswagenid-7-1672841185-681x454.jpg 681w, https:\/\/welt-auto.ro\/file\/2023\/01\/16209-volkswagenid-7-1672841185.jpg 980w\" sizes=\"(max-width: 630px) 100vw, 630px\" alt=\"\">\r\n                            <\/a>\r\n                            \r\n                        <\/figure>\r\n                    <\/div>\r\n                    <div class = \"td-slide-item td-item19\">\r\n                        <figure class=\"td-slide-galery-figure td-slide-popup-gallery\">\r\n                            <a class=\"slide-gallery-image-link\" href=\"https:\/\/welt-auto.ro\/file\/2023\/01\/16210-volkswagenid-7-1672841186-1.jpg\" title=\"16210-volkswagenid-7-1672841186 (1)\"  data-caption=\"\"  data-description=\"\">\r\n                                <img decoding=\"async\" src=\"https:\/\/welt-auto.ro\/file\/2023\/01\/16210-volkswagenid-7-1672841186-1-630x420.jpg\" srcset=\"https:\/\/welt-auto.ro\/file\/2023\/01\/16210-volkswagenid-7-1672841186-1-630x420.jpg 630w, https:\/\/welt-auto.ro\/file\/2023\/01\/16210-volkswagenid-7-1672841186-1-300x200.jpg 300w, https:\/\/welt-auto.ro\/file\/2023\/01\/16210-volkswagenid-7-1672841186-1-768x512.jpg 768w, https:\/\/welt-auto.ro\/file\/2023\/01\/16210-volkswagenid-7-1672841186-1-640x426.jpg 640w, https:\/\/welt-auto.ro\/file\/2023\/01\/16210-volkswagenid-7-1672841186-1-681x454.jpg 681w, https:\/\/welt-auto.ro\/file\/2023\/01\/16210-volkswagenid-7-1672841186-1.jpg 980w\" sizes=\"(max-width: 630px) 100vw, 630px\" alt=\"\">\r\n                            <\/a>\r\n                            \r\n                        <\/figure>\r\n                    <\/div>\r\n                    <div class = \"td-slide-item td-item20\">\r\n                        <figure class=\"td-slide-galery-figure td-slide-popup-gallery\">\r\n                            <a class=\"slide-gallery-image-link\" href=\"https:\/\/welt-auto.ro\/file\/2023\/01\/16213-volkswagenid-7-1672841186.jpg\" title=\"16213-volkswagenid-7-1672841186\"  data-caption=\"\"  data-description=\"\">\r\n                                <img decoding=\"async\" src=\"https:\/\/welt-auto.ro\/file\/2023\/01\/16213-volkswagenid-7-1672841186-630x420.jpg\" srcset=\"https:\/\/welt-auto.ro\/file\/2023\/01\/16213-volkswagenid-7-1672841186-630x420.jpg 630w, https:\/\/welt-auto.ro\/file\/2023\/01\/16213-volkswagenid-7-1672841186-300x200.jpg 300w, https:\/\/welt-auto.ro\/file\/2023\/01\/16213-volkswagenid-7-1672841186-768x512.jpg 768w, https:\/\/welt-auto.ro\/file\/2023\/01\/16213-volkswagenid-7-1672841186-640x426.jpg 640w, https:\/\/welt-auto.ro\/file\/2023\/01\/16213-volkswagenid-7-1672841186-681x454.jpg 681w, https:\/\/welt-auto.ro\/file\/2023\/01\/16213-volkswagenid-7-1672841186.jpg 980w\" sizes=\"(max-width: 630px) 100vw, 630px\" alt=\"\">\r\n                            <\/a>\r\n                            \r\n                        <\/figure>\r\n                    <\/div>\r\n                    <div class = \"td-slide-item td-item21\">\r\n                        <figure class=\"td-slide-galery-figure td-slide-popup-gallery\">\r\n                            <a class=\"slide-gallery-image-link\" href=\"https:\/\/welt-auto.ro\/file\/2023\/01\/16214-volkswagenid-7-1672841186.jpg\" title=\"16214-volkswagenid-7-1672841186\"  data-caption=\"\"  data-description=\"\">\r\n                                <img decoding=\"async\" src=\"https:\/\/welt-auto.ro\/file\/2023\/01\/16214-volkswagenid-7-1672841186-630x420.jpg\" srcset=\"https:\/\/welt-auto.ro\/file\/2023\/01\/16214-volkswagenid-7-1672841186-630x420.jpg 630w, https:\/\/welt-auto.ro\/file\/2023\/01\/16214-volkswagenid-7-1672841186-300x200.jpg 300w, https:\/\/welt-auto.ro\/file\/2023\/01\/16214-volkswagenid-7-1672841186-768x512.jpg 768w, https:\/\/welt-auto.ro\/file\/2023\/01\/16214-volkswagenid-7-1672841186-640x426.jpg 640w, https:\/\/welt-auto.ro\/file\/2023\/01\/16214-volkswagenid-7-1672841186-681x454.jpg 681w, https:\/\/welt-auto.ro\/file\/2023\/01\/16214-volkswagenid-7-1672841186.jpg 980w\" sizes=\"(max-width: 630px) 100vw, 630px\" alt=\"\">\r\n                            <\/a>\r\n                            \r\n                        <\/figure>\r\n                    <\/div>\r\n                    <div class = \"td-slide-item td-item22\">\r\n                        <figure class=\"td-slide-galery-figure td-slide-popup-gallery\">\r\n                            <a class=\"slide-gallery-image-link\" href=\"https:\/\/welt-auto.ro\/file\/2023\/01\/16215-volkswagenid-7-1672841186.jpg\" title=\"16215-volkswagenid-7-1672841186\"  data-caption=\"\"  data-description=\"\">\r\n                                <img decoding=\"async\" src=\"https:\/\/welt-auto.ro\/file\/2023\/01\/16215-volkswagenid-7-1672841186-630x420.jpg\" srcset=\"https:\/\/welt-auto.ro\/file\/2023\/01\/16215-volkswagenid-7-1672841186-630x420.jpg 630w, https:\/\/welt-auto.ro\/file\/2023\/01\/16215-volkswagenid-7-1672841186-300x200.jpg 300w, https:\/\/welt-auto.ro\/file\/2023\/01\/16215-volkswagenid-7-1672841186-768x512.jpg 768w, https:\/\/welt-auto.ro\/file\/2023\/01\/16215-volkswagenid-7-1672841186-640x426.jpg 640w, https:\/\/welt-auto.ro\/file\/2023\/01\/16215-volkswagenid-7-1672841186-681x454.jpg 681w, https:\/\/welt-auto.ro\/file\/2023\/01\/16215-volkswagenid-7-1672841186.jpg 980w\" sizes=\"(max-width: 630px) 100vw, 630px\" alt=\"\">\r\n                            <\/a>\r\n                            \r\n                        <\/figure>\r\n                    <\/div>\r\n                    <div class = \"td-slide-item td-item23\">\r\n                        <figure class=\"td-slide-galery-figure td-slide-popup-gallery\">\r\n                            <a class=\"slide-gallery-image-link\" href=\"https:\/\/welt-auto.ro\/file\/2023\/01\/16211-volkswagenid-7-1672841185-1.jpg\" title=\"16211-volkswagenid-7-1672841185 (1)\"  data-caption=\"\"  data-description=\"\">\r\n                                <img decoding=\"async\" src=\"https:\/\/welt-auto.ro\/file\/2023\/01\/16211-volkswagenid-7-1672841185-1-630x420.jpg\" srcset=\"https:\/\/welt-auto.ro\/file\/2023\/01\/16211-volkswagenid-7-1672841185-1-630x420.jpg 630w, https:\/\/welt-auto.ro\/file\/2023\/01\/16211-volkswagenid-7-1672841185-1-300x200.jpg 300w, https:\/\/welt-auto.ro\/file\/2023\/01\/16211-volkswagenid-7-1672841185-1-768x512.jpg 768w, https:\/\/welt-auto.ro\/file\/2023\/01\/16211-volkswagenid-7-1672841185-1-640x426.jpg 640w, https:\/\/welt-auto.ro\/file\/2023\/01\/16211-volkswagenid-7-1672841185-1-681x454.jpg 681w, https:\/\/welt-auto.ro\/file\/2023\/01\/16211-volkswagenid-7-1672841185-1.jpg 980w\" sizes=\"(max-width: 630px) 100vw, 630px\" alt=\"\">\r\n                            <\/a>\r\n                            \r\n                        <\/figure>\r\n                    <\/div>\r\n                            <\/div>\r\n                        <\/div>\r\n\r\n                        <div class = \"td-doubleSlider-2\">\r\n                            <div class = \"td-slider\">\r\n                                \r\n                    <div class = \"td-button td-item1\">\r\n                        <div class = \"td-border\"><\/div>\r\n                    <\/div>\r\n                    <div class = \"td-button td-item2\">\r\n                        <div class = \"td-border\"><\/div>\r\n                    <\/div>\r\n                    <div class = \"td-button td-item3\">\r\n                        <div class = \"td-border\"><\/div>\r\n                    <\/div>\r\n                    <div class = \"td-button td-item4\">\r\n                        <div class = \"td-border\"><\/div>\r\n                    <\/div>\r\n                    <div class = \"td-button td-item5\">\r\n                        <div class = \"td-border\"><\/div>\r\n                    <\/div>\r\n                    <div class = \"td-button td-item6\">\r\n                        <div class = \"td-border\"><\/div>\r\n                    <\/div>\r\n                    <div class = \"td-button td-item7\">\r\n                        <div class = \"td-border\"><\/div>\r\n                    <\/div>\r\n                    <div class = \"td-button td-item8\">\r\n                        <div class = \"td-border\"><\/div>\r\n                    <\/div>\r\n                    <div class = \"td-button td-item9\">\r\n                        <div class = \"td-border\"><\/div>\r\n                    <\/div>\r\n                    <div class = \"td-button td-item10\">\r\n                        <div class = \"td-border\"><\/div>\r\n                    <\/div>\r\n                    <div class = \"td-button td-item11\">\r\n                        <div class = \"td-border\"><\/div>\r\n                    <\/div>\r\n                    <div class = \"td-button td-item12\">\r\n                        <div class = \"td-border\"><\/div>\r\n                    <\/div>\r\n                    <div class = \"td-button td-item13\">\r\n                        <div class = \"td-border\"><\/div>\r\n                    <\/div>\r\n                    <div class = \"td-button td-item14\">\r\n                        <div class = \"td-border\"><\/div>\r\n                    <\/div>\r\n                    <div class = \"td-button td-item15\">\r\n                        <div class = \"td-border\"><\/div>\r\n                    <\/div>\r\n                    <div class = \"td-button td-item16\">\r\n                        <div class = \"td-border\"><\/div>\r\n                    <\/div>\r\n                    <div class = \"td-button td-item17\">\r\n                        <div class = \"td-border\"><\/div>\r\n                    <\/div>\r\n                    <div class = \"td-button td-item18\">\r\n                        <div class = \"td-border\"><\/div>\r\n                    <\/div>\r\n                    <div class = \"td-button td-item19\">\r\n                        <div class = \"td-border\"><\/div>\r\n                    <\/div>\r\n                    <div class = \"td-button td-item20\">\r\n                        <div class = \"td-border\"><\/div>\r\n                    <\/div>\r\n                    <div class = \"td-button td-item21\">\r\n                        <div class = \"td-border\"><\/div>\r\n                    <\/div>\r\n                    <div class = \"td-button td-item22\">\r\n                        <div class = \"td-border\"><\/div>\r\n                    <\/div>\r\n                    <div class = \"td-button td-item23\">\r\n                        <div class = \"td-border\"><\/div>\r\n                    <\/div>\r\n                            <\/div>\r\n                        <\/div>\r\n\r\n                    <\/div>\r\n\r\n                <\/div>\r\n                \n<p>Volkswagen spune c\u0103 va dezv\u0103lui ID.7 de serie \u00een al doilea trimestru al anului 2023, dar nu men\u021bioneaz\u0103 c\u00e2nd va fi pus \u00een v\u00e2nzare. \u00centre timp, acest prototip trivial va fi expus la Consumer Electronics Show (CES) din Las Vegas, \u00een perioada 5-8 ianuarie.<\/p>\n<p>&nbsp;<\/p>\n","protected":false},"excerpt":{"rendered":"<p>Volkswagen a dezv\u0103luit miercuri un prototip al viitoarei sale berline ID.7, oferindu-ne o prim\u0103 imagine a lupt\u0103torului Tesla Model 3, un model complet electric, \u00eenainte ca acesta s\u0103 fie pus \u00een v\u00e2nzare la sf\u00e2r\u0219itul acestui an. Urm\u0103rind ID-ul de inspira\u021bie retro. Buzz, ID.7 va fi cel de-al \u0219aselea automobil de serie complet electric din familia [&hellip;]<\/p>\n","protected":false},"author":2,"featured_media":650,"comment_status":"open","ping_status":"open","sticky":false,"template":"","format":"standard","meta":{"footnotes":""},"categories":[17],"tags":[118,117,115,116],"class_list":["post-649","post","type-post","status-publish","format-standard","has-post-thumbnail","hentry","category-modele-noi-auto","tag-camuflaj-volkswage","tag-id-7","tag-volkswage","tag-volkswagen-id-7"],"yoast_head":"<!-- This site is optimized with the Yoast SEO plugin v23.1 - https:\/\/yoast.com\/wordpress\/plugins\/seo\/ -->\n<title>2024 Volkswagen ID.7 camuflat - Fotografii din toate unghiurile - Un altfel de Blog Auto - Welt-auto.ro<\/title>\n<meta name=\"robots\" content=\"index, follow, max-snippet:-1, max-image-preview:large, max-video-preview:-1\" \/>\n<link rel=\"canonical\" href=\"https:\/\/welt-auto.ro\/2024-volkswagen-id-7-camuflat-fotografii-din-toate-unghiurile\/\" \/>\n<meta property=\"og:locale\" content=\"ro_RO\" \/>\n<meta property=\"og:type\" content=\"article\" \/>\n<meta property=\"og:title\" content=\"2024 Volkswagen ID.7 camuflat - Fotografii din toate unghiurile - Un altfel de Blog Auto - Welt-auto.ro\" \/>\n<meta property=\"og:description\" content=\"Volkswagen a dezv\u0103luit miercuri un prototip al viitoarei sale berline ID.7, oferindu-ne o prim\u0103 imagine a lupt\u0103torului Tesla Model 3, un model complet electric, \u00eenainte ca acesta s\u0103 fie pus \u00een v\u00e2nzare la sf\u00e2r\u0219itul acestui an. Urm\u0103rind ID-ul de inspira\u021bie retro. Buzz, ID.7 va fi cel de-al \u0219aselea automobil de serie complet electric din familia [&hellip;]\" \/>\n<meta property=\"og:url\" content=\"https:\/\/welt-auto.ro\/2024-volkswagen-id-7-camuflat-fotografii-din-toate-unghiurile\/\" \/>\n<meta property=\"og:site_name\" content=\"Un altfel de Blog Auto - Welt-auto.ro\" \/>\n<meta property=\"article:publisher\" content=\"https:\/\/www.facebook.com\/weltautor\" \/>\n<meta property=\"article:published_time\" content=\"2023-01-08T22:25:58+00:00\" \/>\n<meta property=\"article:modified_time\" content=\"2023-01-08T22:29:01+00:00\" \/>\n<meta property=\"og:image\" content=\"https:\/\/welt-auto.ro\/file\/2023\/01\/16211-volkswagenid-7-1672841185.jpg\" \/>\n\t<meta property=\"og:image:width\" content=\"980\" \/>\n\t<meta property=\"og:image:height\" content=\"653\" \/>\n\t<meta property=\"og:image:type\" content=\"image\/jpeg\" \/>\n<meta name=\"author\" content=\"Andrei Welther\" \/>\n<meta name=\"twitter:card\" content=\"summary_large_image\" \/>\n<meta name=\"twitter:label1\" content=\"Scris de\" \/>\n\t<meta name=\"twitter:data1\" content=\"Andrei Welther\" \/>\n\t<meta name=\"twitter:label2\" content=\"Timp estimat pentru citire\" \/>\n\t<meta name=\"twitter:data2\" content=\"2 minute\" \/>\n<script type=\"application\/ld+json\" class=\"yoast-schema-graph\">{\"@context\":\"https:\/\/schema.org\",\"@graph\":[{\"@type\":\"WebPage\",\"@id\":\"https:\/\/welt-auto.ro\/2024-volkswagen-id-7-camuflat-fotografii-din-toate-unghiurile\/\",\"url\":\"https:\/\/welt-auto.ro\/2024-volkswagen-id-7-camuflat-fotografii-din-toate-unghiurile\/\",\"name\":\"2024 Volkswagen ID.7 camuflat - Fotografii din toate unghiurile - Un altfel de Blog Auto - Welt-auto.ro\",\"isPartOf\":{\"@id\":\"https:\/\/welt-auto.ro\/#website\"},\"primaryImageOfPage\":{\"@id\":\"https:\/\/welt-auto.ro\/2024-volkswagen-id-7-camuflat-fotografii-din-toate-unghiurile\/#primaryimage\"},\"image\":{\"@id\":\"https:\/\/welt-auto.ro\/2024-volkswagen-id-7-camuflat-fotografii-din-toate-unghiurile\/#primaryimage\"},\"thumbnailUrl\":\"https:\/\/welt-auto.ro\/file\/2023\/01\/16211-volkswagenid-7-1672841185.jpg\",\"datePublished\":\"2023-01-08T22:25:58+00:00\",\"dateModified\":\"2023-01-08T22:29:01+00:00\",\"author\":{\"@id\":\"https:\/\/welt-auto.ro\/#\/schema\/person\/69a640369c1548e5b5e04f610d3be559\"},\"breadcrumb\":{\"@id\":\"https:\/\/welt-auto.ro\/2024-volkswagen-id-7-camuflat-fotografii-din-toate-unghiurile\/#breadcrumb\"},\"inLanguage\":\"ro-RO\",\"potentialAction\":[{\"@type\":\"ReadAction\",\"target\":[\"https:\/\/welt-auto.ro\/2024-volkswagen-id-7-camuflat-fotografii-din-toate-unghiurile\/\"]}]},{\"@type\":\"ImageObject\",\"inLanguage\":\"ro-RO\",\"@id\":\"https:\/\/welt-auto.ro\/2024-volkswagen-id-7-camuflat-fotografii-din-toate-unghiurile\/#primaryimage\",\"url\":\"https:\/\/welt-auto.ro\/file\/2023\/01\/16211-volkswagenid-7-1672841185.jpg\",\"contentUrl\":\"https:\/\/welt-auto.ro\/file\/2023\/01\/16211-volkswagenid-7-1672841185.jpg\",\"width\":980,\"height\":653,\"caption\":\"2024 Volkswagen ID.7 camuflat - Fotografii din toate unghiurile\"},{\"@type\":\"BreadcrumbList\",\"@id\":\"https:\/\/welt-auto.ro\/2024-volkswagen-id-7-camuflat-fotografii-din-toate-unghiurile\/#breadcrumb\",\"itemListElement\":[{\"@type\":\"ListItem\",\"position\":1,\"name\":\"Prima pagin\u0103\",\"item\":\"https:\/\/welt-auto.ro\/\"},{\"@type\":\"ListItem\",\"position\":2,\"name\":\"2024 Volkswagen ID.7 camuflat &#8211; Fotografii din toate unghiurile\"}]},{\"@type\":\"WebSite\",\"@id\":\"https:\/\/welt-auto.ro\/#website\",\"url\":\"https:\/\/welt-auto.ro\/\",\"name\":\"Un altfel de Blog Auto - Welt-auto.ro\",\"description\":\"Un altfel de blog auto -afla acum detalii din lumea auto\",\"potentialAction\":[{\"@type\":\"SearchAction\",\"target\":{\"@type\":\"EntryPoint\",\"urlTemplate\":\"https:\/\/welt-auto.ro\/?s={search_term_string}\"},\"query-input\":\"required name=search_term_string\"}],\"inLanguage\":\"ro-RO\"},{\"@type\":\"Person\",\"@id\":\"https:\/\/welt-auto.ro\/#\/schema\/person\/69a640369c1548e5b5e04f610d3be559\",\"name\":\"Andrei Welther\",\"image\":{\"@type\":\"ImageObject\",\"inLanguage\":\"ro-RO\",\"@id\":\"https:\/\/welt-auto.ro\/#\/schema\/person\/image\/\",\"url\":\"https:\/\/secure.gravatar.com\/avatar\/bd4a792415fb39fa51798d58ac2f37a43840d82d0caaa90a29f315aec4e6d416?s=96&d=mm&r=g\",\"contentUrl\":\"https:\/\/secure.gravatar.com\/avatar\/bd4a792415fb39fa51798d58ac2f37a43840d82d0caaa90a29f315aec4e6d416?s=96&d=mm&r=g\",\"caption\":\"Andrei Welther\"},\"sameAs\":[\"https:\/\/weltcars.com\"],\"url\":\"https:\/\/welt-auto.ro\/profile\/weltandrei\/\"}]}<\/script>\n<!-- \/ Yoast SEO plugin. -->","yoast_head_json":{"title":"2024 Volkswagen ID.7 camuflat - Fotografii din toate unghiurile - Un altfel de Blog Auto - Welt-auto.ro","robots":{"index":"index","follow":"follow","max-snippet":"max-snippet:-1","max-image-preview":"max-image-preview:large","max-video-preview":"max-video-preview:-1"},"canonical":"https:\/\/welt-auto.ro\/2024-volkswagen-id-7-camuflat-fotografii-din-toate-unghiurile\/","og_locale":"ro_RO","og_type":"article","og_title":"2024 Volkswagen ID.7 camuflat - Fotografii din toate unghiurile - Un altfel de Blog Auto - Welt-auto.ro","og_description":"Volkswagen a dezv\u0103luit miercuri un prototip al viitoarei sale berline ID.7, oferindu-ne o prim\u0103 imagine a lupt\u0103torului Tesla Model 3, un model complet electric, \u00eenainte ca acesta s\u0103 fie pus \u00een v\u00e2nzare la sf\u00e2r\u0219itul acestui an. Urm\u0103rind ID-ul de inspira\u021bie retro. Buzz, ID.7 va fi cel de-al \u0219aselea automobil de serie complet electric din familia [&hellip;]","og_url":"https:\/\/welt-auto.ro\/2024-volkswagen-id-7-camuflat-fotografii-din-toate-unghiurile\/","og_site_name":"Un altfel de Blog Auto - Welt-auto.ro","article_publisher":"https:\/\/www.facebook.com\/weltautor","article_published_time":"2023-01-08T22:25:58+00:00","article_modified_time":"2023-01-08T22:29:01+00:00","og_image":[{"width":980,"height":653,"url":"https:\/\/welt-auto.ro\/file\/2023\/01\/16211-volkswagenid-7-1672841185.jpg","type":"image\/jpeg"}],"author":"Andrei Welther","twitter_card":"summary_large_image","twitter_misc":{"Scris de":"Andrei Welther","Timp estimat pentru citire":"2 minute"},"schema":{"@context":"https:\/\/schema.org","@graph":[{"@type":"WebPage","@id":"https:\/\/welt-auto.ro\/2024-volkswagen-id-7-camuflat-fotografii-din-toate-unghiurile\/","url":"https:\/\/welt-auto.ro\/2024-volkswagen-id-7-camuflat-fotografii-din-toate-unghiurile\/","name":"2024 Volkswagen ID.7 camuflat - Fotografii din toate unghiurile - Un altfel de Blog Auto - Welt-auto.ro","isPartOf":{"@id":"https:\/\/welt-auto.ro\/#website"},"primaryImageOfPage":{"@id":"https:\/\/welt-auto.ro\/2024-volkswagen-id-7-camuflat-fotografii-din-toate-unghiurile\/#primaryimage"},"image":{"@id":"https:\/\/welt-auto.ro\/2024-volkswagen-id-7-camuflat-fotografii-din-toate-unghiurile\/#primaryimage"},"thumbnailUrl":"https:\/\/welt-auto.ro\/file\/2023\/01\/16211-volkswagenid-7-1672841185.jpg","datePublished":"2023-01-08T22:25:58+00:00","dateModified":"2023-01-08T22:29:01+00:00","author":{"@id":"https:\/\/welt-auto.ro\/#\/schema\/person\/69a640369c1548e5b5e04f610d3be559"},"breadcrumb":{"@id":"https:\/\/welt-auto.ro\/2024-volkswagen-id-7-camuflat-fotografii-din-toate-unghiurile\/#breadcrumb"},"inLanguage":"ro-RO","potentialAction":[{"@type":"ReadAction","target":["https:\/\/welt-auto.ro\/2024-volkswagen-id-7-camuflat-fotografii-din-toate-unghiurile\/"]}]},{"@type":"ImageObject","inLanguage":"ro-RO","@id":"https:\/\/welt-auto.ro\/2024-volkswagen-id-7-camuflat-fotografii-din-toate-unghiurile\/#primaryimage","url":"https:\/\/welt-auto.ro\/file\/2023\/01\/16211-volkswagenid-7-1672841185.jpg","contentUrl":"https:\/\/welt-auto.ro\/file\/2023\/01\/16211-volkswagenid-7-1672841185.jpg","width":980,"height":653,"caption":"2024 Volkswagen ID.7 camuflat - Fotografii din toate unghiurile"},{"@type":"BreadcrumbList","@id":"https:\/\/welt-auto.ro\/2024-volkswagen-id-7-camuflat-fotografii-din-toate-unghiurile\/#breadcrumb","itemListElement":[{"@type":"ListItem","position":1,"name":"Prima pagin\u0103","item":"https:\/\/welt-auto.ro\/"},{"@type":"ListItem","position":2,"name":"2024 Volkswagen ID.7 camuflat &#8211; Fotografii din toate unghiurile"}]},{"@type":"WebSite","@id":"https:\/\/welt-auto.ro\/#website","url":"https:\/\/welt-auto.ro\/","name":"Un altfel de Blog Auto - Welt-auto.ro","description":"Un altfel de blog auto -afla acum detalii din lumea auto","potentialAction":[{"@type":"SearchAction","target":{"@type":"EntryPoint","urlTemplate":"https:\/\/welt-auto.ro\/?s={search_term_string}"},"query-input":"required name=search_term_string"}],"inLanguage":"ro-RO"},{"@type":"Person","@id":"https:\/\/welt-auto.ro\/#\/schema\/person\/69a640369c1548e5b5e04f610d3be559","name":"Andrei Welther","image":{"@type":"ImageObject","inLanguage":"ro-RO","@id":"https:\/\/welt-auto.ro\/#\/schema\/person\/image\/","url":"https:\/\/secure.gravatar.com\/avatar\/bd4a792415fb39fa51798d58ac2f37a43840d82d0caaa90a29f315aec4e6d416?s=96&d=mm&r=g","contentUrl":"https:\/\/secure.gravatar.com\/avatar\/bd4a792415fb39fa51798d58ac2f37a43840d82d0caaa90a29f315aec4e6d416?s=96&d=mm&r=g","caption":"Andrei Welther"},"sameAs":["https:\/\/weltcars.com"],"url":"https:\/\/welt-auto.ro\/profile\/weltandrei\/"}]}},"_links":{"self":[{"href":"https:\/\/welt-auto.ro\/rest\/wp\/v2\/posts\/649","targetHints":{"allow":["GET"]}}],"collection":[{"href":"https:\/\/welt-auto.ro\/rest\/wp\/v2\/posts"}],"about":[{"href":"https:\/\/welt-auto.ro\/rest\/wp\/v2\/types\/post"}],"author":[{"embeddable":true,"href":"https:\/\/welt-auto.ro\/rest\/wp\/v2\/users\/2"}],"replies":[{"embeddable":true,"href":"https:\/\/welt-auto.ro\/rest\/wp\/v2\/comments?post=649"}],"version-history":[{"count":2,"href":"https:\/\/welt-auto.ro\/rest\/wp\/v2\/posts\/649\/revisions"}],"predecessor-version":[{"id":676,"href":"https:\/\/welt-auto.ro\/rest\/wp\/v2\/posts\/649\/revisions\/676"}],"wp:featuredmedia":[{"embeddable":true,"href":"https:\/\/welt-auto.ro\/rest\/wp\/v2\/media\/650"}],"wp:attachment":[{"href":"https:\/\/welt-auto.ro\/rest\/wp\/v2\/media?parent=649"}],"wp:term":[{"taxonomy":"category","embeddable":true,"href":"https:\/\/welt-auto.ro\/rest\/wp\/v2\/categories?post=649"},{"taxonomy":"post_tag","embeddable":true,"href":"https:\/\/welt-auto.ro\/rest\/wp\/v2\/tags?post=649"}],"curies":[{"name":"wp","href":"https:\/\/api.w.org\/{rel}","templated":true}]}}