{"id":677,"date":"2023-01-08T23:41:24","date_gmt":"2023-01-08T23:41:24","guid":{"rendered":"https:\/\/welt-auto.ro\/?p=677"},"modified":"2023-01-08T23:45:06","modified_gmt":"2023-01-08T23:45:06","slug":"priveste-un-kia-ev6-care-face-drifturi-pe-nurburgring","status":"publish","type":"post","link":"https:\/\/welt-auto.ro\/priveste-un-kia-ev6-care-face-drifturi-pe-nurburgring\/","title":{"rendered":"Prive\u0219te un Kia EV6 care face drifturi pe N\u00fcrburgring"},"content":{"rendered":"<p><img loading=\"lazy\" decoding=\"async\" class=\"alignright size-full wp-image-678\" src=\"https:\/\/welt-auto.ro\/file\/2023\/01\/screenshot-483-1673212235.png\" alt=\"Kia EV6 GT\" width=\"784\" height=\"409\" srcset=\"https:\/\/welt-auto.ro\/file\/2023\/01\/screenshot-483-1673212235.png 784w, https:\/\/welt-auto.ro\/file\/2023\/01\/screenshot-483-1673212235-300x157.png 300w, https:\/\/welt-auto.ro\/file\/2023\/01\/screenshot-483-1673212235-768x401.png 768w, https:\/\/welt-auto.ro\/file\/2023\/01\/screenshot-483-1673212235-640x334.png 640w, https:\/\/welt-auto.ro\/file\/2023\/01\/screenshot-483-1673212235-681x355.png 681w\" sizes=\"auto, (max-width: 784px) 100vw, 784px\" \/><\/p>\n<p>Kia EV6 GT are 576 de cai putere. Chiar dac\u0103 aceast\u0103 cifr\u0103 a fost anun\u021bat\u0103 cu luni \u00een urm\u0103, ideea unui Kia cu at\u00e2ta for\u021b\u0103 \u00een spate este \u00eenc\u0103 greu de \u00een\u021beles. Din fericire, publica\u021bia auto francez\u0103 L&#8217;argus a g\u0103sit deja cel mai bun mod posibil de a ilustra ce \u00eenseamn\u0103 s\u0103 pompezi at\u00e2\u021bia cai putere \u00eentr-un crossover Kia electrificat. Da, cineva a dus deja Kia EV6 GT pe N\u00fcrburgring.<\/p>\n<p><iframe loading=\"lazy\" title=\"YouTube video player\" src=\"https:\/\/www.youtube.com\/embed\/AGmT4vsAKGM\" width=\"560\" height=\"315\" frameborder=\"0\" allowfullscreen=\"allowfullscreen\"><\/iframe><\/p>\n<p>A\u0219a cum v-a\u021bi putea a\u0219tepta de la o ma\u0219in\u0103 cu un timp de 3,4 secunde de la 0 la 100 km\/h, EV6 GT se descurc\u0103 de minune \u00een iadul verde. \u0218oferul nostru iese din viraje cu precizie \u0219i chiar, ocazional, scoate ma\u0219ina \u00een lateral, exact genul de performan\u021be pe care le-ai spera de la un crossover cu un mod de drift. Cu ceva trafic \u00een jur \u0219i c\u00e2teva locuri \u00een care s\u0103 \u00eentinzi pe deplin picioarele ma\u0219inii, viteza maxim\u0103 pe acest traseu se situeaz\u0103 \u00een jurul a 130 MPH. Kia sus\u021bine c\u0103 ma\u0219ina este capabil\u0103 s\u0103 ating\u0103 161 MPH, dar este totu\u0219i o cifr\u0103 destul de substan\u021bial\u0103 pentru orice crossover.<\/p>\n<p>Acest lucru nu face ca imaginile de la bordul unui Kia, cu fiecare buc\u0103\u021bic\u0103 de interior Kia, s\u0103 dep\u0103\u0219easc\u0103 M3-uri \u0219i chiar un SLS AMG pe Nordscheliefe. Acesta este un efect secundar ciudat al modului \u00een care s-a dezvoltat pia\u021ba EV, dar popularitatea performan\u021belor electrice a for\u021bat mul\u021bi produc\u0103tori s\u0103 injecteze putere serioas\u0103 \u00een gamele lor. Poate c\u0103 tendin\u021bele pie\u021bei \u00eendep\u0103rteaz\u0103 transmisiile manuale \u0219i aspira\u021bia natural\u0103 de la ma\u0219inile de performan\u021b\u0103 din \u00eentreaga lume, dar tendin\u021bele pie\u021bei \u00eenseamn\u0103, de asemenea, c\u0103 Kia este dispus\u0103 s\u0103 fac\u0103 un crossover care poate face drifturi pe N\u00fcrburgring.<\/p>\n<p>De la : <a href=\"https:\/\/www.roadandtrack.com\/news\/a42427250\/watch-a-kia-ev6-drift-at-the-nurburgring\/\">Road and Track<\/a><\/p>\n","protected":false},"excerpt":{"rendered":"<p>Kia EV6 GT are 576 de cai putere. Chiar dac\u0103 aceast\u0103 cifr\u0103 a fost anun\u021bat\u0103 cu luni \u00een urm\u0103, ideea unui Kia cu at\u00e2ta for\u021b\u0103 \u00een spate este \u00eenc\u0103 greu de \u00een\u021beles. Din fericire, publica\u021bia auto francez\u0103 L&#8217;argus a g\u0103sit deja cel mai bun mod posibil de a ilustra ce \u00eenseamn\u0103 s\u0103 pompezi at\u00e2\u021bia cai [&hellip;]<\/p>\n","protected":false},"author":2,"featured_media":678,"comment_status":"open","ping_status":"open","sticky":false,"template":"","format":"standard","meta":{"footnotes":""},"categories":[125],"tags":[120,119,124,123,121,122],"class_list":["post-677","post","type-post","status-publish","format-standard","has-post-thumbnail","hentry","category-divertisment-auto","tag-kia-drift","tag-kia-electric","tag-kia-ev-6","tag-kia-ev6-gt","tag-kia-nurburing","tag-nurburing"],"yoast_head":"<!-- This site is optimized with the Yoast SEO plugin v23.1 - https:\/\/yoast.com\/wordpress\/plugins\/seo\/ -->\n<title>Prive\u0219te un Kia EV6 care face drifturi pe N\u00fcrburgring - Un altfel de Blog Auto - Welt-auto.ro<\/title>\n<meta name=\"robots\" content=\"index, follow, max-snippet:-1, max-image-preview:large, max-video-preview:-1\" \/>\n<link rel=\"canonical\" href=\"https:\/\/welt-auto.ro\/priveste-un-kia-ev6-care-face-drifturi-pe-nurburgring\/\" \/>\n<meta property=\"og:locale\" content=\"ro_RO\" \/>\n<meta property=\"og:type\" content=\"article\" \/>\n<meta property=\"og:title\" content=\"Prive\u0219te un Kia EV6 care face drifturi pe N\u00fcrburgring - Un altfel de Blog Auto - Welt-auto.ro\" \/>\n<meta property=\"og:description\" content=\"Kia EV6 GT are 576 de cai putere. Chiar dac\u0103 aceast\u0103 cifr\u0103 a fost anun\u021bat\u0103 cu luni \u00een urm\u0103, ideea unui Kia cu at\u00e2ta for\u021b\u0103 \u00een spate este \u00eenc\u0103 greu de \u00een\u021beles. Din fericire, publica\u021bia auto francez\u0103 L&#8217;argus a g\u0103sit deja cel mai bun mod posibil de a ilustra ce \u00eenseamn\u0103 s\u0103 pompezi at\u00e2\u021bia cai [&hellip;]\" \/>\n<meta property=\"og:url\" content=\"https:\/\/welt-auto.ro\/priveste-un-kia-ev6-care-face-drifturi-pe-nurburgring\/\" \/>\n<meta property=\"og:site_name\" content=\"Un altfel de Blog Auto - Welt-auto.ro\" \/>\n<meta property=\"article:publisher\" content=\"https:\/\/www.facebook.com\/weltautor\" \/>\n<meta property=\"article:published_time\" content=\"2023-01-08T23:41:24+00:00\" \/>\n<meta property=\"article:modified_time\" content=\"2023-01-08T23:45:06+00:00\" \/>\n<meta property=\"og:image\" content=\"https:\/\/welt-auto.ro\/file\/2023\/01\/screenshot-483-1673212235.png\" \/>\n\t<meta property=\"og:image:width\" content=\"784\" \/>\n\t<meta property=\"og:image:height\" content=\"409\" \/>\n\t<meta property=\"og:image:type\" content=\"image\/png\" \/>\n<meta name=\"author\" content=\"Andrei Welther\" \/>\n<meta name=\"twitter:card\" content=\"summary_large_image\" \/>\n<meta name=\"twitter:label1\" content=\"Scris de\" \/>\n\t<meta name=\"twitter:data1\" content=\"Andrei Welther\" \/>\n\t<meta name=\"twitter:label2\" content=\"Timp estimat pentru citire\" \/>\n\t<meta name=\"twitter:data2\" content=\"2 minute\" \/>\n<script type=\"application\/ld+json\" class=\"yoast-schema-graph\">{\"@context\":\"https:\/\/schema.org\",\"@graph\":[{\"@type\":\"WebPage\",\"@id\":\"https:\/\/welt-auto.ro\/priveste-un-kia-ev6-care-face-drifturi-pe-nurburgring\/\",\"url\":\"https:\/\/welt-auto.ro\/priveste-un-kia-ev6-care-face-drifturi-pe-nurburgring\/\",\"name\":\"Prive\u0219te un Kia EV6 care face drifturi pe N\u00fcrburgring - Un altfel de Blog Auto - Welt-auto.ro\",\"isPartOf\":{\"@id\":\"https:\/\/welt-auto.ro\/#website\"},\"primaryImageOfPage\":{\"@id\":\"https:\/\/welt-auto.ro\/priveste-un-kia-ev6-care-face-drifturi-pe-nurburgring\/#primaryimage\"},\"image\":{\"@id\":\"https:\/\/welt-auto.ro\/priveste-un-kia-ev6-care-face-drifturi-pe-nurburgring\/#primaryimage\"},\"thumbnailUrl\":\"https:\/\/welt-auto.ro\/file\/2023\/01\/screenshot-483-1673212235.png\",\"datePublished\":\"2023-01-08T23:41:24+00:00\",\"dateModified\":\"2023-01-08T23:45:06+00:00\",\"author\":{\"@id\":\"https:\/\/welt-auto.ro\/#\/schema\/person\/69a640369c1548e5b5e04f610d3be559\"},\"breadcrumb\":{\"@id\":\"https:\/\/welt-auto.ro\/priveste-un-kia-ev6-care-face-drifturi-pe-nurburgring\/#breadcrumb\"},\"inLanguage\":\"ro-RO\",\"potentialAction\":[{\"@type\":\"ReadAction\",\"target\":[\"https:\/\/welt-auto.ro\/priveste-un-kia-ev6-care-face-drifturi-pe-nurburgring\/\"]}]},{\"@type\":\"ImageObject\",\"inLanguage\":\"ro-RO\",\"@id\":\"https:\/\/welt-auto.ro\/priveste-un-kia-ev6-care-face-drifturi-pe-nurburgring\/#primaryimage\",\"url\":\"https:\/\/welt-auto.ro\/file\/2023\/01\/screenshot-483-1673212235.png\",\"contentUrl\":\"https:\/\/welt-auto.ro\/file\/2023\/01\/screenshot-483-1673212235.png\",\"width\":784,\"height\":409,\"caption\":\"Kia EV6 GT\"},{\"@type\":\"BreadcrumbList\",\"@id\":\"https:\/\/welt-auto.ro\/priveste-un-kia-ev6-care-face-drifturi-pe-nurburgring\/#breadcrumb\",\"itemListElement\":[{\"@type\":\"ListItem\",\"position\":1,\"name\":\"Prima pagin\u0103\",\"item\":\"https:\/\/welt-auto.ro\/\"},{\"@type\":\"ListItem\",\"position\":2,\"name\":\"Prive\u0219te un Kia EV6 care face drifturi pe N\u00fcrburgring\"}]},{\"@type\":\"WebSite\",\"@id\":\"https:\/\/welt-auto.ro\/#website\",\"url\":\"https:\/\/welt-auto.ro\/\",\"name\":\"Un altfel de Blog Auto - Welt-auto.ro\",\"description\":\"Un altfel de blog auto -afla acum detalii din lumea auto\",\"potentialAction\":[{\"@type\":\"SearchAction\",\"target\":{\"@type\":\"EntryPoint\",\"urlTemplate\":\"https:\/\/welt-auto.ro\/?s={search_term_string}\"},\"query-input\":\"required name=search_term_string\"}],\"inLanguage\":\"ro-RO\"},{\"@type\":\"Person\",\"@id\":\"https:\/\/welt-auto.ro\/#\/schema\/person\/69a640369c1548e5b5e04f610d3be559\",\"name\":\"Andrei Welther\",\"image\":{\"@type\":\"ImageObject\",\"inLanguage\":\"ro-RO\",\"@id\":\"https:\/\/welt-auto.ro\/#\/schema\/person\/image\/\",\"url\":\"https:\/\/secure.gravatar.com\/avatar\/bd4a792415fb39fa51798d58ac2f37a43840d82d0caaa90a29f315aec4e6d416?s=96&d=mm&r=g\",\"contentUrl\":\"https:\/\/secure.gravatar.com\/avatar\/bd4a792415fb39fa51798d58ac2f37a43840d82d0caaa90a29f315aec4e6d416?s=96&d=mm&r=g\",\"caption\":\"Andrei Welther\"},\"sameAs\":[\"https:\/\/weltcars.com\"],\"url\":\"https:\/\/welt-auto.ro\/profile\/weltandrei\/\"}]}<\/script>\n<!-- \/ Yoast SEO plugin. -->","yoast_head_json":{"title":"Prive\u0219te un Kia EV6 care face drifturi pe N\u00fcrburgring - Un altfel de Blog Auto - Welt-auto.ro","robots":{"index":"index","follow":"follow","max-snippet":"max-snippet:-1","max-image-preview":"max-image-preview:large","max-video-preview":"max-video-preview:-1"},"canonical":"https:\/\/welt-auto.ro\/priveste-un-kia-ev6-care-face-drifturi-pe-nurburgring\/","og_locale":"ro_RO","og_type":"article","og_title":"Prive\u0219te un Kia EV6 care face drifturi pe N\u00fcrburgring - Un altfel de Blog Auto - Welt-auto.ro","og_description":"Kia EV6 GT are 576 de cai putere. Chiar dac\u0103 aceast\u0103 cifr\u0103 a fost anun\u021bat\u0103 cu luni \u00een urm\u0103, ideea unui Kia cu at\u00e2ta for\u021b\u0103 \u00een spate este \u00eenc\u0103 greu de \u00een\u021beles. Din fericire, publica\u021bia auto francez\u0103 L&#8217;argus a g\u0103sit deja cel mai bun mod posibil de a ilustra ce \u00eenseamn\u0103 s\u0103 pompezi at\u00e2\u021bia cai [&hellip;]","og_url":"https:\/\/welt-auto.ro\/priveste-un-kia-ev6-care-face-drifturi-pe-nurburgring\/","og_site_name":"Un altfel de Blog Auto - Welt-auto.ro","article_publisher":"https:\/\/www.facebook.com\/weltautor","article_published_time":"2023-01-08T23:41:24+00:00","article_modified_time":"2023-01-08T23:45:06+00:00","og_image":[{"width":784,"height":409,"url":"https:\/\/welt-auto.ro\/file\/2023\/01\/screenshot-483-1673212235.png","type":"image\/png"}],"author":"Andrei Welther","twitter_card":"summary_large_image","twitter_misc":{"Scris de":"Andrei Welther","Timp estimat pentru citire":"2 minute"},"schema":{"@context":"https:\/\/schema.org","@graph":[{"@type":"WebPage","@id":"https:\/\/welt-auto.ro\/priveste-un-kia-ev6-care-face-drifturi-pe-nurburgring\/","url":"https:\/\/welt-auto.ro\/priveste-un-kia-ev6-care-face-drifturi-pe-nurburgring\/","name":"Prive\u0219te un Kia EV6 care face drifturi pe N\u00fcrburgring - Un altfel de Blog Auto - Welt-auto.ro","isPartOf":{"@id":"https:\/\/welt-auto.ro\/#website"},"primaryImageOfPage":{"@id":"https:\/\/welt-auto.ro\/priveste-un-kia-ev6-care-face-drifturi-pe-nurburgring\/#primaryimage"},"image":{"@id":"https:\/\/welt-auto.ro\/priveste-un-kia-ev6-care-face-drifturi-pe-nurburgring\/#primaryimage"},"thumbnailUrl":"https:\/\/welt-auto.ro\/file\/2023\/01\/screenshot-483-1673212235.png","datePublished":"2023-01-08T23:41:24+00:00","dateModified":"2023-01-08T23:45:06+00:00","author":{"@id":"https:\/\/welt-auto.ro\/#\/schema\/person\/69a640369c1548e5b5e04f610d3be559"},"breadcrumb":{"@id":"https:\/\/welt-auto.ro\/priveste-un-kia-ev6-care-face-drifturi-pe-nurburgring\/#breadcrumb"},"inLanguage":"ro-RO","potentialAction":[{"@type":"ReadAction","target":["https:\/\/welt-auto.ro\/priveste-un-kia-ev6-care-face-drifturi-pe-nurburgring\/"]}]},{"@type":"ImageObject","inLanguage":"ro-RO","@id":"https:\/\/welt-auto.ro\/priveste-un-kia-ev6-care-face-drifturi-pe-nurburgring\/#primaryimage","url":"https:\/\/welt-auto.ro\/file\/2023\/01\/screenshot-483-1673212235.png","contentUrl":"https:\/\/welt-auto.ro\/file\/2023\/01\/screenshot-483-1673212235.png","width":784,"height":409,"caption":"Kia EV6 GT"},{"@type":"BreadcrumbList","@id":"https:\/\/welt-auto.ro\/priveste-un-kia-ev6-care-face-drifturi-pe-nurburgring\/#breadcrumb","itemListElement":[{"@type":"ListItem","position":1,"name":"Prima pagin\u0103","item":"https:\/\/welt-auto.ro\/"},{"@type":"ListItem","position":2,"name":"Prive\u0219te un Kia EV6 care face drifturi pe N\u00fcrburgring"}]},{"@type":"WebSite","@id":"https:\/\/welt-auto.ro\/#website","url":"https:\/\/welt-auto.ro\/","name":"Un altfel de Blog Auto - Welt-auto.ro","description":"Un altfel de blog auto -afla acum detalii din lumea auto","potentialAction":[{"@type":"SearchAction","target":{"@type":"EntryPoint","urlTemplate":"https:\/\/welt-auto.ro\/?s={search_term_string}"},"query-input":"required name=search_term_string"}],"inLanguage":"ro-RO"},{"@type":"Person","@id":"https:\/\/welt-auto.ro\/#\/schema\/person\/69a640369c1548e5b5e04f610d3be559","name":"Andrei Welther","image":{"@type":"ImageObject","inLanguage":"ro-RO","@id":"https:\/\/welt-auto.ro\/#\/schema\/person\/image\/","url":"https:\/\/secure.gravatar.com\/avatar\/bd4a792415fb39fa51798d58ac2f37a43840d82d0caaa90a29f315aec4e6d416?s=96&d=mm&r=g","contentUrl":"https:\/\/secure.gravatar.com\/avatar\/bd4a792415fb39fa51798d58ac2f37a43840d82d0caaa90a29f315aec4e6d416?s=96&d=mm&r=g","caption":"Andrei Welther"},"sameAs":["https:\/\/weltcars.com"],"url":"https:\/\/welt-auto.ro\/profile\/weltandrei\/"}]}},"_links":{"self":[{"href":"https:\/\/welt-auto.ro\/rest\/wp\/v2\/posts\/677","targetHints":{"allow":["GET"]}}],"collection":[{"href":"https:\/\/welt-auto.ro\/rest\/wp\/v2\/posts"}],"about":[{"href":"https:\/\/welt-auto.ro\/rest\/wp\/v2\/types\/post"}],"author":[{"embeddable":true,"href":"https:\/\/welt-auto.ro\/rest\/wp\/v2\/users\/2"}],"replies":[{"embeddable":true,"href":"https:\/\/welt-auto.ro\/rest\/wp\/v2\/comments?post=677"}],"version-history":[{"count":3,"href":"https:\/\/welt-auto.ro\/rest\/wp\/v2\/posts\/677\/revisions"}],"predecessor-version":[{"id":681,"href":"https:\/\/welt-auto.ro\/rest\/wp\/v2\/posts\/677\/revisions\/681"}],"wp:featuredmedia":[{"embeddable":true,"href":"https:\/\/welt-auto.ro\/rest\/wp\/v2\/media\/678"}],"wp:attachment":[{"href":"https:\/\/welt-auto.ro\/rest\/wp\/v2\/media?parent=677"}],"wp:term":[{"taxonomy":"category","embeddable":true,"href":"https:\/\/welt-auto.ro\/rest\/wp\/v2\/categories?post=677"},{"taxonomy":"post_tag","embeddable":true,"href":"https:\/\/welt-auto.ro\/rest\/wp\/v2\/tags?post=677"}],"curies":[{"name":"wp","href":"https:\/\/api.w.org\/{rel}","templated":true}]}}