{"id":742,"date":"2023-01-11T16:01:35","date_gmt":"2023-01-11T16:01:35","guid":{"rendered":"https:\/\/welt-auto.ro\/?p=742"},"modified":"2023-01-21T03:18:32","modified_gmt":"2023-01-21T03:18:32","slug":"lansarile-masinilor-f1-2023-cand-isi-vor-prezenta-echipele-noile-masini-pentru-2023","status":"publish","type":"post","link":"https:\/\/welt-auto.ro\/lansarile-masinilor-f1-2023-cand-isi-vor-prezenta-echipele-noile-masini-pentru-2023\/","title":{"rendered":"LANS\u0102RILE MA\u0218INILOR F1 2023: C\u00e2nd \u00ee\u0219i vor prezenta echipele noile ma\u0219ini pentru 2023?"},"content":{"rendered":"<p><img loading=\"lazy\" decoding=\"async\" class=\"alignleft size-full wp-image-743\" src=\"https:\/\/welt-auto.ro\/file\/2023\/01\/lansari-auto-formula-1.jpg\" alt=\"lansari auto formula 1\" width=\"997\" height=\"561\" srcset=\"https:\/\/welt-auto.ro\/file\/2023\/01\/lansari-auto-formula-1.jpg 997w, https:\/\/welt-auto.ro\/file\/2023\/01\/lansari-auto-formula-1-300x169.jpg 300w, https:\/\/welt-auto.ro\/file\/2023\/01\/lansari-auto-formula-1-768x432.jpg 768w, https:\/\/welt-auto.ro\/file\/2023\/01\/lansari-auto-formula-1-746x420.jpg 746w, https:\/\/welt-auto.ro\/file\/2023\/01\/lansari-auto-formula-1-640x360.jpg 640w, https:\/\/welt-auto.ro\/file\/2023\/01\/lansari-auto-formula-1-681x383.jpg 681w\" sizes=\"auto, (max-width: 997px) 100vw, 997px\" \/><\/p>\n<p><strong>Sezonul de lansare \u00een Formula 1 este una dintre cele mai aglomerate faze ale anului, \u00een care echipele \u00ee\u0219i prezint\u0103 noii concuren\u021bi \u0219i \u00ee\u0219i stabilesc obiectivele cheie pentru campania care urmeaz\u0103. Consulta\u021bi datele confirmate de lansare a ma\u0219inilor din 2023 cu ajutorul tabelului nostru all-in-one de mai jos.<\/strong><\/p>\n<p>\u00cen momentul de fa\u021b\u0103, Williams, Aston Martin, Ferrari \u0219i Alpine au confirmat c\u00e2nd vor fi lansate noile lor ma\u0219ini. Williams a optat pentru o lansare online a sezonului pe 6 februarie, Aston Martin AMR23 va fi dezv\u0103luit \u00een cadrul unei prezent\u0103ri la sediul echipei de la Silverstone luni, 13 februarie, \u00een timp ce ma\u0219ina Scuderia, \u00eenc\u0103 f\u0103r\u0103 nume, va deschide coperta \u00een ziua urm\u0103toare.<\/p>\n<p>Alpine va scoate capacul de pe ma\u0219ina sa pe 16 februarie, la Londra. \u00centre timp, AlphaTauri \u00ee\u0219i va prezenta noua livrea pentru prima dat\u0103 la New York, pe 11 februarie.<\/p>\n<p>R\u0103m\u00e2ne\u021bi cu noi pentru a afla c\u00e2nd restul grilei &#8211; inclusiv campionii mondiali din 2022, Red Bull, \u0219i al\u021bi c\u00e2\u0219tig\u0103tori ai cursei, Mercedes &#8211; \u00ee\u0219i vor prezenta ma\u0219inile din 2023, \u00een timp ce F1 se preg\u0103te\u0219te pentru un alt sezon plin de ac\u021biune.<\/p>\n<p>&nbsp;<\/p>\n<p>&nbsp;<\/p>\n<table border=\"0\" cellspacing=\"0\" cellpadding=\"0\">\n<tbody>\n<tr>\n<th class=\"center \" style=\"background: #000000; color: #ffffff; text-align: center;\">ECHIPA<\/th>\n<th class=\"center \" style=\"background: #000000; color: #ffffff; text-align: center;\">Data<\/th>\n<th class=\"center \" style=\"background: #000000; color: #ffffff; text-align: center;\">Locatie<\/th>\n<\/tr>\n<tr>\n<td class=\"center \" style=\"text-align: center;\">Williams<\/td>\n<td class=\"center \" style=\"text-align: center;\">Februarie 6<\/td>\n<td class=\"center \" style=\"text-align: center;\">Online<\/td>\n<\/tr>\n<tr>\n<td class=\"center \" style=\"text-align: center;\">AlphaTauri<\/td>\n<td class=\"center \" style=\"text-align: center;\">11 Februarie<\/td>\n<td class=\"center \" style=\"text-align: center;\">New York City<\/td>\n<\/tr>\n<tr>\n<td class=\"center \" style=\"text-align: center;\">Aston Martin<\/td>\n<td class=\"center \" style=\"text-align: center;\">13 Februarie<\/td>\n<td class=\"center \" style=\"text-align: center;\">Silverstone<\/td>\n<\/tr>\n<tr>\n<td class=\"center \" style=\"text-align: center;\">McLaren<\/td>\n<td class=\"center \" style=\"text-align: center;\">13 Februarie<\/td>\n<td class=\"center \" style=\"text-align: center;\">McLaren Technology Centre<\/td>\n<\/tr>\n<tr>\n<td class=\"center \" style=\"text-align: center;\">Ferrari<\/td>\n<td class=\"center \" style=\"text-align: center;\">14 Februarie<\/td>\n<td class=\"center \" style=\"text-align: center;\">TBC<\/td>\n<\/tr>\n<tr>\n<td class=\"center \" style=\"text-align: center;\">Mercedes<\/td>\n<td class=\"center \" style=\"text-align: center;\">15 Februarie<\/td>\n<td class=\"center \" style=\"text-align: center;\">Silverstone<\/td>\n<\/tr>\n<tr>\n<td class=\"center \" style=\"text-align: center;\">Alpine<\/td>\n<td class=\"center \" style=\"text-align: center;\">16 Februarie<\/td>\n<td class=\"center \" style=\"text-align: center;\">Londra<\/td>\n<\/tr>\n<tr>\n<td class=\"center \" style=\"text-align: center;\">Red Bull<\/td>\n<td class=\"center \" style=\"text-align: center;\">3 Februarie<\/td>\n<td class=\"center \" style=\"text-align: center;\">New York<\/td>\n<\/tr>\n<tr>\n<td class=\"center \" style=\"text-align: center;\">Alfa Romeo<\/td>\n<td class=\"center \" style=\"text-align: center;\">7 Februarie<\/td>\n<td class=\"center \" style=\"text-align: center;\">Zurich<\/td>\n<\/tr>\n<tr>\n<td class=\"center \" style=\"text-align: center;\">Haas<\/td>\n<td class=\"center \" style=\"text-align: center;\">TBC<\/td>\n<td class=\"center \" style=\"text-align: center;\">TBC<\/td>\n<\/tr>\n<\/tbody>\n<\/table>\n<p>TBC &#8211; To Be Confirmed , echipele inca nu au confirmat data si\/sau locatia<\/p>\n","protected":false},"excerpt":{"rendered":"<p>Sezonul de lansare \u00een Formula 1 este una dintre cele mai aglomerate faze ale anului, \u00een care echipele \u00ee\u0219i prezint\u0103 noii concuren\u021bi \u0219i \u00ee\u0219i stabilesc obiectivele cheie pentru campania care urmeaz\u0103. Consulta\u021bi datele confirmate de lansare a ma\u0219inilor din 2023 cu ajutorul tabelului nostru all-in-one de mai jos. \u00cen momentul de fa\u021b\u0103, Williams, Aston Martin, [&hellip;]<\/p>\n","protected":false},"author":2,"featured_media":743,"comment_status":"open","ping_status":"open","sticky":false,"template":"","format":"standard","meta":{"footnotes":""},"categories":[100,17],"tags":[133,168,131,165,164,166,163,167],"class_list":["post-742","post","type-post","status-publish","format-standard","has-post-thumbnail","hentry","category-noutati-din-cel-mai-popula-sport-auto-formula-1","category-modele-noi-auto","tag-f1-2023","tag-ferrari-f1-2023","tag-formula-1-2023","tag-lansari-f1","tag-mercedes-f1","tag-mercedes-f1-2023","tag-red-bull-f1","tag-red-bull-f1-2023"],"yoast_head":"<!-- This site is optimized with the Yoast SEO plugin v23.1 - https:\/\/yoast.com\/wordpress\/plugins\/seo\/ -->\n<title>LANS\u0102RILE MA\u0218INILOR F1 2023: C\u00e2nd \u00ee\u0219i vor prezenta echipele noile ma\u0219ini pentru 2023? - Un altfel de Blog Auto - Welt-auto.ro<\/title>\n<meta name=\"robots\" content=\"index, follow, max-snippet:-1, max-image-preview:large, max-video-preview:-1\" \/>\n<link rel=\"canonical\" href=\"https:\/\/welt-auto.ro\/lansarile-masinilor-f1-2023-cand-isi-vor-prezenta-echipele-noile-masini-pentru-2023\/\" \/>\n<meta property=\"og:locale\" content=\"ro_RO\" \/>\n<meta property=\"og:type\" content=\"article\" \/>\n<meta property=\"og:title\" content=\"LANS\u0102RILE MA\u0218INILOR F1 2023: C\u00e2nd \u00ee\u0219i vor prezenta echipele noile ma\u0219ini pentru 2023? - Un altfel de Blog Auto - Welt-auto.ro\" \/>\n<meta property=\"og:description\" content=\"Sezonul de lansare \u00een Formula 1 este una dintre cele mai aglomerate faze ale anului, \u00een care echipele \u00ee\u0219i prezint\u0103 noii concuren\u021bi \u0219i \u00ee\u0219i stabilesc obiectivele cheie pentru campania care urmeaz\u0103. Consulta\u021bi datele confirmate de lansare a ma\u0219inilor din 2023 cu ajutorul tabelului nostru all-in-one de mai jos. \u00cen momentul de fa\u021b\u0103, Williams, Aston Martin, [&hellip;]\" \/>\n<meta property=\"og:url\" content=\"https:\/\/welt-auto.ro\/lansarile-masinilor-f1-2023-cand-isi-vor-prezenta-echipele-noile-masini-pentru-2023\/\" \/>\n<meta property=\"og:site_name\" content=\"Un altfel de Blog Auto - Welt-auto.ro\" \/>\n<meta property=\"article:publisher\" content=\"https:\/\/www.facebook.com\/weltautor\" \/>\n<meta property=\"article:published_time\" content=\"2023-01-11T16:01:35+00:00\" \/>\n<meta property=\"article:modified_time\" content=\"2023-01-21T03:18:32+00:00\" \/>\n<meta property=\"og:image\" content=\"https:\/\/welt-auto.ro\/file\/2023\/01\/lansari-auto-formula-1.jpg\" \/>\n\t<meta property=\"og:image:width\" content=\"997\" \/>\n\t<meta property=\"og:image:height\" content=\"561\" \/>\n\t<meta property=\"og:image:type\" content=\"image\/jpeg\" \/>\n<meta name=\"author\" content=\"Andrei Welther\" \/>\n<meta name=\"twitter:card\" content=\"summary_large_image\" \/>\n<meta name=\"twitter:label1\" content=\"Scris de\" \/>\n\t<meta name=\"twitter:data1\" content=\"Andrei Welther\" \/>\n\t<meta name=\"twitter:label2\" content=\"Timp estimat pentru citire\" \/>\n\t<meta name=\"twitter:data2\" content=\"1 minut\" \/>\n<script type=\"application\/ld+json\" class=\"yoast-schema-graph\">{\"@context\":\"https:\/\/schema.org\",\"@graph\":[{\"@type\":\"WebPage\",\"@id\":\"https:\/\/welt-auto.ro\/lansarile-masinilor-f1-2023-cand-isi-vor-prezenta-echipele-noile-masini-pentru-2023\/\",\"url\":\"https:\/\/welt-auto.ro\/lansarile-masinilor-f1-2023-cand-isi-vor-prezenta-echipele-noile-masini-pentru-2023\/\",\"name\":\"LANS\u0102RILE MA\u0218INILOR F1 2023: C\u00e2nd \u00ee\u0219i vor prezenta echipele noile ma\u0219ini pentru 2023? - Un altfel de Blog Auto - Welt-auto.ro\",\"isPartOf\":{\"@id\":\"https:\/\/welt-auto.ro\/#website\"},\"primaryImageOfPage\":{\"@id\":\"https:\/\/welt-auto.ro\/lansarile-masinilor-f1-2023-cand-isi-vor-prezenta-echipele-noile-masini-pentru-2023\/#primaryimage\"},\"image\":{\"@id\":\"https:\/\/welt-auto.ro\/lansarile-masinilor-f1-2023-cand-isi-vor-prezenta-echipele-noile-masini-pentru-2023\/#primaryimage\"},\"thumbnailUrl\":\"https:\/\/welt-auto.ro\/file\/2023\/01\/lansari-auto-formula-1.jpg\",\"datePublished\":\"2023-01-11T16:01:35+00:00\",\"dateModified\":\"2023-01-21T03:18:32+00:00\",\"author\":{\"@id\":\"https:\/\/welt-auto.ro\/#\/schema\/person\/69a640369c1548e5b5e04f610d3be559\"},\"breadcrumb\":{\"@id\":\"https:\/\/welt-auto.ro\/lansarile-masinilor-f1-2023-cand-isi-vor-prezenta-echipele-noile-masini-pentru-2023\/#breadcrumb\"},\"inLanguage\":\"ro-RO\",\"potentialAction\":[{\"@type\":\"ReadAction\",\"target\":[\"https:\/\/welt-auto.ro\/lansarile-masinilor-f1-2023-cand-isi-vor-prezenta-echipele-noile-masini-pentru-2023\/\"]}]},{\"@type\":\"ImageObject\",\"inLanguage\":\"ro-RO\",\"@id\":\"https:\/\/welt-auto.ro\/lansarile-masinilor-f1-2023-cand-isi-vor-prezenta-echipele-noile-masini-pentru-2023\/#primaryimage\",\"url\":\"https:\/\/welt-auto.ro\/file\/2023\/01\/lansari-auto-formula-1.jpg\",\"contentUrl\":\"https:\/\/welt-auto.ro\/file\/2023\/01\/lansari-auto-formula-1.jpg\",\"width\":997,\"height\":561,\"caption\":\"lansari auto formula 1\"},{\"@type\":\"BreadcrumbList\",\"@id\":\"https:\/\/welt-auto.ro\/lansarile-masinilor-f1-2023-cand-isi-vor-prezenta-echipele-noile-masini-pentru-2023\/#breadcrumb\",\"itemListElement\":[{\"@type\":\"ListItem\",\"position\":1,\"name\":\"Prima pagin\u0103\",\"item\":\"https:\/\/welt-auto.ro\/\"},{\"@type\":\"ListItem\",\"position\":2,\"name\":\"LANS\u0102RILE MA\u0218INILOR F1 2023: C\u00e2nd \u00ee\u0219i vor prezenta echipele noile ma\u0219ini pentru 2023?\"}]},{\"@type\":\"WebSite\",\"@id\":\"https:\/\/welt-auto.ro\/#website\",\"url\":\"https:\/\/welt-auto.ro\/\",\"name\":\"Un altfel de Blog Auto - Welt-auto.ro\",\"description\":\"Un altfel de blog auto -afla acum detalii din lumea auto\",\"potentialAction\":[{\"@type\":\"SearchAction\",\"target\":{\"@type\":\"EntryPoint\",\"urlTemplate\":\"https:\/\/welt-auto.ro\/?s={search_term_string}\"},\"query-input\":\"required name=search_term_string\"}],\"inLanguage\":\"ro-RO\"},{\"@type\":\"Person\",\"@id\":\"https:\/\/welt-auto.ro\/#\/schema\/person\/69a640369c1548e5b5e04f610d3be559\",\"name\":\"Andrei Welther\",\"image\":{\"@type\":\"ImageObject\",\"inLanguage\":\"ro-RO\",\"@id\":\"https:\/\/welt-auto.ro\/#\/schema\/person\/image\/\",\"url\":\"https:\/\/secure.gravatar.com\/avatar\/bd4a792415fb39fa51798d58ac2f37a43840d82d0caaa90a29f315aec4e6d416?s=96&d=mm&r=g\",\"contentUrl\":\"https:\/\/secure.gravatar.com\/avatar\/bd4a792415fb39fa51798d58ac2f37a43840d82d0caaa90a29f315aec4e6d416?s=96&d=mm&r=g\",\"caption\":\"Andrei Welther\"},\"sameAs\":[\"https:\/\/weltcars.com\"],\"url\":\"https:\/\/welt-auto.ro\/profile\/weltandrei\/\"}]}<\/script>\n<!-- \/ Yoast SEO plugin. -->","yoast_head_json":{"title":"LANS\u0102RILE MA\u0218INILOR F1 2023: C\u00e2nd \u00ee\u0219i vor prezenta echipele noile ma\u0219ini pentru 2023? - Un altfel de Blog Auto - Welt-auto.ro","robots":{"index":"index","follow":"follow","max-snippet":"max-snippet:-1","max-image-preview":"max-image-preview:large","max-video-preview":"max-video-preview:-1"},"canonical":"https:\/\/welt-auto.ro\/lansarile-masinilor-f1-2023-cand-isi-vor-prezenta-echipele-noile-masini-pentru-2023\/","og_locale":"ro_RO","og_type":"article","og_title":"LANS\u0102RILE MA\u0218INILOR F1 2023: C\u00e2nd \u00ee\u0219i vor prezenta echipele noile ma\u0219ini pentru 2023? - Un altfel de Blog Auto - Welt-auto.ro","og_description":"Sezonul de lansare \u00een Formula 1 este una dintre cele mai aglomerate faze ale anului, \u00een care echipele \u00ee\u0219i prezint\u0103 noii concuren\u021bi \u0219i \u00ee\u0219i stabilesc obiectivele cheie pentru campania care urmeaz\u0103. Consulta\u021bi datele confirmate de lansare a ma\u0219inilor din 2023 cu ajutorul tabelului nostru all-in-one de mai jos. \u00cen momentul de fa\u021b\u0103, Williams, Aston Martin, [&hellip;]","og_url":"https:\/\/welt-auto.ro\/lansarile-masinilor-f1-2023-cand-isi-vor-prezenta-echipele-noile-masini-pentru-2023\/","og_site_name":"Un altfel de Blog Auto - Welt-auto.ro","article_publisher":"https:\/\/www.facebook.com\/weltautor","article_published_time":"2023-01-11T16:01:35+00:00","article_modified_time":"2023-01-21T03:18:32+00:00","og_image":[{"width":997,"height":561,"url":"https:\/\/welt-auto.ro\/file\/2023\/01\/lansari-auto-formula-1.jpg","type":"image\/jpeg"}],"author":"Andrei Welther","twitter_card":"summary_large_image","twitter_misc":{"Scris de":"Andrei Welther","Timp estimat pentru citire":"1 minut"},"schema":{"@context":"https:\/\/schema.org","@graph":[{"@type":"WebPage","@id":"https:\/\/welt-auto.ro\/lansarile-masinilor-f1-2023-cand-isi-vor-prezenta-echipele-noile-masini-pentru-2023\/","url":"https:\/\/welt-auto.ro\/lansarile-masinilor-f1-2023-cand-isi-vor-prezenta-echipele-noile-masini-pentru-2023\/","name":"LANS\u0102RILE MA\u0218INILOR F1 2023: C\u00e2nd \u00ee\u0219i vor prezenta echipele noile ma\u0219ini pentru 2023? - Un altfel de Blog Auto - Welt-auto.ro","isPartOf":{"@id":"https:\/\/welt-auto.ro\/#website"},"primaryImageOfPage":{"@id":"https:\/\/welt-auto.ro\/lansarile-masinilor-f1-2023-cand-isi-vor-prezenta-echipele-noile-masini-pentru-2023\/#primaryimage"},"image":{"@id":"https:\/\/welt-auto.ro\/lansarile-masinilor-f1-2023-cand-isi-vor-prezenta-echipele-noile-masini-pentru-2023\/#primaryimage"},"thumbnailUrl":"https:\/\/welt-auto.ro\/file\/2023\/01\/lansari-auto-formula-1.jpg","datePublished":"2023-01-11T16:01:35+00:00","dateModified":"2023-01-21T03:18:32+00:00","author":{"@id":"https:\/\/welt-auto.ro\/#\/schema\/person\/69a640369c1548e5b5e04f610d3be559"},"breadcrumb":{"@id":"https:\/\/welt-auto.ro\/lansarile-masinilor-f1-2023-cand-isi-vor-prezenta-echipele-noile-masini-pentru-2023\/#breadcrumb"},"inLanguage":"ro-RO","potentialAction":[{"@type":"ReadAction","target":["https:\/\/welt-auto.ro\/lansarile-masinilor-f1-2023-cand-isi-vor-prezenta-echipele-noile-masini-pentru-2023\/"]}]},{"@type":"ImageObject","inLanguage":"ro-RO","@id":"https:\/\/welt-auto.ro\/lansarile-masinilor-f1-2023-cand-isi-vor-prezenta-echipele-noile-masini-pentru-2023\/#primaryimage","url":"https:\/\/welt-auto.ro\/file\/2023\/01\/lansari-auto-formula-1.jpg","contentUrl":"https:\/\/welt-auto.ro\/file\/2023\/01\/lansari-auto-formula-1.jpg","width":997,"height":561,"caption":"lansari auto formula 1"},{"@type":"BreadcrumbList","@id":"https:\/\/welt-auto.ro\/lansarile-masinilor-f1-2023-cand-isi-vor-prezenta-echipele-noile-masini-pentru-2023\/#breadcrumb","itemListElement":[{"@type":"ListItem","position":1,"name":"Prima pagin\u0103","item":"https:\/\/welt-auto.ro\/"},{"@type":"ListItem","position":2,"name":"LANS\u0102RILE MA\u0218INILOR F1 2023: C\u00e2nd \u00ee\u0219i vor prezenta echipele noile ma\u0219ini pentru 2023?"}]},{"@type":"WebSite","@id":"https:\/\/welt-auto.ro\/#website","url":"https:\/\/welt-auto.ro\/","name":"Un altfel de Blog Auto - Welt-auto.ro","description":"Un altfel de blog auto -afla acum detalii din lumea auto","potentialAction":[{"@type":"SearchAction","target":{"@type":"EntryPoint","urlTemplate":"https:\/\/welt-auto.ro\/?s={search_term_string}"},"query-input":"required name=search_term_string"}],"inLanguage":"ro-RO"},{"@type":"Person","@id":"https:\/\/welt-auto.ro\/#\/schema\/person\/69a640369c1548e5b5e04f610d3be559","name":"Andrei Welther","image":{"@type":"ImageObject","inLanguage":"ro-RO","@id":"https:\/\/welt-auto.ro\/#\/schema\/person\/image\/","url":"https:\/\/secure.gravatar.com\/avatar\/bd4a792415fb39fa51798d58ac2f37a43840d82d0caaa90a29f315aec4e6d416?s=96&d=mm&r=g","contentUrl":"https:\/\/secure.gravatar.com\/avatar\/bd4a792415fb39fa51798d58ac2f37a43840d82d0caaa90a29f315aec4e6d416?s=96&d=mm&r=g","caption":"Andrei Welther"},"sameAs":["https:\/\/weltcars.com"],"url":"https:\/\/welt-auto.ro\/profile\/weltandrei\/"}]}},"_links":{"self":[{"href":"https:\/\/welt-auto.ro\/rest\/wp\/v2\/posts\/742","targetHints":{"allow":["GET"]}}],"collection":[{"href":"https:\/\/welt-auto.ro\/rest\/wp\/v2\/posts"}],"about":[{"href":"https:\/\/welt-auto.ro\/rest\/wp\/v2\/types\/post"}],"author":[{"embeddable":true,"href":"https:\/\/welt-auto.ro\/rest\/wp\/v2\/users\/2"}],"replies":[{"embeddable":true,"href":"https:\/\/welt-auto.ro\/rest\/wp\/v2\/comments?post=742"}],"version-history":[{"count":7,"href":"https:\/\/welt-auto.ro\/rest\/wp\/v2\/posts\/742\/revisions"}],"predecessor-version":[{"id":871,"href":"https:\/\/welt-auto.ro\/rest\/wp\/v2\/posts\/742\/revisions\/871"}],"wp:featuredmedia":[{"embeddable":true,"href":"https:\/\/welt-auto.ro\/rest\/wp\/v2\/media\/743"}],"wp:attachment":[{"href":"https:\/\/welt-auto.ro\/rest\/wp\/v2\/media?parent=742"}],"wp:term":[{"taxonomy":"category","embeddable":true,"href":"https:\/\/welt-auto.ro\/rest\/wp\/v2\/categories?post=742"},{"taxonomy":"post_tag","embeddable":true,"href":"https:\/\/welt-auto.ro\/rest\/wp\/v2\/tags?post=742"}],"curies":[{"name":"wp","href":"https:\/\/api.w.org\/{rel}","templated":true}]}}