{"id":789,"date":"2023-01-16T15:14:21","date_gmt":"2023-01-16T15:14:21","guid":{"rendered":"https:\/\/welt-auto.ro\/?p=789"},"modified":"2023-01-16T15:14:32","modified_gmt":"2023-01-16T15:14:32","slug":"cum-functioneaza-penalizarile-pentru-motoare-f1","status":"publish","type":"post","link":"https:\/\/welt-auto.ro\/cum-functioneaza-penalizarile-pentru-motoare-f1\/","title":{"rendered":"Cum func\u021bioneaz\u0103 penaliz\u0103rile pentru motoare \u00een F1?"},"content":{"rendered":"<p><img loading=\"lazy\" decoding=\"async\" class=\"aligncenter size-full wp-image-790\" src=\"https:\/\/welt-auto.ro\/file\/2023\/01\/FRed-Bull-racing-motor.jpg\" alt=\"Red Bull racing motor\" width=\"997\" height=\"561\" srcset=\"https:\/\/welt-auto.ro\/file\/2023\/01\/FRed-Bull-racing-motor.jpg 997w, https:\/\/welt-auto.ro\/file\/2023\/01\/FRed-Bull-racing-motor-300x169.jpg 300w, https:\/\/welt-auto.ro\/file\/2023\/01\/FRed-Bull-racing-motor-768x432.jpg 768w, https:\/\/welt-auto.ro\/file\/2023\/01\/FRed-Bull-racing-motor-746x420.jpg 746w, https:\/\/welt-auto.ro\/file\/2023\/01\/FRed-Bull-racing-motor-640x360.jpg 640w, https:\/\/welt-auto.ro\/file\/2023\/01\/FRed-Bull-racing-motor-681x383.jpg 681w\" sizes=\"auto, (max-width: 997px) 100vw, 997px\" \/><\/p>\n<p>Fernando Alonso a fost primul pilot din 2022 care a primit o penalizare de motor, pornind de pe ultima pozi\u021bie a grilei de start \u00een cursa de acas\u0103, \u00eenainte ca Charles Leclerc \u0219i Yuki Tsunoda s\u0103 devin\u0103 cei mai recen\u021bi retrograda\u021bi \u00een Canada.<\/p>\n<p>\u00cen esen\u021b\u0103, pilo\u021bilor li se permit trei motoare pe sezon &#8211; fiecare trebuind s\u0103 dureze aproximativ opt weekenduri &#8211; dar este pu\u021bin mai complicat dec\u00e2t at\u00e2t&#8230;<\/p>\n<h3>Care sunt componentele unit\u0103\u021bii de putere F1?<\/h3>\n<p>S\u0103 \u00eencepem prin a examina unitatea de propulsie F1 \u0219i diferitele sale componente. Aceast\u0103 genera\u021bie de unit\u0103\u021bi de propulsie din Formula 1 este format\u0103 din \u0219apte elemente, iar pilo\u021bii au voie s\u0103 foloseasc\u0103 doar un anumit num\u0103r din fiecare element al unit\u0103\u021bii de propulsie \u00eenainte de a primi penaliz\u0103ri pe gril\u0103.<\/p>\n<p>Atunci c\u00e2nd un element al unit\u0103\u021bii de propulsie este luat, acesta devine parte a unui &#8222;grup&#8221; &#8211; piesele din acel grup pot fi schimbate f\u0103r\u0103 penalizare.<\/p>\n<p>Aceste elemente de unitate de putere \u0219i aloc\u0103rile lor sunt urm\u0103toarele:<\/p>\n<h2>2022 Alocarea componentelor unit\u0103\u021bii de putere<\/h2>\n<table border=\"0\" cellspacing=\"0\" cellpadding=\"0\">\n<tbody>\n<tr>\n<th class=\"left \" style=\"background: #000000; color: #ffffff;\">COMPONENTA<\/th>\n<th class=\"left \" style=\"background: #000000; color: #ffffff;\">ALOCARE<\/th>\n<\/tr>\n<tr>\n<td class=\"left \">Internal combustion engine (ICE)<\/td>\n<td class=\"left \">3<\/td>\n<\/tr>\n<tr>\n<td class=\"left \">Motor generator units-heat (MGU-H)<\/td>\n<td class=\"left \">3<\/td>\n<\/tr>\n<tr>\n<td class=\"left \">Motor generator units-kinetic (MGU-K)<\/td>\n<td class=\"left \">3<\/td>\n<\/tr>\n<tr>\n<td class=\"left \">Turbocharger<\/td>\n<td class=\"left \">3<\/td>\n<\/tr>\n<tr>\n<td class=\"left \">Energy store (ES)<\/td>\n<td class=\"left \">2<\/td>\n<\/tr>\n<tr>\n<td class=\"left \">Control electronics (CE)<\/td>\n<td class=\"left \">2<\/td>\n<\/tr>\n<tr>\n<td class=\"left \">Exhaust<\/td>\n<td class=\"left \">8<\/td>\n<\/tr>\n<\/tbody>\n<\/table>\n<p>Internal combustion engine (ICE) &#8211; Motor cu combustie intern\u0103<br \/>\nMotor generator units-heat (MGU-H) &#8211; Unit\u0103\u021bi generatoare de motor &#8211; c\u0103ldur\u0103<br \/>\nMotor generator units-kinetic (MGU-K) &#8211; Unit\u0103\u021bi generatoare de motoare cinetice<br \/>\nTurbocharger &#8211; Unit\u0103\u021bi Turbo<br \/>\nEnergy store (ES) &#8211; Stocare energie<br \/>\nControl electronics (CE) &#8211; Electronic\u0103 de control<br \/>\nExhaust &#8211; Evacu\u0103ri<\/p>\n<p>\u00cen cazul unui sistem de evacuare, exist\u0103 patru elemente care alc\u0103tuiesc un sistem de evacuare: partea dreapt\u0103 primar\u0103, partea st\u00e2ng\u0103 primar\u0103, partea st\u00e2ng\u0103 secundar\u0103 \u0219i partea dreapt\u0103 secundar\u0103. Fiecare conduc\u0103tor auto are dreptul la opt din fiecare element de evacuare. Foarte des, aceste elemente vor fi schimbate dup\u0103 ce un \u0219ofer are un accident. Mass-media \u0219i echipele primesc documente de la FIA care detaliaz\u0103 ce piese au fost schimbate, dac\u0103 este cazul, \u00eenainte de sesiunile de F1.<\/p>\n<p>\u00cen cazul \u00een care un pilot apare pentru mai mul\u021bi concuren\u021bi, FIA precizeaz\u0103 c\u0103 acesta va fi &#8222;considerat ca fiind pilotul ini\u021bial \u00een scopul evalu\u0103rii utiliz\u0103rii unit\u0103\u021bii de putere&#8221; &#8211; pilotul \u00eenlocuitor mo\u0219tene\u0219te num\u0103rul de componente ale unit\u0103\u021bii de putere. Aceea\u0219i regul\u0103 se aplic\u0103 \u0219i \u00een cazul cutiilor de viteze.<\/p>\n<figure id=\"attachment_791\" aria-describedby=\"caption-attachment-791\" style=\"width: 997px\" class=\"wp-caption aligncenter\"><img loading=\"lazy\" decoding=\"async\" class=\"size-full wp-image-791\" src=\"https:\/\/welt-auto.ro\/file\/2023\/01\/Unitate-de-putere-formula-1-2022.jpg\" alt=\"Unitate de putere formula 1 2022\" width=\"997\" height=\"561\" srcset=\"https:\/\/welt-auto.ro\/file\/2023\/01\/Unitate-de-putere-formula-1-2022.jpg 997w, https:\/\/welt-auto.ro\/file\/2023\/01\/Unitate-de-putere-formula-1-2022-300x169.jpg 300w, https:\/\/welt-auto.ro\/file\/2023\/01\/Unitate-de-putere-formula-1-2022-768x432.jpg 768w, https:\/\/welt-auto.ro\/file\/2023\/01\/Unitate-de-putere-formula-1-2022-746x420.jpg 746w, https:\/\/welt-auto.ro\/file\/2023\/01\/Unitate-de-putere-formula-1-2022-640x360.jpg 640w, https:\/\/welt-auto.ro\/file\/2023\/01\/Unitate-de-putere-formula-1-2022-681x383.jpg 681w\" sizes=\"auto, (max-width: 997px) 100vw, 997px\" \/><figcaption id=\"caption-attachment-791\" class=\"wp-caption-text\">O diagram\u0103 a unit\u0103\u021bii de propulsie Honda RA621H, prin amabilitatea Honda Racing<\/figcaption><\/figure>\n<h3>Cum se acord\u0103 penaliz\u0103rile pentru motoare \u00een F1?<\/h3>\n<p>A\u0219adar, a\u021bi dep\u0103\u0219it alocarea unei piese de motor. Acum este momentul ca FIA s\u0103 v\u0103 aplice temutele penaliz\u0103ri pe gril\u0103. Acum este simplu, de\u0219i \u00een urm\u0103 cu c\u00e2\u021biva ani pilo\u021bii puteau acumula penaliz\u0103ri uria\u0219e pentru un Mare Premiu. Jenson Button de\u021bine recordul, cu o penalizare de 70 de locuri pe gril\u0103 pentru Marele Premiu al Mexicului din 2015.<\/p>\n<p>Penaliz\u0103rile sunt acordate \u00een felul urm\u0103tor:<\/p>\n<ul>\n<li>Prima dat\u0103 c\u00e2nd este folosit un element suplimentar, pilotul prime\u0219te o penalizare de 10 locuri pe gril\u0103.<\/li>\n<li>La urm\u0103toarea utilizare a unui element suplimentar, pilotul prime\u0219te o penalizare de cinci locuri pe gril\u0103.<\/li>\n<li>\u00cen cazul \u00een care un pilot sufer\u0103 o penalizare care dep\u0103\u0219e\u0219te 15 locuri pe gril\u0103, acesta va trebui s\u0103 porneasc\u0103 \u00een curs\u0103 din spate.<\/li>\n<\/ul>\n<p>Performan\u021ba din calific\u0103ri conteaz\u0103 \u00een continuare &#8211; dac\u0103 mai mul\u021bi pilo\u021bi se confrunt\u0103 cu acelea\u0219i penaliz\u0103ri pe gril\u0103, atunci calific\u0103rile decid ordinea \u00een care vor pleca. Astfel, \u00een Canada, anul acesta, Charles Leclerc a pornit de pe locul 19 &#8211; dup\u0103 ce a trecut \u00een Q2 &#8211; \u00een timp ce Yuki Tsunoda, care a fost penalizat \u00een mod similar, a pornit de pe locul 20, dup\u0103 ce nu a reu\u0219it s\u0103 treac\u0103 de Q1.<\/p>\n<figure id=\"attachment_792\" aria-describedby=\"caption-attachment-792\" style=\"width: 997px\" class=\"wp-caption aligncenter\"><img loading=\"lazy\" decoding=\"async\" class=\"size-full wp-image-792\" src=\"https:\/\/welt-auto.ro\/file\/2023\/01\/Unitate-de-putere-formula-1-2022-completa.jpg\" alt=\"Unitate de putere formula 1 2022 completa\" width=\"997\" height=\"561\" srcset=\"https:\/\/welt-auto.ro\/file\/2023\/01\/Unitate-de-putere-formula-1-2022-completa.jpg 997w, https:\/\/welt-auto.ro\/file\/2023\/01\/Unitate-de-putere-formula-1-2022-completa-300x169.jpg 300w, https:\/\/welt-auto.ro\/file\/2023\/01\/Unitate-de-putere-formula-1-2022-completa-768x432.jpg 768w, https:\/\/welt-auto.ro\/file\/2023\/01\/Unitate-de-putere-formula-1-2022-completa-746x420.jpg 746w, https:\/\/welt-auto.ro\/file\/2023\/01\/Unitate-de-putere-formula-1-2022-completa-640x360.jpg 640w, https:\/\/welt-auto.ro\/file\/2023\/01\/Unitate-de-putere-formula-1-2022-completa-681x383.jpg 681w\" sizes=\"auto, (max-width: 997px) 100vw, 997px\" \/><figcaption id=\"caption-attachment-792\" class=\"wp-caption-text\">Dac\u0103 un pilot acumuleaz\u0103 mai mult de 15 locuri de penaliz\u0103ri la motor, atunci va pleca din nou de pe gril\u0103.<\/figcaption><\/figure>\n<h3>Cum sunt acordate penaliz\u0103rile pentru cutia de viteze \u00een F1?<\/h3>\n<p>Dar sta\u021bi pu\u021bin, mai este ceva. Conduc\u0103torii auto sunt, de asemenea, limita\u021bi \u00een ceea ce prive\u0219te num\u0103rul de componente cu num\u0103r restric\u021bionat (RNC) pe care le pot utiliza \u00een timpul unui campionat. RNC-urile, care sunt componente care alc\u0103tuiesc cutia de viteze, \u0219i aloc\u0103rile acestora sunt enumerate mai jos:<\/p>\n<h2>2022 Alocarea RNC-urilor<\/h2>\n<table border=\"0\" cellspacing=\"0\" cellpadding=\"0\">\n<tbody>\n<tr>\n<th class=\"left \" style=\"background: #000000; color: #ffffff;\">COMPONENTA<\/th>\n<th class=\"left \" style=\"background: #000000; color: #ffffff;\">ALOCARE IN SEZON 2022<\/th>\n<\/tr>\n<tr>\n<td class=\"left \">Cutia de viteze cutie \u0219i caset\u0103<\/td>\n<td class=\"left \">4<\/td>\n<\/tr>\n<tr>\n<td class=\"left \">Transmisia cutiei de viteze, componentele schimb\u0103torului de viteze \u0219i componentele auxiliare<\/td>\n<td class=\"left \">4<\/td>\n<\/tr>\n<\/tbody>\n<\/table>\n<p>Echipele au la dispozi\u021bie un &#8222;pool&#8221; de patru cutii de viteze pentru cele 22 de curse din sezonul 2022, ceea ce \u00eenseamn\u0103 c\u0103 le pot schimba f\u0103r\u0103 a fi penalizate. Doar atunci c\u00e2nd un pilot \u00ee\u0219i dep\u0103\u0219e\u0219te alocarea oric\u0103reia dintre piesele de mai sus prime\u0219te o penalizare pe gril\u0103 pentru Marele Premiu din weekend.<\/p>\n<p>Penalizarea pentru dep\u0103\u0219irea aloc\u0103rii oric\u0103reia dintre cele dou\u0103 componente ale cutiei de viteze enumerate mai sus este de cinci locuri, ceea ce \u00eenseamn\u0103 c\u0103 pilo\u021bii pot primi o penalizare de 10 locuri pentru dep\u0103\u0219irea aloc\u0103rii pentru cutia de viteze. \u00cen acest caz, ar putea merita s\u0103 \u00eenlocuiasc\u0103 \u0219i motorul \u0219i s\u0103 ia startul din spatele grilei.<\/p>\n<p>Cutiile de viteze pot fi \u00eentre\u021binute sau reparate \u00eentre evenimente, dac\u0103 FIA aprob\u0103, dar modific\u0103rile &#8222;semnificative&#8221; ale pieselor au nevoie de permisiunea expres\u0103 a FIA.<\/p>\n<p>Concuren\u021bii pot utiliza un ansamblu de cutie de viteze \u00een afara aloc\u0103rii RNC \u00een patru ocazii pe parcursul campionatului, \u00een timpul FP1 \u0219i\/sau FP2.<\/p>\n<figure id=\"attachment_793\" aria-describedby=\"caption-attachment-793\" style=\"width: 997px\" class=\"wp-caption aligncenter\"><img loading=\"lazy\" decoding=\"async\" class=\"size-full wp-image-793\" src=\"https:\/\/welt-auto.ro\/file\/2023\/01\/Cutia-de-viteze-f1.jpg\" alt=\"Cutia de viteze f1\" width=\"997\" height=\"561\" srcset=\"https:\/\/welt-auto.ro\/file\/2023\/01\/Cutia-de-viteze-f1.jpg 997w, https:\/\/welt-auto.ro\/file\/2023\/01\/Cutia-de-viteze-f1-300x169.jpg 300w, https:\/\/welt-auto.ro\/file\/2023\/01\/Cutia-de-viteze-f1-768x432.jpg 768w, https:\/\/welt-auto.ro\/file\/2023\/01\/Cutia-de-viteze-f1-746x420.jpg 746w, https:\/\/welt-auto.ro\/file\/2023\/01\/Cutia-de-viteze-f1-640x360.jpg 640w, https:\/\/welt-auto.ro\/file\/2023\/01\/Cutia-de-viteze-f1-681x383.jpg 681w\" sizes=\"auto, (max-width: 997px) 100vw, 997px\" \/><figcaption id=\"caption-attachment-793\" class=\"wp-caption-text\">Echipele au la dispozi\u021bie o &#8222;rezerv\u0103&#8221; de patru cutii de viteze \u0219i posibilitatea de a utiliza componente din afara acestei rezerve \u00een patru ocazii pe parcursul sezonului.<\/figcaption><\/figure>\n<h3>C\u00e2nd merit\u0103 s\u0103 iei o penalizare pe gril\u0103?<\/h3>\n<p>Penaliz\u0103rile pe gril\u0103 sunt uneori luate din necesitate: dac\u0103 o echip\u0103 se teme c\u0103 pilotul s\u0103u ar putea s\u0103 nu termine urm\u0103toarea curs\u0103 &#8211; fie din cauza unui accident \u00eentr-un eveniment anterior, fie din cauza faptului c\u0103 motorul a ajuns la finalul duratei de via\u021b\u0103 &#8211; atunci \u00ee\u0219i poate asuma aceast\u0103 pedeaps\u0103.<\/p>\n<p>Echipele \u00ee\u0219i planific\u0103, de asemenea, aloc\u0103rile de motoare pentru sezon, ceea ce \u00eenseamn\u0103 c\u0103 vor \u00eencerca s\u0103 ia penaliz\u0103ri pe gril\u0103 pentru evenimentele \u00een care consider\u0103 c\u0103 dep\u0103\u0219irile sunt mai u\u0219oare, pentru a oferi \u0219anse de lupt\u0103 pilotului lor de la coada grilei. Mai degrab\u0103 ai prefera s\u0103 iei o penalizare \u00een Brazilia, a\u0219a cum a f\u0103cut Lewis Hamilton \u00een 2021, dec\u00e2t la Monaco.<\/p>\n<h3>Cum aplic\u0103 FIA alocarea motoarelor \u0219i a cutiilor de viteze?<\/h3>\n<p>FIA consider\u0103 c\u0103 oricare dintre elementele grupului motopropulsor a fost &#8222;utilizat&#8221; atunci c\u00e2nd transponderul de cronometrare al ma\u0219inii a ar\u0103tat c\u0103 aceasta a p\u0103r\u0103sit linia de boxe.<\/p>\n<p>Fiecare component\u0103 a grupului motopropulsor este &#8222;sigilat\u0103&#8221; de FIA pentru a se asigura c\u0103 nu poate fi reconstruit\u0103 sau \u00eenlocuit\u0103, \u00een timp ce elementele de evacuare sunt marcate \u00een mod clar, iar cutiile de viteze primesc, de asemenea, numere unice de identificare \u0219i de piese \u0219i sunt plasate \u00een containere speciale pentru a fi &#8222;sigilate&#8221; \u00eentre evenimente.<\/p>\n<p>Sigiliile pot fi \u00eendep\u0103rtate doar atunci c\u00e2nd FIA spune acest lucru, deci pentru repara\u021bii sau modific\u0103ri aprobate &#8211; care sunt \u00eenregistrate pe larg de FIA &#8211; sau \u00een ferestrele prestabilite \u00een jurul antrenamentelor libere, calific\u0103rilor, Sprintului \u0219i Marelui Premiu.<\/p>\n<p>Aceste reguli <span class=\"dia_suggestion w2\" contextmenu=\"true\">r\u0103m\u00e2n<\/span> neschimbate pentru sezonul 2023, <span class=\"dia_suggestion w6\" contextmenu=\"true\">cite\u0219te<\/span> aici <a href=\"https:\/\/welt-auto.ro\/10-schimbari-de-regulament-pentru-sezonul-2023-de-formula1\/\">10 reguli <span class=\"dia_suggestion w9\" contextmenu=\"true\">care<\/span> s-au schimbat pentru sezonul de <span class=\"dia_suggestion_done w16\" contextmenu=\"true\">formula<\/span> 1 2023<\/a>.<\/p>\n<p>&nbsp;<\/p>\n","protected":false},"excerpt":{"rendered":"<p>Fernando Alonso a fost primul pilot din 2022 care a primit o penalizare de motor, pornind de pe ultima pozi\u021bie a grilei de start \u00een cursa de acas\u0103, \u00eenainte ca Charles Leclerc \u0219i Yuki Tsunoda s\u0103 devin\u0103 cei mai recen\u021bi retrograda\u021bi \u00een Canada. \u00cen esen\u021b\u0103, pilo\u021bilor li se permit trei motoare pe sezon &#8211; fiecare [&hellip;]<\/p>\n","protected":false},"author":2,"featured_media":790,"comment_status":"open","ping_status":"open","sticky":false,"template":"","format":"standard","meta":{"footnotes":""},"categories":[100],"tags":[190,191],"class_list":["post-789","post","type-post","status-publish","format-standard","has-post-thumbnail","hentry","category-noutati-din-cel-mai-popula-sport-auto-formula-1","tag-reguli-1","tag-reguli-motoare-f1"],"yoast_head":"<!-- This site is optimized with the Yoast SEO plugin v23.1 - https:\/\/yoast.com\/wordpress\/plugins\/seo\/ -->\n<title>Cum func\u021bioneaz\u0103 penaliz\u0103rile pentru motoare \u00een F1? - Un altfel de Blog Auto - Welt-auto.ro<\/title>\n<meta name=\"robots\" content=\"index, follow, max-snippet:-1, max-image-preview:large, max-video-preview:-1\" \/>\n<link rel=\"canonical\" href=\"https:\/\/welt-auto.ro\/cum-functioneaza-penalizarile-pentru-motoare-f1\/\" \/>\n<meta property=\"og:locale\" content=\"ro_RO\" \/>\n<meta property=\"og:type\" content=\"article\" \/>\n<meta property=\"og:title\" content=\"Cum func\u021bioneaz\u0103 penaliz\u0103rile pentru motoare \u00een F1? - Un altfel de Blog Auto - Welt-auto.ro\" \/>\n<meta property=\"og:description\" content=\"Fernando Alonso a fost primul pilot din 2022 care a primit o penalizare de motor, pornind de pe ultima pozi\u021bie a grilei de start \u00een cursa de acas\u0103, \u00eenainte ca Charles Leclerc \u0219i Yuki Tsunoda s\u0103 devin\u0103 cei mai recen\u021bi retrograda\u021bi \u00een Canada. \u00cen esen\u021b\u0103, pilo\u021bilor li se permit trei motoare pe sezon &#8211; fiecare [&hellip;]\" \/>\n<meta property=\"og:url\" content=\"https:\/\/welt-auto.ro\/cum-functioneaza-penalizarile-pentru-motoare-f1\/\" \/>\n<meta property=\"og:site_name\" content=\"Un altfel de Blog Auto - Welt-auto.ro\" \/>\n<meta property=\"article:publisher\" content=\"https:\/\/www.facebook.com\/weltautor\" \/>\n<meta property=\"article:published_time\" content=\"2023-01-16T15:14:21+00:00\" \/>\n<meta property=\"article:modified_time\" content=\"2023-01-16T15:14:32+00:00\" \/>\n<meta property=\"og:image\" content=\"https:\/\/welt-auto.ro\/file\/2023\/01\/FRed-Bull-racing-motor.jpg\" \/>\n\t<meta property=\"og:image:width\" content=\"997\" \/>\n\t<meta property=\"og:image:height\" content=\"561\" \/>\n\t<meta property=\"og:image:type\" content=\"image\/jpeg\" \/>\n<meta name=\"author\" content=\"Andrei Welther\" \/>\n<meta name=\"twitter:card\" content=\"summary_large_image\" \/>\n<meta name=\"twitter:label1\" content=\"Scris de\" \/>\n\t<meta name=\"twitter:data1\" content=\"Andrei Welther\" \/>\n\t<meta name=\"twitter:label2\" content=\"Timp estimat pentru citire\" \/>\n\t<meta name=\"twitter:data2\" content=\"6 minute\" \/>\n<script type=\"application\/ld+json\" class=\"yoast-schema-graph\">{\"@context\":\"https:\/\/schema.org\",\"@graph\":[{\"@type\":\"WebPage\",\"@id\":\"https:\/\/welt-auto.ro\/cum-functioneaza-penalizarile-pentru-motoare-f1\/\",\"url\":\"https:\/\/welt-auto.ro\/cum-functioneaza-penalizarile-pentru-motoare-f1\/\",\"name\":\"Cum func\u021bioneaz\u0103 penaliz\u0103rile pentru motoare \u00een F1? - Un altfel de Blog Auto - Welt-auto.ro\",\"isPartOf\":{\"@id\":\"https:\/\/welt-auto.ro\/#website\"},\"primaryImageOfPage\":{\"@id\":\"https:\/\/welt-auto.ro\/cum-functioneaza-penalizarile-pentru-motoare-f1\/#primaryimage\"},\"image\":{\"@id\":\"https:\/\/welt-auto.ro\/cum-functioneaza-penalizarile-pentru-motoare-f1\/#primaryimage\"},\"thumbnailUrl\":\"https:\/\/welt-auto.ro\/file\/2023\/01\/FRed-Bull-racing-motor.jpg\",\"datePublished\":\"2023-01-16T15:14:21+00:00\",\"dateModified\":\"2023-01-16T15:14:32+00:00\",\"author\":{\"@id\":\"https:\/\/welt-auto.ro\/#\/schema\/person\/69a640369c1548e5b5e04f610d3be559\"},\"breadcrumb\":{\"@id\":\"https:\/\/welt-auto.ro\/cum-functioneaza-penalizarile-pentru-motoare-f1\/#breadcrumb\"},\"inLanguage\":\"ro-RO\",\"potentialAction\":[{\"@type\":\"ReadAction\",\"target\":[\"https:\/\/welt-auto.ro\/cum-functioneaza-penalizarile-pentru-motoare-f1\/\"]}]},{\"@type\":\"ImageObject\",\"inLanguage\":\"ro-RO\",\"@id\":\"https:\/\/welt-auto.ro\/cum-functioneaza-penalizarile-pentru-motoare-f1\/#primaryimage\",\"url\":\"https:\/\/welt-auto.ro\/file\/2023\/01\/FRed-Bull-racing-motor.jpg\",\"contentUrl\":\"https:\/\/welt-auto.ro\/file\/2023\/01\/FRed-Bull-racing-motor.jpg\",\"width\":997,\"height\":561,\"caption\":\"Red Bull racing motor\"},{\"@type\":\"BreadcrumbList\",\"@id\":\"https:\/\/welt-auto.ro\/cum-functioneaza-penalizarile-pentru-motoare-f1\/#breadcrumb\",\"itemListElement\":[{\"@type\":\"ListItem\",\"position\":1,\"name\":\"Prima pagin\u0103\",\"item\":\"https:\/\/welt-auto.ro\/\"},{\"@type\":\"ListItem\",\"position\":2,\"name\":\"Cum func\u021bioneaz\u0103 penaliz\u0103rile pentru motoare \u00een F1?\"}]},{\"@type\":\"WebSite\",\"@id\":\"https:\/\/welt-auto.ro\/#website\",\"url\":\"https:\/\/welt-auto.ro\/\",\"name\":\"Un altfel de Blog Auto - Welt-auto.ro\",\"description\":\"Un altfel de blog auto -afla acum detalii din lumea auto\",\"potentialAction\":[{\"@type\":\"SearchAction\",\"target\":{\"@type\":\"EntryPoint\",\"urlTemplate\":\"https:\/\/welt-auto.ro\/?s={search_term_string}\"},\"query-input\":\"required name=search_term_string\"}],\"inLanguage\":\"ro-RO\"},{\"@type\":\"Person\",\"@id\":\"https:\/\/welt-auto.ro\/#\/schema\/person\/69a640369c1548e5b5e04f610d3be559\",\"name\":\"Andrei Welther\",\"image\":{\"@type\":\"ImageObject\",\"inLanguage\":\"ro-RO\",\"@id\":\"https:\/\/welt-auto.ro\/#\/schema\/person\/image\/\",\"url\":\"https:\/\/secure.gravatar.com\/avatar\/bd4a792415fb39fa51798d58ac2f37a43840d82d0caaa90a29f315aec4e6d416?s=96&d=mm&r=g\",\"contentUrl\":\"https:\/\/secure.gravatar.com\/avatar\/bd4a792415fb39fa51798d58ac2f37a43840d82d0caaa90a29f315aec4e6d416?s=96&d=mm&r=g\",\"caption\":\"Andrei Welther\"},\"sameAs\":[\"https:\/\/weltcars.com\"],\"url\":\"https:\/\/welt-auto.ro\/profile\/weltandrei\/\"}]}<\/script>\n<!-- \/ Yoast SEO plugin. -->","yoast_head_json":{"title":"Cum func\u021bioneaz\u0103 penaliz\u0103rile pentru motoare \u00een F1? - Un altfel de Blog Auto - Welt-auto.ro","robots":{"index":"index","follow":"follow","max-snippet":"max-snippet:-1","max-image-preview":"max-image-preview:large","max-video-preview":"max-video-preview:-1"},"canonical":"https:\/\/welt-auto.ro\/cum-functioneaza-penalizarile-pentru-motoare-f1\/","og_locale":"ro_RO","og_type":"article","og_title":"Cum func\u021bioneaz\u0103 penaliz\u0103rile pentru motoare \u00een F1? - Un altfel de Blog Auto - Welt-auto.ro","og_description":"Fernando Alonso a fost primul pilot din 2022 care a primit o penalizare de motor, pornind de pe ultima pozi\u021bie a grilei de start \u00een cursa de acas\u0103, \u00eenainte ca Charles Leclerc \u0219i Yuki Tsunoda s\u0103 devin\u0103 cei mai recen\u021bi retrograda\u021bi \u00een Canada. \u00cen esen\u021b\u0103, pilo\u021bilor li se permit trei motoare pe sezon &#8211; fiecare [&hellip;]","og_url":"https:\/\/welt-auto.ro\/cum-functioneaza-penalizarile-pentru-motoare-f1\/","og_site_name":"Un altfel de Blog Auto - Welt-auto.ro","article_publisher":"https:\/\/www.facebook.com\/weltautor","article_published_time":"2023-01-16T15:14:21+00:00","article_modified_time":"2023-01-16T15:14:32+00:00","og_image":[{"width":997,"height":561,"url":"https:\/\/welt-auto.ro\/file\/2023\/01\/FRed-Bull-racing-motor.jpg","type":"image\/jpeg"}],"author":"Andrei Welther","twitter_card":"summary_large_image","twitter_misc":{"Scris de":"Andrei Welther","Timp estimat pentru citire":"6 minute"},"schema":{"@context":"https:\/\/schema.org","@graph":[{"@type":"WebPage","@id":"https:\/\/welt-auto.ro\/cum-functioneaza-penalizarile-pentru-motoare-f1\/","url":"https:\/\/welt-auto.ro\/cum-functioneaza-penalizarile-pentru-motoare-f1\/","name":"Cum func\u021bioneaz\u0103 penaliz\u0103rile pentru motoare \u00een F1? - Un altfel de Blog Auto - Welt-auto.ro","isPartOf":{"@id":"https:\/\/welt-auto.ro\/#website"},"primaryImageOfPage":{"@id":"https:\/\/welt-auto.ro\/cum-functioneaza-penalizarile-pentru-motoare-f1\/#primaryimage"},"image":{"@id":"https:\/\/welt-auto.ro\/cum-functioneaza-penalizarile-pentru-motoare-f1\/#primaryimage"},"thumbnailUrl":"https:\/\/welt-auto.ro\/file\/2023\/01\/FRed-Bull-racing-motor.jpg","datePublished":"2023-01-16T15:14:21+00:00","dateModified":"2023-01-16T15:14:32+00:00","author":{"@id":"https:\/\/welt-auto.ro\/#\/schema\/person\/69a640369c1548e5b5e04f610d3be559"},"breadcrumb":{"@id":"https:\/\/welt-auto.ro\/cum-functioneaza-penalizarile-pentru-motoare-f1\/#breadcrumb"},"inLanguage":"ro-RO","potentialAction":[{"@type":"ReadAction","target":["https:\/\/welt-auto.ro\/cum-functioneaza-penalizarile-pentru-motoare-f1\/"]}]},{"@type":"ImageObject","inLanguage":"ro-RO","@id":"https:\/\/welt-auto.ro\/cum-functioneaza-penalizarile-pentru-motoare-f1\/#primaryimage","url":"https:\/\/welt-auto.ro\/file\/2023\/01\/FRed-Bull-racing-motor.jpg","contentUrl":"https:\/\/welt-auto.ro\/file\/2023\/01\/FRed-Bull-racing-motor.jpg","width":997,"height":561,"caption":"Red Bull racing motor"},{"@type":"BreadcrumbList","@id":"https:\/\/welt-auto.ro\/cum-functioneaza-penalizarile-pentru-motoare-f1\/#breadcrumb","itemListElement":[{"@type":"ListItem","position":1,"name":"Prima pagin\u0103","item":"https:\/\/welt-auto.ro\/"},{"@type":"ListItem","position":2,"name":"Cum func\u021bioneaz\u0103 penaliz\u0103rile pentru motoare \u00een F1?"}]},{"@type":"WebSite","@id":"https:\/\/welt-auto.ro\/#website","url":"https:\/\/welt-auto.ro\/","name":"Un altfel de Blog Auto - Welt-auto.ro","description":"Un altfel de blog auto -afla acum detalii din lumea auto","potentialAction":[{"@type":"SearchAction","target":{"@type":"EntryPoint","urlTemplate":"https:\/\/welt-auto.ro\/?s={search_term_string}"},"query-input":"required name=search_term_string"}],"inLanguage":"ro-RO"},{"@type":"Person","@id":"https:\/\/welt-auto.ro\/#\/schema\/person\/69a640369c1548e5b5e04f610d3be559","name":"Andrei Welther","image":{"@type":"ImageObject","inLanguage":"ro-RO","@id":"https:\/\/welt-auto.ro\/#\/schema\/person\/image\/","url":"https:\/\/secure.gravatar.com\/avatar\/bd4a792415fb39fa51798d58ac2f37a43840d82d0caaa90a29f315aec4e6d416?s=96&d=mm&r=g","contentUrl":"https:\/\/secure.gravatar.com\/avatar\/bd4a792415fb39fa51798d58ac2f37a43840d82d0caaa90a29f315aec4e6d416?s=96&d=mm&r=g","caption":"Andrei Welther"},"sameAs":["https:\/\/weltcars.com"],"url":"https:\/\/welt-auto.ro\/profile\/weltandrei\/"}]}},"_links":{"self":[{"href":"https:\/\/welt-auto.ro\/rest\/wp\/v2\/posts\/789","targetHints":{"allow":["GET"]}}],"collection":[{"href":"https:\/\/welt-auto.ro\/rest\/wp\/v2\/posts"}],"about":[{"href":"https:\/\/welt-auto.ro\/rest\/wp\/v2\/types\/post"}],"author":[{"embeddable":true,"href":"https:\/\/welt-auto.ro\/rest\/wp\/v2\/users\/2"}],"replies":[{"embeddable":true,"href":"https:\/\/welt-auto.ro\/rest\/wp\/v2\/comments?post=789"}],"version-history":[{"count":1,"href":"https:\/\/welt-auto.ro\/rest\/wp\/v2\/posts\/789\/revisions"}],"predecessor-version":[{"id":794,"href":"https:\/\/welt-auto.ro\/rest\/wp\/v2\/posts\/789\/revisions\/794"}],"wp:featuredmedia":[{"embeddable":true,"href":"https:\/\/welt-auto.ro\/rest\/wp\/v2\/media\/790"}],"wp:attachment":[{"href":"https:\/\/welt-auto.ro\/rest\/wp\/v2\/media?parent=789"}],"wp:term":[{"taxonomy":"category","embeddable":true,"href":"https:\/\/welt-auto.ro\/rest\/wp\/v2\/categories?post=789"},{"taxonomy":"post_tag","embeddable":true,"href":"https:\/\/welt-auto.ro\/rest\/wp\/v2\/tags?post=789"}],"curies":[{"name":"wp","href":"https:\/\/api.w.org\/{rel}","templated":true}]}}