{"id":864,"date":"2023-01-20T15:33:21","date_gmt":"2023-01-20T15:33:21","guid":{"rendered":"https:\/\/welt-auto.ro\/?p=864"},"modified":"2023-01-20T15:33:32","modified_gmt":"2023-01-20T15:33:32","slug":"bmw-extinde-acordul-cu-solid-power-pentru-incepe-productia-unui-prototip-de-baterii-cu-stare-solida","status":"publish","type":"post","link":"https:\/\/welt-auto.ro\/bmw-extinde-acordul-cu-solid-power-pentru-incepe-productia-unui-prototip-de-baterii-cu-stare-solida\/","title":{"rendered":"BMW extinde acordul cu Solid Power pentru a \u00eencepe produc\u021bia unui prototip de baterii cu stare solid\u0103"},"content":{"rendered":"<p><img loading=\"lazy\" decoding=\"async\" class=\"aligncenter size-full wp-image-865\" src=\"https:\/\/welt-auto.ro\/file\/2023\/01\/BMW-generic-BL-web.jpg\" alt=\"BMW generic BL\" width=\"900\" height=\"540\" srcset=\"https:\/\/welt-auto.ro\/file\/2023\/01\/BMW-generic-BL-web.jpg 900w, https:\/\/welt-auto.ro\/file\/2023\/01\/BMW-generic-BL-web-300x180.jpg 300w, https:\/\/welt-auto.ro\/file\/2023\/01\/BMW-generic-BL-web-768x461.jpg 768w, https:\/\/welt-auto.ro\/file\/2023\/01\/BMW-generic-BL-web-700x420.jpg 700w, https:\/\/welt-auto.ro\/file\/2023\/01\/BMW-generic-BL-web-640x384.jpg 640w, https:\/\/welt-auto.ro\/file\/2023\/01\/BMW-generic-BL-web-681x409.jpg 681w\" sizes=\"auto, (max-width: 900px) 100vw, 900px\" \/><\/p>\n<p>BMW a extins un acord cu compania american\u0103 Solid State pentru a ad\u0103uga o licen\u021b\u0103 de cercetare \u0219i dezvoltare care va permite produc\u0103torului auto s\u0103 \u00eenceap\u0103 produc\u021bia de prototipuri de celule cu semiconductori la Centrul s\u0103u de competen\u021b\u0103 pentru produc\u021bia de celule din Parsdorf, \u00een apropiere de M\u00fcnchen, a anun\u021bat produc\u0103torul auto \u00eentr-o declara\u021bie.<\/p>\n<p>Constructorul auto va \u00eencepe s\u0103 produc\u0103 celule \u00een prima jum\u0103tate a acestui an, cu scopul de a dezvolta celule de baterii suficient de mari pentru a le testa \u00eentr-un vehicul \u00eenainte de 2025, a declarat Peter Lamp, \u0219eful departamentului de cercetare \u0219i dezvoltare \u00een domeniul bateriilor de la BMW, \u00eentr-un interviu.<\/p>\n<p>Solid Power are acorduri de dezvoltare at\u00e2t cu <a href=\"https:\/\/welt-auto.ro\/search\/BMW\">BMW<\/a>, c\u00e2t \u0219i cu <a href=\"https:\/\/welt-auto.ro\/search\/Ford\">Ford<\/a>, care sunt, de asemenea, investitori. \u00cen cazul \u00een care tehnologia sa \u00eendepline\u0219te anumite obiective de performan\u021b\u0103, ar putea fi luat\u0103 \u00een considerare pentru contracte de furnizare pentru automobile.<\/p>\n<p>Solid Power este una dintre zecile de companii care \u00eencearc\u0103 s\u0103 ating\u0103 &#8222;Sf\u00e2ntul Graal&#8221; al inova\u021biei \u00een materie de baterii: o baterie solid\u0103 care poate oferi o autonomie mai mare, timpi de \u00eenc\u0103rcare mai rapizi, un risc redus de incendiu \u0219i costuri mai mici.<\/p>\n<p>Produc\u0103torii de automobile \u0219i companiile produc\u0103toare de <a href=\"https:\/\/welt-auto.ro\/search\/baterii\">baterii<\/a> pariaz\u0103 c\u0103 pot realiza o astfel de descoperire p\u00e2n\u0103 la sf\u00e2r\u0219itul deceniului, dar \u00eenc\u0103 se confrunt\u0103 cu obstacole abrupte pentru a dovedi c\u0103 descoperirile din laborator pot fi fabricate la scar\u0103 larg\u0103.<\/p>\n<p>&#8222;Avem echipe bune pe partea Solid Power, pe partea BMW&#8221;, a declarat Lamp. &#8222;Dac\u0103 avans\u0103m separat, nu este aceea\u0219i vitez\u0103 ca \u0219i c\u00e2nd ne-am uni for\u021bele.&#8221;<\/p>\n<p>Cu sediul \u00een Louisville, Colorado, Solid Power a devenit public\u0103 prin intermediul unei fuziuni inverse \u00een 2021.<\/p>\n<p>Co-fondatorul Doug Campbell a renun\u021bat la func\u021bia de CEO \u00een noiembrie, spun\u00e2nd c\u0103 firma avea nevoie de cineva cu mai mult\u0103 expertiz\u0103 \u00een domeniul produc\u021biei pentru a o conduce \u00een urm\u0103toarea faz\u0103.<\/p>\n<p>David Jansen, un capitalist de risc care este pre\u0219edinte \u0219i pre\u0219edinte al companiei, este CEO interimar \u00een timp ce caut\u0103 un \u00eenlocuitor permanent.<\/p>\n<p>&#8222;Suntem bine avansa\u021bi \u00een acest proces&#8221;, a declarat Jansen. &#8222;Consiliul de administra\u021bie este foarte entuziasmat&#8221;.<\/p>\n","protected":false},"excerpt":{"rendered":"<p>BMW a extins un acord cu compania american\u0103 Solid State pentru a ad\u0103uga o licen\u021b\u0103 de cercetare \u0219i dezvoltare care va permite produc\u0103torului auto s\u0103 \u00eenceap\u0103 produc\u021bia de prototipuri de celule cu semiconductori la Centrul s\u0103u de competen\u021b\u0103 pentru produc\u021bia de celule din Parsdorf, \u00een apropiere de M\u00fcnchen, a anun\u021bat produc\u0103torul auto \u00eentr-o declara\u021bie. Constructorul [&hellip;]<\/p>\n","protected":false},"author":2,"featured_media":865,"comment_status":"open","ping_status":"open","sticky":false,"template":"","format":"standard","meta":{"footnotes":""},"categories":[17],"tags":[234,30,91],"class_list":["post-864","post","type-post","status-publish","format-standard","has-post-thumbnail","hentry","category-modele-noi-auto","tag-bateriii-masini","tag-bmw","tag-masini-electrice"],"yoast_head":"<!-- This site is optimized with the Yoast SEO plugin v23.1 - https:\/\/yoast.com\/wordpress\/plugins\/seo\/ -->\n<title>BMW extinde acordul cu Solid Power pentru a \u00eencepe produc\u021bia unui prototip de baterii cu stare solid\u0103 - Un altfel de Blog Auto - Welt-auto.ro<\/title>\n<meta name=\"robots\" content=\"index, follow, max-snippet:-1, max-image-preview:large, max-video-preview:-1\" \/>\n<link rel=\"canonical\" href=\"https:\/\/welt-auto.ro\/bmw-extinde-acordul-cu-solid-power-pentru-incepe-productia-unui-prototip-de-baterii-cu-stare-solida\/\" \/>\n<meta property=\"og:locale\" content=\"ro_RO\" \/>\n<meta property=\"og:type\" content=\"article\" \/>\n<meta property=\"og:title\" content=\"BMW extinde acordul cu Solid Power pentru a \u00eencepe produc\u021bia unui prototip de baterii cu stare solid\u0103 - Un altfel de Blog Auto - Welt-auto.ro\" \/>\n<meta property=\"og:description\" content=\"BMW a extins un acord cu compania american\u0103 Solid State pentru a ad\u0103uga o licen\u021b\u0103 de cercetare \u0219i dezvoltare care va permite produc\u0103torului auto s\u0103 \u00eenceap\u0103 produc\u021bia de prototipuri de celule cu semiconductori la Centrul s\u0103u de competen\u021b\u0103 pentru produc\u021bia de celule din Parsdorf, \u00een apropiere de M\u00fcnchen, a anun\u021bat produc\u0103torul auto \u00eentr-o declara\u021bie. Constructorul [&hellip;]\" \/>\n<meta property=\"og:url\" content=\"https:\/\/welt-auto.ro\/bmw-extinde-acordul-cu-solid-power-pentru-incepe-productia-unui-prototip-de-baterii-cu-stare-solida\/\" \/>\n<meta property=\"og:site_name\" content=\"Un altfel de Blog Auto - Welt-auto.ro\" \/>\n<meta property=\"article:publisher\" content=\"https:\/\/www.facebook.com\/weltautor\" \/>\n<meta property=\"article:published_time\" content=\"2023-01-20T15:33:21+00:00\" \/>\n<meta property=\"article:modified_time\" content=\"2023-01-20T15:33:32+00:00\" \/>\n<meta property=\"og:image\" content=\"https:\/\/welt-auto.ro\/file\/2023\/01\/BMW-generic-BL-web.jpg\" \/>\n\t<meta property=\"og:image:width\" content=\"900\" \/>\n\t<meta property=\"og:image:height\" content=\"540\" \/>\n\t<meta property=\"og:image:type\" content=\"image\/jpeg\" \/>\n<meta name=\"author\" content=\"Andrei Welther\" \/>\n<meta name=\"twitter:card\" content=\"summary_large_image\" \/>\n<meta name=\"twitter:label1\" content=\"Scris de\" \/>\n\t<meta name=\"twitter:data1\" content=\"Andrei Welther\" \/>\n\t<meta name=\"twitter:label2\" content=\"Timp estimat pentru citire\" \/>\n\t<meta name=\"twitter:data2\" content=\"2 minute\" \/>\n<script type=\"application\/ld+json\" class=\"yoast-schema-graph\">{\"@context\":\"https:\/\/schema.org\",\"@graph\":[{\"@type\":\"WebPage\",\"@id\":\"https:\/\/welt-auto.ro\/bmw-extinde-acordul-cu-solid-power-pentru-incepe-productia-unui-prototip-de-baterii-cu-stare-solida\/\",\"url\":\"https:\/\/welt-auto.ro\/bmw-extinde-acordul-cu-solid-power-pentru-incepe-productia-unui-prototip-de-baterii-cu-stare-solida\/\",\"name\":\"BMW extinde acordul cu Solid Power pentru a \u00eencepe produc\u021bia unui prototip de baterii cu stare solid\u0103 - Un altfel de Blog Auto - Welt-auto.ro\",\"isPartOf\":{\"@id\":\"https:\/\/welt-auto.ro\/#website\"},\"primaryImageOfPage\":{\"@id\":\"https:\/\/welt-auto.ro\/bmw-extinde-acordul-cu-solid-power-pentru-incepe-productia-unui-prototip-de-baterii-cu-stare-solida\/#primaryimage\"},\"image\":{\"@id\":\"https:\/\/welt-auto.ro\/bmw-extinde-acordul-cu-solid-power-pentru-incepe-productia-unui-prototip-de-baterii-cu-stare-solida\/#primaryimage\"},\"thumbnailUrl\":\"https:\/\/welt-auto.ro\/file\/2023\/01\/BMW-generic-BL-web.jpg\",\"datePublished\":\"2023-01-20T15:33:21+00:00\",\"dateModified\":\"2023-01-20T15:33:32+00:00\",\"author\":{\"@id\":\"https:\/\/welt-auto.ro\/#\/schema\/person\/69a640369c1548e5b5e04f610d3be559\"},\"breadcrumb\":{\"@id\":\"https:\/\/welt-auto.ro\/bmw-extinde-acordul-cu-solid-power-pentru-incepe-productia-unui-prototip-de-baterii-cu-stare-solida\/#breadcrumb\"},\"inLanguage\":\"ro-RO\",\"potentialAction\":[{\"@type\":\"ReadAction\",\"target\":[\"https:\/\/welt-auto.ro\/bmw-extinde-acordul-cu-solid-power-pentru-incepe-productia-unui-prototip-de-baterii-cu-stare-solida\/\"]}]},{\"@type\":\"ImageObject\",\"inLanguage\":\"ro-RO\",\"@id\":\"https:\/\/welt-auto.ro\/bmw-extinde-acordul-cu-solid-power-pentru-incepe-productia-unui-prototip-de-baterii-cu-stare-solida\/#primaryimage\",\"url\":\"https:\/\/welt-auto.ro\/file\/2023\/01\/BMW-generic-BL-web.jpg\",\"contentUrl\":\"https:\/\/welt-auto.ro\/file\/2023\/01\/BMW-generic-BL-web.jpg\",\"width\":900,\"height\":540,\"caption\":\"BMW generic BL\"},{\"@type\":\"BreadcrumbList\",\"@id\":\"https:\/\/welt-auto.ro\/bmw-extinde-acordul-cu-solid-power-pentru-incepe-productia-unui-prototip-de-baterii-cu-stare-solida\/#breadcrumb\",\"itemListElement\":[{\"@type\":\"ListItem\",\"position\":1,\"name\":\"Prima pagin\u0103\",\"item\":\"https:\/\/welt-auto.ro\/\"},{\"@type\":\"ListItem\",\"position\":2,\"name\":\"BMW extinde acordul cu Solid Power pentru a \u00eencepe produc\u021bia unui prototip de baterii cu stare solid\u0103\"}]},{\"@type\":\"WebSite\",\"@id\":\"https:\/\/welt-auto.ro\/#website\",\"url\":\"https:\/\/welt-auto.ro\/\",\"name\":\"Un altfel de Blog Auto - Welt-auto.ro\",\"description\":\"Un altfel de blog auto -afla acum detalii din lumea auto\",\"potentialAction\":[{\"@type\":\"SearchAction\",\"target\":{\"@type\":\"EntryPoint\",\"urlTemplate\":\"https:\/\/welt-auto.ro\/?s={search_term_string}\"},\"query-input\":\"required name=search_term_string\"}],\"inLanguage\":\"ro-RO\"},{\"@type\":\"Person\",\"@id\":\"https:\/\/welt-auto.ro\/#\/schema\/person\/69a640369c1548e5b5e04f610d3be559\",\"name\":\"Andrei Welther\",\"image\":{\"@type\":\"ImageObject\",\"inLanguage\":\"ro-RO\",\"@id\":\"https:\/\/welt-auto.ro\/#\/schema\/person\/image\/\",\"url\":\"https:\/\/secure.gravatar.com\/avatar\/bd4a792415fb39fa51798d58ac2f37a43840d82d0caaa90a29f315aec4e6d416?s=96&d=mm&r=g\",\"contentUrl\":\"https:\/\/secure.gravatar.com\/avatar\/bd4a792415fb39fa51798d58ac2f37a43840d82d0caaa90a29f315aec4e6d416?s=96&d=mm&r=g\",\"caption\":\"Andrei Welther\"},\"sameAs\":[\"https:\/\/weltcars.com\"],\"url\":\"https:\/\/welt-auto.ro\/profile\/weltandrei\/\"}]}<\/script>\n<!-- \/ Yoast SEO plugin. -->","yoast_head_json":{"title":"BMW extinde acordul cu Solid Power pentru a \u00eencepe produc\u021bia unui prototip de baterii cu stare solid\u0103 - Un altfel de Blog Auto - Welt-auto.ro","robots":{"index":"index","follow":"follow","max-snippet":"max-snippet:-1","max-image-preview":"max-image-preview:large","max-video-preview":"max-video-preview:-1"},"canonical":"https:\/\/welt-auto.ro\/bmw-extinde-acordul-cu-solid-power-pentru-incepe-productia-unui-prototip-de-baterii-cu-stare-solida\/","og_locale":"ro_RO","og_type":"article","og_title":"BMW extinde acordul cu Solid Power pentru a \u00eencepe produc\u021bia unui prototip de baterii cu stare solid\u0103 - Un altfel de Blog Auto - Welt-auto.ro","og_description":"BMW a extins un acord cu compania american\u0103 Solid State pentru a ad\u0103uga o licen\u021b\u0103 de cercetare \u0219i dezvoltare care va permite produc\u0103torului auto s\u0103 \u00eenceap\u0103 produc\u021bia de prototipuri de celule cu semiconductori la Centrul s\u0103u de competen\u021b\u0103 pentru produc\u021bia de celule din Parsdorf, \u00een apropiere de M\u00fcnchen, a anun\u021bat produc\u0103torul auto \u00eentr-o declara\u021bie. Constructorul [&hellip;]","og_url":"https:\/\/welt-auto.ro\/bmw-extinde-acordul-cu-solid-power-pentru-incepe-productia-unui-prototip-de-baterii-cu-stare-solida\/","og_site_name":"Un altfel de Blog Auto - Welt-auto.ro","article_publisher":"https:\/\/www.facebook.com\/weltautor","article_published_time":"2023-01-20T15:33:21+00:00","article_modified_time":"2023-01-20T15:33:32+00:00","og_image":[{"width":900,"height":540,"url":"https:\/\/welt-auto.ro\/file\/2023\/01\/BMW-generic-BL-web.jpg","type":"image\/jpeg"}],"author":"Andrei Welther","twitter_card":"summary_large_image","twitter_misc":{"Scris de":"Andrei Welther","Timp estimat pentru citire":"2 minute"},"schema":{"@context":"https:\/\/schema.org","@graph":[{"@type":"WebPage","@id":"https:\/\/welt-auto.ro\/bmw-extinde-acordul-cu-solid-power-pentru-incepe-productia-unui-prototip-de-baterii-cu-stare-solida\/","url":"https:\/\/welt-auto.ro\/bmw-extinde-acordul-cu-solid-power-pentru-incepe-productia-unui-prototip-de-baterii-cu-stare-solida\/","name":"BMW extinde acordul cu Solid Power pentru a \u00eencepe produc\u021bia unui prototip de baterii cu stare solid\u0103 - Un altfel de Blog Auto - Welt-auto.ro","isPartOf":{"@id":"https:\/\/welt-auto.ro\/#website"},"primaryImageOfPage":{"@id":"https:\/\/welt-auto.ro\/bmw-extinde-acordul-cu-solid-power-pentru-incepe-productia-unui-prototip-de-baterii-cu-stare-solida\/#primaryimage"},"image":{"@id":"https:\/\/welt-auto.ro\/bmw-extinde-acordul-cu-solid-power-pentru-incepe-productia-unui-prototip-de-baterii-cu-stare-solida\/#primaryimage"},"thumbnailUrl":"https:\/\/welt-auto.ro\/file\/2023\/01\/BMW-generic-BL-web.jpg","datePublished":"2023-01-20T15:33:21+00:00","dateModified":"2023-01-20T15:33:32+00:00","author":{"@id":"https:\/\/welt-auto.ro\/#\/schema\/person\/69a640369c1548e5b5e04f610d3be559"},"breadcrumb":{"@id":"https:\/\/welt-auto.ro\/bmw-extinde-acordul-cu-solid-power-pentru-incepe-productia-unui-prototip-de-baterii-cu-stare-solida\/#breadcrumb"},"inLanguage":"ro-RO","potentialAction":[{"@type":"ReadAction","target":["https:\/\/welt-auto.ro\/bmw-extinde-acordul-cu-solid-power-pentru-incepe-productia-unui-prototip-de-baterii-cu-stare-solida\/"]}]},{"@type":"ImageObject","inLanguage":"ro-RO","@id":"https:\/\/welt-auto.ro\/bmw-extinde-acordul-cu-solid-power-pentru-incepe-productia-unui-prototip-de-baterii-cu-stare-solida\/#primaryimage","url":"https:\/\/welt-auto.ro\/file\/2023\/01\/BMW-generic-BL-web.jpg","contentUrl":"https:\/\/welt-auto.ro\/file\/2023\/01\/BMW-generic-BL-web.jpg","width":900,"height":540,"caption":"BMW generic BL"},{"@type":"BreadcrumbList","@id":"https:\/\/welt-auto.ro\/bmw-extinde-acordul-cu-solid-power-pentru-incepe-productia-unui-prototip-de-baterii-cu-stare-solida\/#breadcrumb","itemListElement":[{"@type":"ListItem","position":1,"name":"Prima pagin\u0103","item":"https:\/\/welt-auto.ro\/"},{"@type":"ListItem","position":2,"name":"BMW extinde acordul cu Solid Power pentru a \u00eencepe produc\u021bia unui prototip de baterii cu stare solid\u0103"}]},{"@type":"WebSite","@id":"https:\/\/welt-auto.ro\/#website","url":"https:\/\/welt-auto.ro\/","name":"Un altfel de Blog Auto - Welt-auto.ro","description":"Un altfel de blog auto -afla acum detalii din lumea auto","potentialAction":[{"@type":"SearchAction","target":{"@type":"EntryPoint","urlTemplate":"https:\/\/welt-auto.ro\/?s={search_term_string}"},"query-input":"required name=search_term_string"}],"inLanguage":"ro-RO"},{"@type":"Person","@id":"https:\/\/welt-auto.ro\/#\/schema\/person\/69a640369c1548e5b5e04f610d3be559","name":"Andrei Welther","image":{"@type":"ImageObject","inLanguage":"ro-RO","@id":"https:\/\/welt-auto.ro\/#\/schema\/person\/image\/","url":"https:\/\/secure.gravatar.com\/avatar\/bd4a792415fb39fa51798d58ac2f37a43840d82d0caaa90a29f315aec4e6d416?s=96&d=mm&r=g","contentUrl":"https:\/\/secure.gravatar.com\/avatar\/bd4a792415fb39fa51798d58ac2f37a43840d82d0caaa90a29f315aec4e6d416?s=96&d=mm&r=g","caption":"Andrei Welther"},"sameAs":["https:\/\/weltcars.com"],"url":"https:\/\/welt-auto.ro\/profile\/weltandrei\/"}]}},"_links":{"self":[{"href":"https:\/\/welt-auto.ro\/rest\/wp\/v2\/posts\/864","targetHints":{"allow":["GET"]}}],"collection":[{"href":"https:\/\/welt-auto.ro\/rest\/wp\/v2\/posts"}],"about":[{"href":"https:\/\/welt-auto.ro\/rest\/wp\/v2\/types\/post"}],"author":[{"embeddable":true,"href":"https:\/\/welt-auto.ro\/rest\/wp\/v2\/users\/2"}],"replies":[{"embeddable":true,"href":"https:\/\/welt-auto.ro\/rest\/wp\/v2\/comments?post=864"}],"version-history":[{"count":1,"href":"https:\/\/welt-auto.ro\/rest\/wp\/v2\/posts\/864\/revisions"}],"predecessor-version":[{"id":866,"href":"https:\/\/welt-auto.ro\/rest\/wp\/v2\/posts\/864\/revisions\/866"}],"wp:featuredmedia":[{"embeddable":true,"href":"https:\/\/welt-auto.ro\/rest\/wp\/v2\/media\/865"}],"wp:attachment":[{"href":"https:\/\/welt-auto.ro\/rest\/wp\/v2\/media?parent=864"}],"wp:term":[{"taxonomy":"category","embeddable":true,"href":"https:\/\/welt-auto.ro\/rest\/wp\/v2\/categories?post=864"},{"taxonomy":"post_tag","embeddable":true,"href":"https:\/\/welt-auto.ro\/rest\/wp\/v2\/tags?post=864"}],"curies":[{"name":"wp","href":"https:\/\/api.w.org\/{rel}","templated":true}]}}