{"id":875,"date":"2023-01-21T14:11:15","date_gmt":"2023-01-21T14:11:15","guid":{"rendered":"https:\/\/welt-auto.ro\/?p=875"},"modified":"2023-01-21T14:11:23","modified_gmt":"2023-01-21T14:11:23","slug":"ford-va-reduce-numarul-de-locuri-de-munca-timp-ce-se-restructureaza-europa","status":"publish","type":"post","link":"https:\/\/welt-auto.ro\/ford-va-reduce-numarul-de-locuri-de-munca-timp-ce-se-restructureaza-europa\/","title":{"rendered":"Ford va reduce num\u0103rul de locuri de munc\u0103, \u00een timp ce se restructureaz\u0103 \u00een Europa"},"content":{"rendered":"<p><img loading=\"lazy\" decoding=\"async\" class=\"aligncenter size-full wp-image-876\" src=\"https:\/\/welt-auto.ro\/file\/2023\/01\/Centrul-Electric-Ford.jpg\" alt=\"Ford Motor Company headquarters in Cologne\" width=\"903\" height=\"540\" srcset=\"https:\/\/welt-auto.ro\/file\/2023\/01\/Centrul-Electric-Ford.jpg 903w, https:\/\/welt-auto.ro\/file\/2023\/01\/Centrul-Electric-Ford-300x179.jpg 300w, https:\/\/welt-auto.ro\/file\/2023\/01\/Centrul-Electric-Ford-768x459.jpg 768w, https:\/\/welt-auto.ro\/file\/2023\/01\/Centrul-Electric-Ford-702x420.jpg 702w, https:\/\/welt-auto.ro\/file\/2023\/01\/Centrul-Electric-Ford-640x383.jpg 640w, https:\/\/welt-auto.ro\/file\/2023\/01\/Centrul-Electric-Ford-681x407.jpg 681w\" sizes=\"auto, (max-width: 903px) 100vw, 903px\" \/><\/p>\n<p><a href=\"https:\/\/welt-auto.ro\/search\/Ford\">Ford<\/a> va desfiin\u021ba peste 1.000 de locuri de munc\u0103 \u00een Germania, \u00een contextul \u00een care \u00ee\u0219i schimb\u0103 activitatea \u00een regiune pentru a vinde numai ma\u0219ini electrice.<\/p>\n<p>Constructorul auto inten\u021bioneaz\u0103 s\u0103 reduc\u0103 for\u021ba de munc\u0103 de la sediul central european \u0219i de la fabrica din K\u00f6ln, Germania, cu un num\u0103r de patru cifre, au declarat surse pentru publica\u021bia afiliat\u0103 Automotive News Europe, <em>Automobilwoche<\/em>.<\/p>\n<p>Pierderile de locuri de munc\u0103 vor fi generalizate \u00een asamblare, \u00een produc\u021bia de motoare \u0219i transmisii, dar \u0219i \u00een dezvoltare, administrare \u0219i v\u00e2nzare, au precizat sursele.<\/p>\n<p>Compania creeaz\u0103 o nou\u0103 structur\u0103 de afaceri pentru opera\u021biunile sale europene, au precizat sursele.<\/p>\n<p>Ford se retrage din segmentele de volum cu marje reduse, cum ar fi ma\u0219inile mici \u0219i modelele compacte, \u00een \u00eencercarea de a face ca afacerile sale europene s\u0103 devin\u0103 profitabile \u00een mod durabil.<\/p>\n<p>Constructorul auto cheltuie\u0219te 2 miliarde de dolari pentru a converti uzina sa din K\u00f6ln pentru a construi dou\u0103 ma\u0219ini electrice cu baterii bazate pe platforma MEB a grupului Volkswagen, \u00een timp ce \u00eenceteaz\u0103 produc\u021bia hatchback-ului Fiesta, care se afl\u0103 de mult timp \u00een aceast\u0103 uzin\u0103. Va renun\u021ba la ma\u0219ina compact\u0103 Focus \u00een 2025, dup\u0103 ce va \u00eencheia produc\u021bia ma\u0219inii la uzina sa din Saarlouis, Germania.<\/p>\n<p>Linia de pasageri a Ford \u00een Europa va deveni complet electric\u0103 p\u00e2n\u0103 \u00een 2030 \u0219i se a\u0219teapt\u0103 ca dou\u0103 treimi din v\u00e2nz\u0103rile de camionete comerciale s\u0103 fie complet electrice sau hibride plug-in p\u00e2n\u0103 la aceea\u0219i dat\u0103.<\/p>\n<p class=\"inline-ad-para paragraph-newsletter-8\">The head of the Cologne plant&#8217;s works council has called a meeting for all 14,000 employees of the factory on Monday.<\/p>\n<p class=\"paragraph-newsletter-9\">Ford declined to comment on the report but said the transformation to electric vehicles required &#8222;significant change&#8221; in the way it produces cars.<\/p>\n<p class=\"paragraph-newsletter-10\">&#8222;We have no comment on the current speculation about a possible restructuring at Ford in Europe,&#8221; a spokesperson said.<\/p>\n<p>Preluare: <a href=\"https:\/\/europe.autonews.com\/automakers\/ford-cut-jobs-it-restructures-europe\">Auto New Europe<\/a><\/p>\n","protected":false},"excerpt":{"rendered":"<p>Ford va desfiin\u021ba peste 1.000 de locuri de munc\u0103 \u00een Germania, \u00een contextul \u00een care \u00ee\u0219i schimb\u0103 activitatea \u00een regiune pentru a vinde numai ma\u0219ini electrice. Constructorul auto inten\u021bioneaz\u0103 s\u0103 reduc\u0103 for\u021ba de munc\u0103 de la sediul central european \u0219i de la fabrica din K\u00f6ln, Germania, cu un num\u0103r de patru cifre, au declarat surse [&hellip;]<\/p>\n","protected":false},"author":2,"featured_media":876,"comment_status":"open","ping_status":"open","sticky":false,"template":"","format":"standard","meta":{"footnotes":""},"categories":[17],"tags":[192,238,91],"class_list":["post-875","post","type-post","status-publish","format-standard","has-post-thumbnail","hentry","category-modele-noi-auto","tag-ford","tag-locuri-munca","tag-masini-electrice"],"yoast_head":"<!-- This site is optimized with the Yoast SEO plugin v23.1 - https:\/\/yoast.com\/wordpress\/plugins\/seo\/ -->\n<title>Ford va reduce num\u0103rul de locuri de munc\u0103, \u00een timp ce se restructureaz\u0103 \u00een Europa - Un altfel de Blog Auto - Welt-auto.ro<\/title>\n<meta name=\"robots\" content=\"index, follow, max-snippet:-1, max-image-preview:large, max-video-preview:-1\" \/>\n<link rel=\"canonical\" href=\"https:\/\/welt-auto.ro\/ford-va-reduce-numarul-de-locuri-de-munca-timp-ce-se-restructureaza-europa\/\" \/>\n<meta property=\"og:locale\" content=\"ro_RO\" \/>\n<meta property=\"og:type\" content=\"article\" \/>\n<meta property=\"og:title\" content=\"Ford va reduce num\u0103rul de locuri de munc\u0103, \u00een timp ce se restructureaz\u0103 \u00een Europa - Un altfel de Blog Auto - Welt-auto.ro\" \/>\n<meta property=\"og:description\" content=\"Ford va desfiin\u021ba peste 1.000 de locuri de munc\u0103 \u00een Germania, \u00een contextul \u00een care \u00ee\u0219i schimb\u0103 activitatea \u00een regiune pentru a vinde numai ma\u0219ini electrice. Constructorul auto inten\u021bioneaz\u0103 s\u0103 reduc\u0103 for\u021ba de munc\u0103 de la sediul central european \u0219i de la fabrica din K\u00f6ln, Germania, cu un num\u0103r de patru cifre, au declarat surse [&hellip;]\" \/>\n<meta property=\"og:url\" content=\"https:\/\/welt-auto.ro\/ford-va-reduce-numarul-de-locuri-de-munca-timp-ce-se-restructureaza-europa\/\" \/>\n<meta property=\"og:site_name\" content=\"Un altfel de Blog Auto - Welt-auto.ro\" \/>\n<meta property=\"article:publisher\" content=\"https:\/\/www.facebook.com\/weltautor\" \/>\n<meta property=\"article:published_time\" content=\"2023-01-21T14:11:15+00:00\" \/>\n<meta property=\"article:modified_time\" content=\"2023-01-21T14:11:23+00:00\" \/>\n<meta property=\"og:image\" content=\"https:\/\/welt-auto.ro\/file\/2023\/01\/Centrul-Electric-Ford.jpg\" \/>\n\t<meta property=\"og:image:width\" content=\"903\" \/>\n\t<meta property=\"og:image:height\" content=\"540\" \/>\n\t<meta property=\"og:image:type\" content=\"image\/jpeg\" \/>\n<meta name=\"author\" content=\"Andrei Welther\" \/>\n<meta name=\"twitter:card\" content=\"summary_large_image\" \/>\n<meta name=\"twitter:label1\" content=\"Scris de\" \/>\n\t<meta name=\"twitter:data1\" content=\"Andrei Welther\" \/>\n\t<meta name=\"twitter:label2\" content=\"Timp estimat pentru citire\" \/>\n\t<meta name=\"twitter:data2\" content=\"2 minute\" \/>\n<script type=\"application\/ld+json\" class=\"yoast-schema-graph\">{\"@context\":\"https:\/\/schema.org\",\"@graph\":[{\"@type\":\"WebPage\",\"@id\":\"https:\/\/welt-auto.ro\/ford-va-reduce-numarul-de-locuri-de-munca-timp-ce-se-restructureaza-europa\/\",\"url\":\"https:\/\/welt-auto.ro\/ford-va-reduce-numarul-de-locuri-de-munca-timp-ce-se-restructureaza-europa\/\",\"name\":\"Ford va reduce num\u0103rul de locuri de munc\u0103, \u00een timp ce se restructureaz\u0103 \u00een Europa - Un altfel de Blog Auto - Welt-auto.ro\",\"isPartOf\":{\"@id\":\"https:\/\/welt-auto.ro\/#website\"},\"primaryImageOfPage\":{\"@id\":\"https:\/\/welt-auto.ro\/ford-va-reduce-numarul-de-locuri-de-munca-timp-ce-se-restructureaza-europa\/#primaryimage\"},\"image\":{\"@id\":\"https:\/\/welt-auto.ro\/ford-va-reduce-numarul-de-locuri-de-munca-timp-ce-se-restructureaza-europa\/#primaryimage\"},\"thumbnailUrl\":\"https:\/\/welt-auto.ro\/file\/2023\/01\/Centrul-Electric-Ford.jpg\",\"datePublished\":\"2023-01-21T14:11:15+00:00\",\"dateModified\":\"2023-01-21T14:11:23+00:00\",\"author\":{\"@id\":\"https:\/\/welt-auto.ro\/#\/schema\/person\/69a640369c1548e5b5e04f610d3be559\"},\"breadcrumb\":{\"@id\":\"https:\/\/welt-auto.ro\/ford-va-reduce-numarul-de-locuri-de-munca-timp-ce-se-restructureaza-europa\/#breadcrumb\"},\"inLanguage\":\"ro-RO\",\"potentialAction\":[{\"@type\":\"ReadAction\",\"target\":[\"https:\/\/welt-auto.ro\/ford-va-reduce-numarul-de-locuri-de-munca-timp-ce-se-restructureaza-europa\/\"]}]},{\"@type\":\"ImageObject\",\"inLanguage\":\"ro-RO\",\"@id\":\"https:\/\/welt-auto.ro\/ford-va-reduce-numarul-de-locuri-de-munca-timp-ce-se-restructureaza-europa\/#primaryimage\",\"url\":\"https:\/\/welt-auto.ro\/file\/2023\/01\/Centrul-Electric-Ford.jpg\",\"contentUrl\":\"https:\/\/welt-auto.ro\/file\/2023\/01\/Centrul-Electric-Ford.jpg\",\"width\":903,\"height\":540,\"caption\":\"Ford Motor Company headquarters in Cologne\"},{\"@type\":\"BreadcrumbList\",\"@id\":\"https:\/\/welt-auto.ro\/ford-va-reduce-numarul-de-locuri-de-munca-timp-ce-se-restructureaza-europa\/#breadcrumb\",\"itemListElement\":[{\"@type\":\"ListItem\",\"position\":1,\"name\":\"Prima pagin\u0103\",\"item\":\"https:\/\/welt-auto.ro\/\"},{\"@type\":\"ListItem\",\"position\":2,\"name\":\"Ford va reduce num\u0103rul de locuri de munc\u0103, \u00een timp ce se restructureaz\u0103 \u00een Europa\"}]},{\"@type\":\"WebSite\",\"@id\":\"https:\/\/welt-auto.ro\/#website\",\"url\":\"https:\/\/welt-auto.ro\/\",\"name\":\"Un altfel de Blog Auto - Welt-auto.ro\",\"description\":\"Un altfel de blog auto -afla acum detalii din lumea auto\",\"potentialAction\":[{\"@type\":\"SearchAction\",\"target\":{\"@type\":\"EntryPoint\",\"urlTemplate\":\"https:\/\/welt-auto.ro\/?s={search_term_string}\"},\"query-input\":\"required name=search_term_string\"}],\"inLanguage\":\"ro-RO\"},{\"@type\":\"Person\",\"@id\":\"https:\/\/welt-auto.ro\/#\/schema\/person\/69a640369c1548e5b5e04f610d3be559\",\"name\":\"Andrei Welther\",\"image\":{\"@type\":\"ImageObject\",\"inLanguage\":\"ro-RO\",\"@id\":\"https:\/\/welt-auto.ro\/#\/schema\/person\/image\/\",\"url\":\"https:\/\/secure.gravatar.com\/avatar\/bd4a792415fb39fa51798d58ac2f37a43840d82d0caaa90a29f315aec4e6d416?s=96&d=mm&r=g\",\"contentUrl\":\"https:\/\/secure.gravatar.com\/avatar\/bd4a792415fb39fa51798d58ac2f37a43840d82d0caaa90a29f315aec4e6d416?s=96&d=mm&r=g\",\"caption\":\"Andrei Welther\"},\"sameAs\":[\"https:\/\/weltcars.com\"],\"url\":\"https:\/\/welt-auto.ro\/profile\/weltandrei\/\"}]}<\/script>\n<!-- \/ Yoast SEO plugin. -->","yoast_head_json":{"title":"Ford va reduce num\u0103rul de locuri de munc\u0103, \u00een timp ce se restructureaz\u0103 \u00een Europa - Un altfel de Blog Auto - Welt-auto.ro","robots":{"index":"index","follow":"follow","max-snippet":"max-snippet:-1","max-image-preview":"max-image-preview:large","max-video-preview":"max-video-preview:-1"},"canonical":"https:\/\/welt-auto.ro\/ford-va-reduce-numarul-de-locuri-de-munca-timp-ce-se-restructureaza-europa\/","og_locale":"ro_RO","og_type":"article","og_title":"Ford va reduce num\u0103rul de locuri de munc\u0103, \u00een timp ce se restructureaz\u0103 \u00een Europa - Un altfel de Blog Auto - Welt-auto.ro","og_description":"Ford va desfiin\u021ba peste 1.000 de locuri de munc\u0103 \u00een Germania, \u00een contextul \u00een care \u00ee\u0219i schimb\u0103 activitatea \u00een regiune pentru a vinde numai ma\u0219ini electrice. Constructorul auto inten\u021bioneaz\u0103 s\u0103 reduc\u0103 for\u021ba de munc\u0103 de la sediul central european \u0219i de la fabrica din K\u00f6ln, Germania, cu un num\u0103r de patru cifre, au declarat surse [&hellip;]","og_url":"https:\/\/welt-auto.ro\/ford-va-reduce-numarul-de-locuri-de-munca-timp-ce-se-restructureaza-europa\/","og_site_name":"Un altfel de Blog Auto - Welt-auto.ro","article_publisher":"https:\/\/www.facebook.com\/weltautor","article_published_time":"2023-01-21T14:11:15+00:00","article_modified_time":"2023-01-21T14:11:23+00:00","og_image":[{"width":903,"height":540,"url":"https:\/\/welt-auto.ro\/file\/2023\/01\/Centrul-Electric-Ford.jpg","type":"image\/jpeg"}],"author":"Andrei Welther","twitter_card":"summary_large_image","twitter_misc":{"Scris de":"Andrei Welther","Timp estimat pentru citire":"2 minute"},"schema":{"@context":"https:\/\/schema.org","@graph":[{"@type":"WebPage","@id":"https:\/\/welt-auto.ro\/ford-va-reduce-numarul-de-locuri-de-munca-timp-ce-se-restructureaza-europa\/","url":"https:\/\/welt-auto.ro\/ford-va-reduce-numarul-de-locuri-de-munca-timp-ce-se-restructureaza-europa\/","name":"Ford va reduce num\u0103rul de locuri de munc\u0103, \u00een timp ce se restructureaz\u0103 \u00een Europa - Un altfel de Blog Auto - Welt-auto.ro","isPartOf":{"@id":"https:\/\/welt-auto.ro\/#website"},"primaryImageOfPage":{"@id":"https:\/\/welt-auto.ro\/ford-va-reduce-numarul-de-locuri-de-munca-timp-ce-se-restructureaza-europa\/#primaryimage"},"image":{"@id":"https:\/\/welt-auto.ro\/ford-va-reduce-numarul-de-locuri-de-munca-timp-ce-se-restructureaza-europa\/#primaryimage"},"thumbnailUrl":"https:\/\/welt-auto.ro\/file\/2023\/01\/Centrul-Electric-Ford.jpg","datePublished":"2023-01-21T14:11:15+00:00","dateModified":"2023-01-21T14:11:23+00:00","author":{"@id":"https:\/\/welt-auto.ro\/#\/schema\/person\/69a640369c1548e5b5e04f610d3be559"},"breadcrumb":{"@id":"https:\/\/welt-auto.ro\/ford-va-reduce-numarul-de-locuri-de-munca-timp-ce-se-restructureaza-europa\/#breadcrumb"},"inLanguage":"ro-RO","potentialAction":[{"@type":"ReadAction","target":["https:\/\/welt-auto.ro\/ford-va-reduce-numarul-de-locuri-de-munca-timp-ce-se-restructureaza-europa\/"]}]},{"@type":"ImageObject","inLanguage":"ro-RO","@id":"https:\/\/welt-auto.ro\/ford-va-reduce-numarul-de-locuri-de-munca-timp-ce-se-restructureaza-europa\/#primaryimage","url":"https:\/\/welt-auto.ro\/file\/2023\/01\/Centrul-Electric-Ford.jpg","contentUrl":"https:\/\/welt-auto.ro\/file\/2023\/01\/Centrul-Electric-Ford.jpg","width":903,"height":540,"caption":"Ford Motor Company headquarters in Cologne"},{"@type":"BreadcrumbList","@id":"https:\/\/welt-auto.ro\/ford-va-reduce-numarul-de-locuri-de-munca-timp-ce-se-restructureaza-europa\/#breadcrumb","itemListElement":[{"@type":"ListItem","position":1,"name":"Prima pagin\u0103","item":"https:\/\/welt-auto.ro\/"},{"@type":"ListItem","position":2,"name":"Ford va reduce num\u0103rul de locuri de munc\u0103, \u00een timp ce se restructureaz\u0103 \u00een Europa"}]},{"@type":"WebSite","@id":"https:\/\/welt-auto.ro\/#website","url":"https:\/\/welt-auto.ro\/","name":"Un altfel de Blog Auto - Welt-auto.ro","description":"Un altfel de blog auto -afla acum detalii din lumea auto","potentialAction":[{"@type":"SearchAction","target":{"@type":"EntryPoint","urlTemplate":"https:\/\/welt-auto.ro\/?s={search_term_string}"},"query-input":"required name=search_term_string"}],"inLanguage":"ro-RO"},{"@type":"Person","@id":"https:\/\/welt-auto.ro\/#\/schema\/person\/69a640369c1548e5b5e04f610d3be559","name":"Andrei Welther","image":{"@type":"ImageObject","inLanguage":"ro-RO","@id":"https:\/\/welt-auto.ro\/#\/schema\/person\/image\/","url":"https:\/\/secure.gravatar.com\/avatar\/bd4a792415fb39fa51798d58ac2f37a43840d82d0caaa90a29f315aec4e6d416?s=96&d=mm&r=g","contentUrl":"https:\/\/secure.gravatar.com\/avatar\/bd4a792415fb39fa51798d58ac2f37a43840d82d0caaa90a29f315aec4e6d416?s=96&d=mm&r=g","caption":"Andrei Welther"},"sameAs":["https:\/\/weltcars.com"],"url":"https:\/\/welt-auto.ro\/profile\/weltandrei\/"}]}},"_links":{"self":[{"href":"https:\/\/welt-auto.ro\/rest\/wp\/v2\/posts\/875","targetHints":{"allow":["GET"]}}],"collection":[{"href":"https:\/\/welt-auto.ro\/rest\/wp\/v2\/posts"}],"about":[{"href":"https:\/\/welt-auto.ro\/rest\/wp\/v2\/types\/post"}],"author":[{"embeddable":true,"href":"https:\/\/welt-auto.ro\/rest\/wp\/v2\/users\/2"}],"replies":[{"embeddable":true,"href":"https:\/\/welt-auto.ro\/rest\/wp\/v2\/comments?post=875"}],"version-history":[{"count":1,"href":"https:\/\/welt-auto.ro\/rest\/wp\/v2\/posts\/875\/revisions"}],"predecessor-version":[{"id":877,"href":"https:\/\/welt-auto.ro\/rest\/wp\/v2\/posts\/875\/revisions\/877"}],"wp:featuredmedia":[{"embeddable":true,"href":"https:\/\/welt-auto.ro\/rest\/wp\/v2\/media\/876"}],"wp:attachment":[{"href":"https:\/\/welt-auto.ro\/rest\/wp\/v2\/media?parent=875"}],"wp:term":[{"taxonomy":"category","embeddable":true,"href":"https:\/\/welt-auto.ro\/rest\/wp\/v2\/categories?post=875"},{"taxonomy":"post_tag","embeddable":true,"href":"https:\/\/welt-auto.ro\/rest\/wp\/v2\/tags?post=875"}],"curies":[{"name":"wp","href":"https:\/\/api.w.org\/{rel}","templated":true}]}}