{"id":902,"date":"2023-01-24T13:52:21","date_gmt":"2023-01-24T13:52:21","guid":{"rendered":"https:\/\/welt-auto.ro\/?p=902"},"modified":"2023-01-24T13:52:29","modified_gmt":"2023-01-24T13:52:29","slug":"renault-repozitioneaza-monovolumul-espace-ca-suv-de-dimensiuni-medii","status":"publish","type":"post","link":"https:\/\/welt-auto.ro\/renault-repozitioneaza-monovolumul-espace-ca-suv-de-dimensiuni-medii\/","title":{"rendered":"Renault repozi\u021bioneaz\u0103 monovolumul Espace ca SUV de dimensiuni medii"},"content":{"rendered":"<figure id=\"attachment_903\" aria-describedby=\"caption-attachment-903\" style=\"width: 900px\" class=\"wp-caption aligncenter\"><img loading=\"lazy\" decoding=\"async\" class=\"size-full wp-image-903\" src=\"https:\/\/welt-auto.ro\/file\/2023\/01\/Renault-Espace-2019.jpg\" alt=\"Renault Espace 2019\" width=\"900\" height=\"536\" srcset=\"https:\/\/welt-auto.ro\/file\/2023\/01\/Renault-Espace-2019.jpg 900w, https:\/\/welt-auto.ro\/file\/2023\/01\/Renault-Espace-2019-300x179.jpg 300w, https:\/\/welt-auto.ro\/file\/2023\/01\/Renault-Espace-2019-768x457.jpg 768w, https:\/\/welt-auto.ro\/file\/2023\/01\/Renault-Espace-2019-705x420.jpg 705w, https:\/\/welt-auto.ro\/file\/2023\/01\/Renault-Espace-2019-640x381.jpg 640w, https:\/\/welt-auto.ro\/file\/2023\/01\/Renault-Espace-2019-681x406.jpg 681w\" sizes=\"auto, (max-width: 900px) 100vw, 900px\" \/><figcaption id=\"caption-attachment-903\" class=\"wp-caption-text\">Cea de-a cincea genera\u021bie Renault Espace (foto) a fost lansat\u0103 \u00een 2015. V\u00e2nz\u0103rile au sc\u0103zut de la peste 25.000 la 1.135 anul trecut.<\/figcaption><\/figure>\n<p>PARIS &#8211; Renault va repozi\u021biona Espace ca un SUV cu cinci \u0219i \u0219apte locuri, care va fi dezv\u0103luit \u00een aceast\u0103 prim\u0103var\u0103, dup\u0103 cinci genera\u021bii ca monovolum.<\/p>\n<p>Prima genera\u021bie Espace a fost lansat\u0103 \u00een 1983, dar \u00een ultimii ani v\u00e2nz\u0103rile au sc\u0103zut brusc, deoarece cump\u0103r\u0103torii au ales din ce \u00een ce mai mult SUV-urile sau crossoverele \u00een locul monovolumelor.<\/p>\n<p>Espace se va baza pe platforma Renault-Nissan CMF-C\/D, destinat\u0103 ma\u0219inilor compacte \u0219i medii, a declarat mar\u021bi Renault. Urmeaz\u0103 SUV-ul compact Austral, \u00een condi\u021biile \u00een care CEO-ul Luca de Meo se concentreaz\u0103 pe v\u00e2nz\u0103rile de vehicule compacte \u0219i medii mai mari, cu marje mai mari.<\/p>\n<p>Peugeot a urmat o strategie similar\u0103 \u00een 2017, c\u00e2nd a repozi\u021bionat monovolumul 5008 ca un crossover disponibil cu \u0219apte locuri, \u00een esen\u021b\u0103 o versiune cu ampatament extins a SUV-ului compact 3008.<\/p>\n<p>Renault nu a publicat alte detalii despre Espace. Se a\u0219teapt\u0103 ca urm\u0103toarea genera\u021bie a modelului s\u0103 fie similar\u0103 cu Austral &#8211; care a fost lansat anul trecut ca primul dintr-o familie de modele SUV\/crossover compacte &#8211; dar cu o dep\u0103\u0219ire mai mare a p\u0103r\u021bii din spate \u0219i, poten\u021bial, cu un ampatament mai lung. De asemenea, se pare c\u0103 este planificat\u0103 \u0219i o versiune \u00een stil coupe.<\/p>\n<figure id=\"attachment_904\" aria-describedby=\"caption-attachment-904\" style=\"width: 792px\" class=\"wp-caption aligncenter\"><img loading=\"lazy\" decoding=\"async\" class=\"size-full wp-image-904\" src=\"https:\/\/welt-auto.ro\/file\/2023\/01\/Renault-Espace-historic.jpg\" alt=\"Istorie Renault Espace \" width=\"792\" height=\"475\" srcset=\"https:\/\/welt-auto.ro\/file\/2023\/01\/Renault-Espace-historic.jpg 792w, https:\/\/welt-auto.ro\/file\/2023\/01\/Renault-Espace-historic-300x180.jpg 300w, https:\/\/welt-auto.ro\/file\/2023\/01\/Renault-Espace-historic-768x461.jpg 768w, https:\/\/welt-auto.ro\/file\/2023\/01\/Renault-Espace-historic-700x420.jpg 700w, https:\/\/welt-auto.ro\/file\/2023\/01\/Renault-Espace-historic-640x384.jpg 640w, https:\/\/welt-auto.ro\/file\/2023\/01\/Renault-Espace-historic-681x408.jpg 681w\" sizes=\"auto, (max-width: 792px) 100vw, 792px\" \/><figcaption id=\"caption-attachment-904\" class=\"wp-caption-text\">De la st\u00e2nga la dreapta, a patra, a treia, a doua \u0219i prima genera\u021bie a monovolumului Espace.<\/figcaption><\/figure>\n<p>V\u00e2nz\u0103rile \u00een Europa ale celei de-a cincea genera\u021bii au fost de doar 1.135 de unit\u0103\u021bi \u00een 2022, fa\u021b\u0103 de 2.773 \u00een 2021, potrivit cifrelor Dataforce. Modelul a debutat \u00een 2015, cu v\u00e2nz\u0103ri de aproximativ 21.500 de unit\u0103\u021bi \u00een Europa; genera\u021biile anterioare se v\u00e2nduser\u0103 cu mult peste 50.000 de unit\u0103\u021bi pe an.<\/p>\n<p>Peugeot 5008, care a avut cifre de v\u00e2nz\u0103ri similare cu Espace \u00een 2015, a primit un impuls semnificativ atunci c\u00e2nd a fost restilizat ca un crossover pentru anul model 2017. V\u00e2nz\u0103rile \u00een 2017 au fost de 46.689, ajung\u00e2nd la 78.832 \u00een 2018. Volumele au sc\u0103zut \u00een ultimii ani, cu v\u00e2nz\u0103ri de 36.187 \u00een 2022, potrivit Dataforce.<\/p>\n<p>Volumele din segmentul SUV-urilor mainstream de dimensiuni medii\/mari au crescut cu 5,8% \u00een 2022, ajung\u00e2nd la 524.664, potrivit Dataforce, din cauza introducerii unui num\u0103r de nou-veni\u021bi full-electric&#8230;. Toyota RAV4 a fost pe primul loc, cu 80.684 de v\u00e2nz\u0103ri, urmat de Volkswagen ID4 EV (66.960 de v\u00e2nz\u0103ri) \u0219i Skoda Kodiaq (57.833). Alte modele EV din top 10 au fost Skoda Enyaq iV, Hyundai Ioniq 5 \u0219i Kia EV6, Ford Mustang Mach-E \u0219i VW ID5. Renault \u0219i partenerul de alian\u021b\u0103 Nissan nu au avut niciun vehicul \u00een top 10.<\/p>\n<p>&nbsp;<\/p>\n","protected":false},"excerpt":{"rendered":"<p>PARIS &#8211; Renault va repozi\u021biona Espace ca un SUV cu cinci \u0219i \u0219apte locuri, care va fi dezv\u0103luit \u00een aceast\u0103 prim\u0103var\u0103, dup\u0103 cinci genera\u021bii ca monovolum. Prima genera\u021bie Espace a fost lansat\u0103 \u00een 1983, dar \u00een ultimii ani v\u00e2nz\u0103rile au sc\u0103zut brusc, deoarece cump\u0103r\u0103torii au ales din ce \u00een ce mai mult SUV-urile sau crossoverele [&hellip;]<\/p>\n","protected":false},"author":2,"featured_media":903,"comment_status":"open","ping_status":"open","sticky":false,"template":"","format":"standard","meta":{"footnotes":""},"categories":[17],"tags":[242,50,241,243],"class_list":["post-902","post","type-post","status-publish","format-standard","has-post-thumbnail","hentry","category-modele-noi-auto","tag-minivan","tag-renault","tag-renault-espace","tag-suv"],"yoast_head":"<!-- This site is optimized with the Yoast SEO plugin v23.1 - https:\/\/yoast.com\/wordpress\/plugins\/seo\/ -->\n<title>Renault repozi\u021bioneaz\u0103 monovolumul Espace ca SUV de dimensiuni medii - Un altfel de Blog Auto - Welt-auto.ro<\/title>\n<meta name=\"robots\" content=\"index, follow, max-snippet:-1, max-image-preview:large, max-video-preview:-1\" \/>\n<link rel=\"canonical\" href=\"https:\/\/welt-auto.ro\/renault-repozitioneaza-monovolumul-espace-ca-suv-de-dimensiuni-medii\/\" \/>\n<meta property=\"og:locale\" content=\"ro_RO\" \/>\n<meta property=\"og:type\" content=\"article\" \/>\n<meta property=\"og:title\" content=\"Renault repozi\u021bioneaz\u0103 monovolumul Espace ca SUV de dimensiuni medii - Un altfel de Blog Auto - Welt-auto.ro\" \/>\n<meta property=\"og:description\" content=\"PARIS &#8211; Renault va repozi\u021biona Espace ca un SUV cu cinci \u0219i \u0219apte locuri, care va fi dezv\u0103luit \u00een aceast\u0103 prim\u0103var\u0103, dup\u0103 cinci genera\u021bii ca monovolum. Prima genera\u021bie Espace a fost lansat\u0103 \u00een 1983, dar \u00een ultimii ani v\u00e2nz\u0103rile au sc\u0103zut brusc, deoarece cump\u0103r\u0103torii au ales din ce \u00een ce mai mult SUV-urile sau crossoverele [&hellip;]\" \/>\n<meta property=\"og:url\" content=\"https:\/\/welt-auto.ro\/renault-repozitioneaza-monovolumul-espace-ca-suv-de-dimensiuni-medii\/\" \/>\n<meta property=\"og:site_name\" content=\"Un altfel de Blog Auto - Welt-auto.ro\" \/>\n<meta property=\"article:publisher\" content=\"https:\/\/www.facebook.com\/weltautor\" \/>\n<meta property=\"article:published_time\" content=\"2023-01-24T13:52:21+00:00\" \/>\n<meta property=\"article:modified_time\" content=\"2023-01-24T13:52:29+00:00\" \/>\n<meta property=\"og:image\" content=\"https:\/\/welt-auto.ro\/file\/2023\/01\/Renault-Espace-2019.jpg\" \/>\n\t<meta property=\"og:image:width\" content=\"900\" \/>\n\t<meta property=\"og:image:height\" content=\"536\" \/>\n\t<meta property=\"og:image:type\" content=\"image\/jpeg\" \/>\n<meta name=\"author\" content=\"Andrei Welther\" \/>\n<meta name=\"twitter:card\" content=\"summary_large_image\" \/>\n<meta name=\"twitter:label1\" content=\"Scris de\" \/>\n\t<meta name=\"twitter:data1\" content=\"Andrei Welther\" \/>\n\t<meta name=\"twitter:label2\" content=\"Timp estimat pentru citire\" \/>\n\t<meta name=\"twitter:data2\" content=\"2 minute\" \/>\n<script type=\"application\/ld+json\" class=\"yoast-schema-graph\">{\"@context\":\"https:\/\/schema.org\",\"@graph\":[{\"@type\":\"WebPage\",\"@id\":\"https:\/\/welt-auto.ro\/renault-repozitioneaza-monovolumul-espace-ca-suv-de-dimensiuni-medii\/\",\"url\":\"https:\/\/welt-auto.ro\/renault-repozitioneaza-monovolumul-espace-ca-suv-de-dimensiuni-medii\/\",\"name\":\"Renault repozi\u021bioneaz\u0103 monovolumul Espace ca SUV de dimensiuni medii - Un altfel de Blog Auto - Welt-auto.ro\",\"isPartOf\":{\"@id\":\"https:\/\/welt-auto.ro\/#website\"},\"primaryImageOfPage\":{\"@id\":\"https:\/\/welt-auto.ro\/renault-repozitioneaza-monovolumul-espace-ca-suv-de-dimensiuni-medii\/#primaryimage\"},\"image\":{\"@id\":\"https:\/\/welt-auto.ro\/renault-repozitioneaza-monovolumul-espace-ca-suv-de-dimensiuni-medii\/#primaryimage\"},\"thumbnailUrl\":\"https:\/\/welt-auto.ro\/file\/2023\/01\/Renault-Espace-2019.jpg\",\"datePublished\":\"2023-01-24T13:52:21+00:00\",\"dateModified\":\"2023-01-24T13:52:29+00:00\",\"author\":{\"@id\":\"https:\/\/welt-auto.ro\/#\/schema\/person\/69a640369c1548e5b5e04f610d3be559\"},\"breadcrumb\":{\"@id\":\"https:\/\/welt-auto.ro\/renault-repozitioneaza-monovolumul-espace-ca-suv-de-dimensiuni-medii\/#breadcrumb\"},\"inLanguage\":\"ro-RO\",\"potentialAction\":[{\"@type\":\"ReadAction\",\"target\":[\"https:\/\/welt-auto.ro\/renault-repozitioneaza-monovolumul-espace-ca-suv-de-dimensiuni-medii\/\"]}]},{\"@type\":\"ImageObject\",\"inLanguage\":\"ro-RO\",\"@id\":\"https:\/\/welt-auto.ro\/renault-repozitioneaza-monovolumul-espace-ca-suv-de-dimensiuni-medii\/#primaryimage\",\"url\":\"https:\/\/welt-auto.ro\/file\/2023\/01\/Renault-Espace-2019.jpg\",\"contentUrl\":\"https:\/\/welt-auto.ro\/file\/2023\/01\/Renault-Espace-2019.jpg\",\"width\":900,\"height\":536,\"caption\":\"Cea de-a cincea genera\u021bie Renault Espace (foto) a fost lansat\u0103 \u00een 2015. V\u00e2nz\u0103rile au sc\u0103zut de la peste 25.000 la 1.135 anul trecut.\"},{\"@type\":\"BreadcrumbList\",\"@id\":\"https:\/\/welt-auto.ro\/renault-repozitioneaza-monovolumul-espace-ca-suv-de-dimensiuni-medii\/#breadcrumb\",\"itemListElement\":[{\"@type\":\"ListItem\",\"position\":1,\"name\":\"Prima pagin\u0103\",\"item\":\"https:\/\/welt-auto.ro\/\"},{\"@type\":\"ListItem\",\"position\":2,\"name\":\"Renault repozi\u021bioneaz\u0103 monovolumul Espace ca SUV de dimensiuni medii\"}]},{\"@type\":\"WebSite\",\"@id\":\"https:\/\/welt-auto.ro\/#website\",\"url\":\"https:\/\/welt-auto.ro\/\",\"name\":\"Un altfel de Blog Auto - Welt-auto.ro\",\"description\":\"Un altfel de blog auto -afla acum detalii din lumea auto\",\"potentialAction\":[{\"@type\":\"SearchAction\",\"target\":{\"@type\":\"EntryPoint\",\"urlTemplate\":\"https:\/\/welt-auto.ro\/?s={search_term_string}\"},\"query-input\":\"required name=search_term_string\"}],\"inLanguage\":\"ro-RO\"},{\"@type\":\"Person\",\"@id\":\"https:\/\/welt-auto.ro\/#\/schema\/person\/69a640369c1548e5b5e04f610d3be559\",\"name\":\"Andrei Welther\",\"image\":{\"@type\":\"ImageObject\",\"inLanguage\":\"ro-RO\",\"@id\":\"https:\/\/welt-auto.ro\/#\/schema\/person\/image\/\",\"url\":\"https:\/\/secure.gravatar.com\/avatar\/bd4a792415fb39fa51798d58ac2f37a43840d82d0caaa90a29f315aec4e6d416?s=96&d=mm&r=g\",\"contentUrl\":\"https:\/\/secure.gravatar.com\/avatar\/bd4a792415fb39fa51798d58ac2f37a43840d82d0caaa90a29f315aec4e6d416?s=96&d=mm&r=g\",\"caption\":\"Andrei Welther\"},\"sameAs\":[\"https:\/\/weltcars.com\"],\"url\":\"https:\/\/welt-auto.ro\/profile\/weltandrei\/\"}]}<\/script>\n<!-- \/ Yoast SEO plugin. -->","yoast_head_json":{"title":"Renault repozi\u021bioneaz\u0103 monovolumul Espace ca SUV de dimensiuni medii - Un altfel de Blog Auto - Welt-auto.ro","robots":{"index":"index","follow":"follow","max-snippet":"max-snippet:-1","max-image-preview":"max-image-preview:large","max-video-preview":"max-video-preview:-1"},"canonical":"https:\/\/welt-auto.ro\/renault-repozitioneaza-monovolumul-espace-ca-suv-de-dimensiuni-medii\/","og_locale":"ro_RO","og_type":"article","og_title":"Renault repozi\u021bioneaz\u0103 monovolumul Espace ca SUV de dimensiuni medii - Un altfel de Blog Auto - Welt-auto.ro","og_description":"PARIS &#8211; Renault va repozi\u021biona Espace ca un SUV cu cinci \u0219i \u0219apte locuri, care va fi dezv\u0103luit \u00een aceast\u0103 prim\u0103var\u0103, dup\u0103 cinci genera\u021bii ca monovolum. Prima genera\u021bie Espace a fost lansat\u0103 \u00een 1983, dar \u00een ultimii ani v\u00e2nz\u0103rile au sc\u0103zut brusc, deoarece cump\u0103r\u0103torii au ales din ce \u00een ce mai mult SUV-urile sau crossoverele [&hellip;]","og_url":"https:\/\/welt-auto.ro\/renault-repozitioneaza-monovolumul-espace-ca-suv-de-dimensiuni-medii\/","og_site_name":"Un altfel de Blog Auto - Welt-auto.ro","article_publisher":"https:\/\/www.facebook.com\/weltautor","article_published_time":"2023-01-24T13:52:21+00:00","article_modified_time":"2023-01-24T13:52:29+00:00","og_image":[{"width":900,"height":536,"url":"https:\/\/welt-auto.ro\/file\/2023\/01\/Renault-Espace-2019.jpg","type":"image\/jpeg"}],"author":"Andrei Welther","twitter_card":"summary_large_image","twitter_misc":{"Scris de":"Andrei Welther","Timp estimat pentru citire":"2 minute"},"schema":{"@context":"https:\/\/schema.org","@graph":[{"@type":"WebPage","@id":"https:\/\/welt-auto.ro\/renault-repozitioneaza-monovolumul-espace-ca-suv-de-dimensiuni-medii\/","url":"https:\/\/welt-auto.ro\/renault-repozitioneaza-monovolumul-espace-ca-suv-de-dimensiuni-medii\/","name":"Renault repozi\u021bioneaz\u0103 monovolumul Espace ca SUV de dimensiuni medii - Un altfel de Blog Auto - Welt-auto.ro","isPartOf":{"@id":"https:\/\/welt-auto.ro\/#website"},"primaryImageOfPage":{"@id":"https:\/\/welt-auto.ro\/renault-repozitioneaza-monovolumul-espace-ca-suv-de-dimensiuni-medii\/#primaryimage"},"image":{"@id":"https:\/\/welt-auto.ro\/renault-repozitioneaza-monovolumul-espace-ca-suv-de-dimensiuni-medii\/#primaryimage"},"thumbnailUrl":"https:\/\/welt-auto.ro\/file\/2023\/01\/Renault-Espace-2019.jpg","datePublished":"2023-01-24T13:52:21+00:00","dateModified":"2023-01-24T13:52:29+00:00","author":{"@id":"https:\/\/welt-auto.ro\/#\/schema\/person\/69a640369c1548e5b5e04f610d3be559"},"breadcrumb":{"@id":"https:\/\/welt-auto.ro\/renault-repozitioneaza-monovolumul-espace-ca-suv-de-dimensiuni-medii\/#breadcrumb"},"inLanguage":"ro-RO","potentialAction":[{"@type":"ReadAction","target":["https:\/\/welt-auto.ro\/renault-repozitioneaza-monovolumul-espace-ca-suv-de-dimensiuni-medii\/"]}]},{"@type":"ImageObject","inLanguage":"ro-RO","@id":"https:\/\/welt-auto.ro\/renault-repozitioneaza-monovolumul-espace-ca-suv-de-dimensiuni-medii\/#primaryimage","url":"https:\/\/welt-auto.ro\/file\/2023\/01\/Renault-Espace-2019.jpg","contentUrl":"https:\/\/welt-auto.ro\/file\/2023\/01\/Renault-Espace-2019.jpg","width":900,"height":536,"caption":"Cea de-a cincea genera\u021bie Renault Espace (foto) a fost lansat\u0103 \u00een 2015. V\u00e2nz\u0103rile au sc\u0103zut de la peste 25.000 la 1.135 anul trecut."},{"@type":"BreadcrumbList","@id":"https:\/\/welt-auto.ro\/renault-repozitioneaza-monovolumul-espace-ca-suv-de-dimensiuni-medii\/#breadcrumb","itemListElement":[{"@type":"ListItem","position":1,"name":"Prima pagin\u0103","item":"https:\/\/welt-auto.ro\/"},{"@type":"ListItem","position":2,"name":"Renault repozi\u021bioneaz\u0103 monovolumul Espace ca SUV de dimensiuni medii"}]},{"@type":"WebSite","@id":"https:\/\/welt-auto.ro\/#website","url":"https:\/\/welt-auto.ro\/","name":"Un altfel de Blog Auto - Welt-auto.ro","description":"Un altfel de blog auto -afla acum detalii din lumea auto","potentialAction":[{"@type":"SearchAction","target":{"@type":"EntryPoint","urlTemplate":"https:\/\/welt-auto.ro\/?s={search_term_string}"},"query-input":"required name=search_term_string"}],"inLanguage":"ro-RO"},{"@type":"Person","@id":"https:\/\/welt-auto.ro\/#\/schema\/person\/69a640369c1548e5b5e04f610d3be559","name":"Andrei Welther","image":{"@type":"ImageObject","inLanguage":"ro-RO","@id":"https:\/\/welt-auto.ro\/#\/schema\/person\/image\/","url":"https:\/\/secure.gravatar.com\/avatar\/bd4a792415fb39fa51798d58ac2f37a43840d82d0caaa90a29f315aec4e6d416?s=96&d=mm&r=g","contentUrl":"https:\/\/secure.gravatar.com\/avatar\/bd4a792415fb39fa51798d58ac2f37a43840d82d0caaa90a29f315aec4e6d416?s=96&d=mm&r=g","caption":"Andrei Welther"},"sameAs":["https:\/\/weltcars.com"],"url":"https:\/\/welt-auto.ro\/profile\/weltandrei\/"}]}},"_links":{"self":[{"href":"https:\/\/welt-auto.ro\/rest\/wp\/v2\/posts\/902","targetHints":{"allow":["GET"]}}],"collection":[{"href":"https:\/\/welt-auto.ro\/rest\/wp\/v2\/posts"}],"about":[{"href":"https:\/\/welt-auto.ro\/rest\/wp\/v2\/types\/post"}],"author":[{"embeddable":true,"href":"https:\/\/welt-auto.ro\/rest\/wp\/v2\/users\/2"}],"replies":[{"embeddable":true,"href":"https:\/\/welt-auto.ro\/rest\/wp\/v2\/comments?post=902"}],"version-history":[{"count":1,"href":"https:\/\/welt-auto.ro\/rest\/wp\/v2\/posts\/902\/revisions"}],"predecessor-version":[{"id":905,"href":"https:\/\/welt-auto.ro\/rest\/wp\/v2\/posts\/902\/revisions\/905"}],"wp:featuredmedia":[{"embeddable":true,"href":"https:\/\/welt-auto.ro\/rest\/wp\/v2\/media\/903"}],"wp:attachment":[{"href":"https:\/\/welt-auto.ro\/rest\/wp\/v2\/media?parent=902"}],"wp:term":[{"taxonomy":"category","embeddable":true,"href":"https:\/\/welt-auto.ro\/rest\/wp\/v2\/categories?post=902"},{"taxonomy":"post_tag","embeddable":true,"href":"https:\/\/welt-auto.ro\/rest\/wp\/v2\/tags?post=902"}],"curies":[{"name":"wp","href":"https:\/\/api.w.org\/{rel}","templated":true}]}}