{"id":916,"date":"2023-01-27T12:55:14","date_gmt":"2023-01-27T12:55:14","guid":{"rendered":"https:\/\/welt-auto.ro\/?p=916"},"modified":"2023-01-30T09:54:23","modified_gmt":"2023-01-30T09:54:23","slug":"audi-activesphere-este-un-off-roader-fara-ecrane-cu-realitate-augmentata-si-cu-o-platforma-de-camion","status":"publish","type":"post","link":"https:\/\/welt-auto.ro\/audi-activesphere-este-un-off-roader-fara-ecrane-cu-realitate-augmentata-si-cu-o-platforma-de-camion\/","title":{"rendered":"Audi Activesphere este un Off-Roader f\u0103r\u0103 ecrane, cu realitate augmentat\u0103 \u0219i cu o platform\u0103 de camion"},"content":{"rendered":"<p><img loading=\"lazy\" decoding=\"async\" class=\"aligncenter size-full wp-image-917\" src=\"https:\/\/welt-auto.ro\/file\/2023\/01\/Audi-Active-sphere-AR.jpeg\" alt=\"Audi Active sphere AR\" width=\"1200\" height=\"673\" srcset=\"https:\/\/welt-auto.ro\/file\/2023\/01\/Audi-Active-sphere-AR.jpeg 1200w, https:\/\/welt-auto.ro\/file\/2023\/01\/Audi-Active-sphere-AR-300x168.jpeg 300w, https:\/\/welt-auto.ro\/file\/2023\/01\/Audi-Active-sphere-AR-1024x574.jpeg 1024w, https:\/\/welt-auto.ro\/file\/2023\/01\/Audi-Active-sphere-AR-768x431.jpeg 768w, https:\/\/welt-auto.ro\/file\/2023\/01\/Audi-Active-sphere-AR-749x420.jpeg 749w, https:\/\/welt-auto.ro\/file\/2023\/01\/Audi-Active-sphere-AR-640x359.jpeg 640w, https:\/\/welt-auto.ro\/file\/2023\/01\/Audi-Active-sphere-AR-681x382.jpeg 681w\" sizes=\"auto, (max-width: 1200px) 100vw, 1200px\" \/><\/p>\n<ul>\n<li><strong> Audi Activesphere este cel mai recent dintr-o serie de concepte &#8222;Sphere&#8221; \u0219i are forma unui crossover orientat spre off-road, cu o linie a acoperi\u0219ului asem\u0103n\u0103toare unui coupe.<\/strong><\/li>\n<li><strong>Punctul culminant este habitaclul, care folose\u0219te realitatea augmentat\u0103 pentru toate comenzile vehiculului &#8211; cum ar fi naviga\u021bia, climatizarea \u0219i divertismentul &#8211; \u00een locul unui ecran.<\/strong><\/li>\n<li><strong>O alt\u0103 caracteristic\u0103 interesant\u0103 a modelului Activesphere este hayonul divizat, care permite glisarea geamului din spate \u00een sus pentru a transforma zona de \u00eenc\u0103rcare \u00eentr-un pat descoperit pentru a transporta biciclete \u0219i alte echipamente.<\/strong><\/li>\n<\/ul>\n<p>Conceptul Audi Activesphere estompeaz\u0103 limitele dintre segmentele auto, combin\u00e2nd o linie a acoperi\u0219ului \u00eenclinat\u0103, asem\u0103n\u0103toare cu cea a unei ma\u0219ini, cu o pozi\u021bie \u0219i o \u00een\u0103l\u021bime de rulare \u00een stil SUV. Al patrulea din seria de concepte &#8222;Sphere&#8221; de la Audi &#8211; dup\u0103 roadsterul Skysphere, sedanul Grandsphere \u0219i monovolumul Urbansphere &#8211; Activesphere imagineaz\u0103 un crossover cu un stil elegant, care sus\u021bine un stil de via\u021b\u0103 \u00een aer liber \u0219i prezint\u0103 noile tehnologii pe care Audi sper\u0103 s\u0103 le implementeze \u00een urm\u0103toarele decenii.<\/p>\n<p><img loading=\"lazy\" decoding=\"async\" class=\"aligncenter size-full wp-image-918\" src=\"https:\/\/welt-auto.ro\/file\/2023\/01\/Audi-Active-sphere-AR2.jpeg\" alt=\"Audi Active sphere AR2\" width=\"980\" height=\"551\" srcset=\"https:\/\/welt-auto.ro\/file\/2023\/01\/Audi-Active-sphere-AR2.jpeg 980w, https:\/\/welt-auto.ro\/file\/2023\/01\/Audi-Active-sphere-AR2-300x169.jpeg 300w, https:\/\/welt-auto.ro\/file\/2023\/01\/Audi-Active-sphere-AR2-768x432.jpeg 768w, https:\/\/welt-auto.ro\/file\/2023\/01\/Audi-Active-sphere-AR2-747x420.jpeg 747w, https:\/\/welt-auto.ro\/file\/2023\/01\/Audi-Active-sphere-AR2-640x360.jpeg 640w, https:\/\/welt-auto.ro\/file\/2023\/01\/Audi-Active-sphere-AR2-681x383.jpeg 681w\" sizes=\"auto, (max-width: 980px) 100vw, 980px\" \/><\/p>\n<p>La fel ca \u0219i tovar\u0103\u0219ii s\u0103i conceptuali, Activesphere este electric, fiind construit pe platforma PPE care va sta la baza viitorului A6 e-tron, precum \u0219i a modelului electric Macan de la Porsche. O baterie de 100,0 kWh asigur\u0103 o autonomie de peste 370 de mile, iar motoarele electrice de pe pun\u021bile fa\u021b\u0103 \u0219i spate se combin\u0103 pentru 436 de cai putere \u0219i un cuplu de 531 de livre-pie. PPE aduce, de asemenea, o arhitectur\u0103 electric\u0103 de 800 de vol\u021bi, permi\u021b\u00e2nd bateriei s\u0103 adauge aproximativ 186 mile de autonomie \u00een 10 minute la 270 kW. Audi sus\u021bine, de asemenea, c\u0103 bateria poate trece de la 5 la 80% \u00een mai pu\u021bin de 25 de minute.<\/p>\n<p>Activesphere se \u00eentinde aproape la fel de mult ca un Audi Q8 pe benzin\u0103, dar este cu 3,0 inch mai lat, are o \u00een\u0103l\u021bime mai mic\u0103 cu aproximativ 4,0 inch \u0219i un ampatament mai scurt cu 1,0 inch. Conceptul se deplaseaz\u0103 pe o suspensie pneumatic\u0103 cu amortizoare adaptive \u0219i pe jante de 22 de inci, \u00eembr\u0103cate \u00een anvelope de 285\/55 concepute pentru a aborda o varietate de terenuri. Jantele dispun de aerodinamic\u0103 activ\u0103, care se deschide atunci c\u00e2nd este vorba de off-roading pentru r\u0103cire \u0219i se \u00eenchide atunci c\u00e2nd se afl\u0103 pe asfalt pentru a \u00eembun\u0103t\u0103\u021bi eficien\u021ba. Camerele de luat vederi \u00eenlocuiesc oglinzile laterale tradi\u021bionale pentru a reduce rezisten\u021ba la \u00eenaintare, sporind autonomia.<\/p>\n<p>Accentul pus pe explorarea off-road a dus la o interpretare transparent\u0103 a grilei &#8222;Singleframe&#8221; care a \u00eempodobit Audis \u00een ultimele dou\u0103 decenii, astfel \u00eenc\u00e2t \u0219oferul s\u0103 poat\u0103 repera mai bine obstacolele din fa\u021ba vehiculului. Por\u021biunile inferioare ale u\u0219ilor sunt, de asemenea, din sticl\u0103. \u00cen\u0103l\u021bimea de rulare de 8,2 inch poate fi ridicat\u0103 cu 1,6 inch atunci c\u00e2nd se p\u0103r\u0103se\u0219te asfaltul, iar Audi citeaz\u0103 unghiul de abordare la un decent 18,9 grade, \u00een timp ce unghiul de plecare este un mai versatil 28,1 grade.<br \/>\nconceptul audi activesphere<\/p>\n<p><img loading=\"lazy\" decoding=\"async\" class=\"aligncenter size-full wp-image-919\" src=\"https:\/\/welt-auto.ro\/file\/2023\/01\/Audi-Active-sphere-interior-portbagaj.jpeg\" alt=\"Audi Active sphere interior portbagaj\" width=\"980\" height=\"553\" srcset=\"https:\/\/welt-auto.ro\/file\/2023\/01\/Audi-Active-sphere-interior-portbagaj.jpeg 980w, https:\/\/welt-auto.ro\/file\/2023\/01\/Audi-Active-sphere-interior-portbagaj-300x169.jpeg 300w, https:\/\/welt-auto.ro\/file\/2023\/01\/Audi-Active-sphere-interior-portbagaj-768x433.jpeg 768w, https:\/\/welt-auto.ro\/file\/2023\/01\/Audi-Active-sphere-interior-portbagaj-744x420.jpeg 744w, https:\/\/welt-auto.ro\/file\/2023\/01\/Audi-Active-sphere-interior-portbagaj-640x361.jpeg 640w, https:\/\/welt-auto.ro\/file\/2023\/01\/Audi-Active-sphere-interior-portbagaj-681x384.jpeg 681w\" sizes=\"auto, (max-width: 980px) 100vw, 980px\" \/><\/p>\n<p>Una dintre cele mai ingenioase caracteristici ale Activesphere este &#8222;spatele activ&#8221;. \u00cen esen\u021b\u0103, un hayon divizat, sec\u021biunea inferioar\u0103 se pliaz\u0103 \u00een jos ca la o camionet\u0103, \u00een timp ce geamul din spate alunec\u0103 \u00een sus, transform\u00e2nd zona de \u00eenc\u0103rcare \u00eentr-un mic pat care poate g\u0103zdui o pereche de biciclete. Un perete desp\u0103r\u021bitor motorizat \u00een spatele scaunelor din spate men\u021bine cabina \u00eenchis\u0103, iar un suport pentru schiuri este integrat \u00een acoperi\u0219. Activesphere este primul Audi proiectat cu un hayon divizat, dar marca a fost timid\u0103 \u00een ceea ce prive\u0219te fezabilitatea produc\u021biei.<\/p>\n<p><img loading=\"lazy\" decoding=\"async\" class=\"aligncenter size-full wp-image-920\" src=\"https:\/\/welt-auto.ro\/file\/2023\/01\/Audi-Active-sphere-interior.jpeg\" alt=\"Audi Active sphere interior\" width=\"980\" height=\"553\" srcset=\"https:\/\/welt-auto.ro\/file\/2023\/01\/Audi-Active-sphere-interior.jpeg 980w, https:\/\/welt-auto.ro\/file\/2023\/01\/Audi-Active-sphere-interior-300x169.jpeg 300w, https:\/\/welt-auto.ro\/file\/2023\/01\/Audi-Active-sphere-interior-768x433.jpeg 768w, https:\/\/welt-auto.ro\/file\/2023\/01\/Audi-Active-sphere-interior-744x420.jpeg 744w, https:\/\/welt-auto.ro\/file\/2023\/01\/Audi-Active-sphere-interior-640x361.jpeg 640w, https:\/\/welt-auto.ro\/file\/2023\/01\/Audi-Active-sphere-interior-681x384.jpeg 681w\" sizes=\"auto, (max-width: 980px) 100vw, 980px\" \/><\/p>\n<p>Audi devine cu adev\u0103rat experimental \u00een interiorul habitaclului lui Activesphere. Exist\u0103 \u00eenc\u0103 un volan \u0219i pedale, dar comenzile fizice se pliaz\u0103 atunci c\u00e2nd este activat\u0103 conducerea autonom\u0103. Liniile drepte domin\u0103 tabloul de bord simplu, care include o bar\u0103 de sunet pe toat\u0103 l\u0103\u021bimea \u0219i o gur\u0103 de aerisire. Finisajele ro\u0219ii ies \u00een eviden\u021b\u0103 pe fundalul negru, iar consola central\u0103 are un spa\u021biu de depozitare a b\u0103uturilor \u00eenc\u0103lzit \u0219i r\u0103cit.<\/p>\n<p>Poate a\u021bi observat c\u0103 Activesphere contrazice tendin\u021ba ecranelor tactile gigantice. Acest lucru se datoreaz\u0103 faptului c\u0103 \u00eentregul interior este ecranul, datorit\u0103 utiliz\u0103rii extinse a realit\u0103\u021bii augmentate. Patru c\u0103\u0219ti &#8211; depozitate \u00eentr-o consol\u0103 din plafon &#8211; permit ocupan\u021bilor s\u0103 se implice \u00een ceea ce constructorul auto nume\u0219te &#8222;dimensiunile Audi&#8221;. Practic, sistemul suprapune informa\u021bii \u0219i controale peste ceea ce pute\u021bi vedea \u0219i interac\u021biona fizic \u00een lumea real\u0103 &#8211; similar cu ceea ce Iron Man folose\u0219te pentru a lucra la costumele sale \u00een filmele Marvel, de\u0219i va trebui s\u0103 v\u0103 pune\u021bi ochelari speciali \u0219i probabil c\u0103 nu sunte\u021bi la fel de carismatic ca Robert Downey Jr.<\/p>\n<p><img loading=\"lazy\" decoding=\"async\" class=\"aligncenter size-full wp-image-921\" src=\"https:\/\/welt-auto.ro\/file\/2023\/01\/Audi-Active-sphere-AR-interior.jpeg\" alt=\"Audi Active sphere AR interior\" width=\"980\" height=\"553\" srcset=\"https:\/\/welt-auto.ro\/file\/2023\/01\/Audi-Active-sphere-AR-interior.jpeg 980w, https:\/\/welt-auto.ro\/file\/2023\/01\/Audi-Active-sphere-AR-interior-300x169.jpeg 300w, https:\/\/welt-auto.ro\/file\/2023\/01\/Audi-Active-sphere-AR-interior-768x433.jpeg 768w, https:\/\/welt-auto.ro\/file\/2023\/01\/Audi-Active-sphere-AR-interior-744x420.jpeg 744w, https:\/\/welt-auto.ro\/file\/2023\/01\/Audi-Active-sphere-AR-interior-640x361.jpeg 640w, https:\/\/welt-auto.ro\/file\/2023\/01\/Audi-Active-sphere-AR-interior-681x384.jpeg 681w\" sizes=\"auto, (max-width: 980px) 100vw, 980px\" \/><\/p>\n<p>Starea vehiculului, naviga\u021bia \u0219i divertismentul sunt toate incluse \u00een interfa\u021ba de realitate augmentat\u0103, iar sistemul urm\u0103re\u0219te privirea utilizatorului, apel\u00e2nd la informa\u021bii mai detaliate dac\u0103 acesta se concentreaz\u0103 pe un anumit meniu sau afi\u0219aj. Controlul prin gesturi permite utilizatorului s\u0103 interac\u021bioneze cu comenzile virtuale pe care le vede ca \u0219i cum ar face-o cu o comand\u0103 fizic\u0103, rotindu-se pentru a regla un cadran sau ating\u00e2nd pentru a face clic pe un buton.<\/p>\n<p>Realitatea augmentat\u0103 se poate extinde \u0219i dincolo de cabin\u0103 &#8211; atunci c\u00e2nd se face off-road, o hart\u0103 topografic\u0103 poate fi proiectat\u0103 pe mediul \u00eenconjur\u0103tor, \u00een timp ce informa\u021biile despre trafic, rutele \u0219i avertismentele de siguran\u021b\u0103 pot fi, de asemenea, suprapuse pe imaginea \u0219oferului atunci c\u00e2nd acesta face naveta. \u00centre timp, pasagerii \u00ee\u0219i pot vedea propriul feed individual, ajust\u00e2ndu-\u0219i set\u0103rile de climatizare sau de divertisment sau c\u0103ut\u00e2nd restaurante sau activit\u0103\u021bi pentru destina\u021bia final\u0103. Audi spune, de asemenea, c\u0103 aceste c\u0103\u0219ti pot fi utilizate \u0219i \u00een afara ma\u0219inii, fie pentru a monitoriza starea vehiculului, fie atunci c\u00e2nd se practic\u0103 sporturi precum schiul sau ciclismul.<\/p>\n<p>\u00cen timp ce designul exterior al Activesphere nu pare prea exagerat, interiorul SF este cu siguran\u021b\u0103 la ani &#8211; dac\u0103 nu la decenii distan\u021b\u0103 de produc\u021bie. Cu toate acestea, crossoverul neortodox ofer\u0103 o privire \u00een globul de cristal al Audi, suger\u00e2nd cum ar putea ar\u0103ta viitorul electrificat al m\u0103rcii \u0219i tehnologiile pe care Audi le dezvolt\u0103 \u0219i care ar putea schimba modul \u00een care folosim interiorul ma\u0219inilor noastre.<\/p>\n<h3>Galerie Photo<\/h3>\n\r\n                <style type=\"text\/css\">\r\n                    \r\n                    #tdi_1  .td-doubleSlider-2 .td-item1 {\r\n                        background: url(https:\/\/welt-auto.ro\/file\/2023\/01\/Audi-Actibe-Sphere-AR-1-80x60.jpeg) 0 0 no-repeat;\r\n                    }\r\n                    #tdi_1  .td-doubleSlider-2 .td-item2 {\r\n                        background: url(https:\/\/welt-auto.ro\/file\/2023\/01\/Audi-Actibe-Sphere-AR-2-80x60.jpeg) 0 0 no-repeat;\r\n                    }\r\n                    #tdi_1  .td-doubleSlider-2 .td-item3 {\r\n                        background: url(https:\/\/welt-auto.ro\/file\/2023\/01\/Audi-Actibe-Sphere-AR-3-80x60.jpeg) 0 0 no-repeat;\r\n                    }\r\n                    #tdi_1  .td-doubleSlider-2 .td-item4 {\r\n                        background: url(https:\/\/welt-auto.ro\/file\/2023\/01\/Audi-Actibe-Sphere-AR-4-80x60.jpeg) 0 0 no-repeat;\r\n                    }\r\n                    #tdi_1  .td-doubleSlider-2 .td-item5 {\r\n                        background: url(https:\/\/welt-auto.ro\/file\/2023\/01\/Audi-Actibe-Sphere-AR-5-80x60.jpeg) 0 0 no-repeat;\r\n                    }\r\n                    #tdi_1  .td-doubleSlider-2 .td-item6 {\r\n                        background: url(https:\/\/welt-auto.ro\/file\/2023\/01\/Audi-Actibe-Sphere-AR-6-80x60.jpeg) 0 0 no-repeat;\r\n                    }\r\n                    #tdi_1  .td-doubleSlider-2 .td-item7 {\r\n                        background: url(https:\/\/welt-auto.ro\/file\/2023\/01\/Audi-Actibe-Sphere-AR-7-80x60.jpeg) 0 0 no-repeat;\r\n                    }\r\n                    #tdi_1  .td-doubleSlider-2 .td-item8 {\r\n                        background: url(https:\/\/welt-auto.ro\/file\/2023\/01\/Audi-Actibe-Sphere-AR-8-80x60.jpeg) 0 0 no-repeat;\r\n                    }\r\n                    #tdi_1  .td-doubleSlider-2 .td-item9 {\r\n                        background: url(https:\/\/welt-auto.ro\/file\/2023\/01\/Audi-Actibe-Sphere-AR-9-80x60.jpeg) 0 0 no-repeat;\r\n                    }\r\n                    #tdi_1  .td-doubleSlider-2 .td-item10 {\r\n                        background: url(https:\/\/welt-auto.ro\/file\/2023\/01\/Audi-Actibe-Sphere-AR-10-80x60.jpeg) 0 0 no-repeat;\r\n                    }\r\n                    #tdi_1  .td-doubleSlider-2 .td-item11 {\r\n                        background: url(https:\/\/welt-auto.ro\/file\/2023\/01\/Audi-Actibe-Sphere-AR-11-80x60.jpeg) 0 0 no-repeat;\r\n                    }\r\n                    #tdi_1  .td-doubleSlider-2 .td-item12 {\r\n                        background: url(https:\/\/welt-auto.ro\/file\/2023\/01\/Audi-Actibe-Sphere-AR-12-80x60.jpeg) 0 0 no-repeat;\r\n                    }\r\n                    #tdi_1  .td-doubleSlider-2 .td-item13 {\r\n                        background: url(https:\/\/welt-auto.ro\/file\/2023\/01\/Audi-Actibe-Sphere-AR-13-80x60.jpg) 0 0 no-repeat;\r\n                    }\r\n                    #tdi_1  .td-doubleSlider-2 .td-item14 {\r\n                        background: url(https:\/\/welt-auto.ro\/file\/2023\/01\/Audi-Actibe-Sphere-AR-14-80x60.jpg) 0 0 no-repeat;\r\n                    }\r\n                    #tdi_1  .td-doubleSlider-2 .td-item15 {\r\n                        background: url(https:\/\/welt-auto.ro\/file\/2023\/01\/Audi-Actibe-Sphere-AR-15-80x60.jpeg) 0 0 no-repeat;\r\n                    }\r\n                    #tdi_1  .td-doubleSlider-2 .td-item16 {\r\n                        background: url(https:\/\/welt-auto.ro\/file\/2023\/01\/Audi-Actibe-Sphere-AR-16-80x60.jpeg) 0 0 no-repeat;\r\n                    }\r\n                    #tdi_1  .td-doubleSlider-2 .td-item17 {\r\n                        background: url(https:\/\/welt-auto.ro\/file\/2023\/01\/Audi-Actibe-Sphere-AR-17-80x60.jpeg) 0 0 no-repeat;\r\n                    }\r\n                    #tdi_1  .td-doubleSlider-2 .td-item18 {\r\n                        background: url(https:\/\/welt-auto.ro\/file\/2023\/01\/Audi-Actibe-Sphere-AR-18-80x60.jpeg) 0 0 no-repeat;\r\n                    }\r\n                    #tdi_1  .td-doubleSlider-2 .td-item19 {\r\n                        background: url(https:\/\/welt-auto.ro\/file\/2023\/01\/Audi-Actibe-Sphere-AR-19-80x60.jpeg) 0 0 no-repeat;\r\n                    }\r\n                    #tdi_1  .td-doubleSlider-2 .td-item20 {\r\n                        background: url(https:\/\/welt-auto.ro\/file\/2023\/01\/Audi-Actibe-Sphere-AR-20-80x60.jpeg) 0 0 no-repeat;\r\n                    }\r\n                    #tdi_1  .td-doubleSlider-2 .td-item21 {\r\n                        background: url(https:\/\/welt-auto.ro\/file\/2023\/01\/Audi-Actibe-Sphere-AR-21-80x60.jpeg) 0 0 no-repeat;\r\n                    }\r\n                    #tdi_1  .td-doubleSlider-2 .td-item22 {\r\n                        background: url(https:\/\/welt-auto.ro\/file\/2023\/01\/Audi-Actibe-Sphere-AR-22-80x60.jpeg) 0 0 no-repeat;\r\n                    }\r\n                    #tdi_1  .td-doubleSlider-2 .td-item23 {\r\n                        background: url(https:\/\/welt-auto.ro\/file\/2023\/01\/Audi-Actibe-Sphere-AR-23-80x60.jpeg) 0 0 no-repeat;\r\n                    }\r\n                    #tdi_1  .td-doubleSlider-2 .td-item24 {\r\n                        background: url(https:\/\/welt-auto.ro\/file\/2023\/01\/Audi-Actibe-Sphere-AR-24-80x60.jpeg) 0 0 no-repeat;\r\n                    }\r\n                    #tdi_1  .td-doubleSlider-2 .td-item25 {\r\n                        background: url(https:\/\/welt-auto.ro\/file\/2023\/01\/Audi-Actibe-Sphere-AR-25-80x60.jpeg) 0 0 no-repeat;\r\n                    }\r\n                    #tdi_1  .td-doubleSlider-2 .td-item26 {\r\n                        background: url(https:\/\/welt-auto.ro\/file\/2023\/01\/Audi-Actibe-Sphere-AR-26-80x60.jpeg) 0 0 no-repeat;\r\n                    }\r\n                    #tdi_1  .td-doubleSlider-2 .td-item27 {\r\n                        background: url(https:\/\/welt-auto.ro\/file\/2023\/01\/Audi-Actibe-Sphere-AR-27-80x60.jpeg) 0 0 no-repeat;\r\n                    }\r\n                    #tdi_1  .td-doubleSlider-2 .td-item28 {\r\n                        background: url(https:\/\/welt-auto.ro\/file\/2023\/01\/Audi-Actibe-Sphere-AR-28-80x60.jpeg) 0 0 no-repeat;\r\n                    }\r\n                <\/style>\r\n\r\n                <div id=\"tdi_1\" class=\"td-gallery td-slide-on-2-columns\">\r\n                    <div class=\"post_td_gallery\">\r\n                        <div class=\"td-gallery-slide-top\">\r\n                           <div class=\"td-gallery-title\">Galerie Audi Active Sphere AR <\/div>\r\n\r\n                            <div class=\"td-gallery-controls-wrapper\">\r\n                                <div class=\"td-gallery-slide-count\"><span class=\"td-gallery-slide-item-focus\">1<\/span> de 28<\/div>\r\n                                <div class=\"td-gallery-slide-prev-next-but\">\r\n                                    <i class = \"td-icon-left doubleSliderPrevButton\"><\/i>\r\n                                    <i class = \"td-icon-right doubleSliderNextButton\"><\/i>\r\n                                <\/div>\r\n                            <\/div>\r\n                        <\/div>\r\n\r\n                        <div class = \"td-doubleSlider-1 \">\r\n                            <div class = \"td-slider\">\r\n                                \r\n                    <div class = \"td-slide-item td-item1\">\r\n                        <figure class=\"td-slide-galery-figure td-slide-popup-gallery\">\r\n                            <a class=\"slide-gallery-image-link\" href=\"https:\/\/welt-auto.ro\/file\/2023\/01\/Audi-Actibe-Sphere-AR-1.jpeg\" title=\"Galerie Audi Active Sphere AR 1\"  data-caption=\"\"  data-description=\"Galerie Audi Active Sphere AR 1\">\r\n                                <img decoding=\"async\" src=\"https:\/\/welt-auto.ro\/file\/2023\/01\/Audi-Actibe-Sphere-AR-1-838x420.jpeg\" srcset=\"https:\/\/welt-auto.ro\/file\/2023\/01\/Audi-Actibe-Sphere-AR-1-838x420.jpeg 838w, https:\/\/welt-auto.ro\/file\/2023\/01\/Audi-Actibe-Sphere-AR-1-300x150.jpeg 300w, https:\/\/welt-auto.ro\/file\/2023\/01\/Audi-Actibe-Sphere-AR-1-768x385.jpeg 768w, https:\/\/welt-auto.ro\/file\/2023\/01\/Audi-Actibe-Sphere-AR-1-640x321.jpeg 640w, https:\/\/welt-auto.ro\/file\/2023\/01\/Audi-Actibe-Sphere-AR-1-681x341.jpeg 681w, https:\/\/welt-auto.ro\/file\/2023\/01\/Audi-Actibe-Sphere-AR-1.jpeg 980w\" sizes=\"(max-width: 838px) 100vw, 838px\" alt=\"Galerie Audi Active Sphere AR 1\">\r\n                            <\/a>\r\n                            <figcaption class = \"td-slide-caption td-gallery-slide-content\"><span>Galerie Audi Active Sphere AR 1<\/span><\/figcaption>\r\n                        <\/figure>\r\n                    <\/div>\r\n                    <div class = \"td-slide-item td-item2\">\r\n                        <figure class=\"td-slide-galery-figure td-slide-popup-gallery\">\r\n                            <a class=\"slide-gallery-image-link\" href=\"https:\/\/welt-auto.ro\/file\/2023\/01\/Audi-Actibe-Sphere-AR-2.jpeg\" title=\"Audi Actibe Sphere AR 2\"  data-caption=\"\"  data-description=\"\">\r\n                                <img decoding=\"async\" src=\"https:\/\/welt-auto.ro\/file\/2023\/01\/Audi-Actibe-Sphere-AR-2-655x420.jpeg\" srcset=\"https:\/\/welt-auto.ro\/file\/2023\/01\/Audi-Actibe-Sphere-AR-2-655x420.jpeg 655w, https:\/\/welt-auto.ro\/file\/2023\/01\/Audi-Actibe-Sphere-AR-2-300x192.jpeg 300w, https:\/\/welt-auto.ro\/file\/2023\/01\/Audi-Actibe-Sphere-AR-2-768x492.jpeg 768w, https:\/\/welt-auto.ro\/file\/2023\/01\/Audi-Actibe-Sphere-AR-2-341x220.jpeg 341w, https:\/\/welt-auto.ro\/file\/2023\/01\/Audi-Actibe-Sphere-AR-2-640x410.jpeg 640w, https:\/\/welt-auto.ro\/file\/2023\/01\/Audi-Actibe-Sphere-AR-2-681x436.jpeg 681w, https:\/\/welt-auto.ro\/file\/2023\/01\/Audi-Actibe-Sphere-AR-2.jpeg 980w\" sizes=\"(max-width: 655px) 100vw, 655px\" alt=\"\">\r\n                            <\/a>\r\n                            \r\n                        <\/figure>\r\n                    <\/div>\r\n                    <div class = \"td-slide-item td-item3\">\r\n                        <figure class=\"td-slide-galery-figure td-slide-popup-gallery\">\r\n                            <a class=\"slide-gallery-image-link\" href=\"https:\/\/welt-auto.ro\/file\/2023\/01\/Audi-Actibe-Sphere-AR-3.jpeg\" title=\"Audi Actibe Sphere AR 3\"  data-caption=\"\"  data-description=\"\">\r\n                                <img decoding=\"async\" src=\"https:\/\/welt-auto.ro\/file\/2023\/01\/Audi-Actibe-Sphere-AR-3-646x420.jpeg\" srcset=\"https:\/\/welt-auto.ro\/file\/2023\/01\/Audi-Actibe-Sphere-AR-3-646x420.jpeg 646w, https:\/\/welt-auto.ro\/file\/2023\/01\/Audi-Actibe-Sphere-AR-3-300x194.jpeg 300w, https:\/\/welt-auto.ro\/file\/2023\/01\/Audi-Actibe-Sphere-AR-3-768x499.jpeg 768w, https:\/\/welt-auto.ro\/file\/2023\/01\/Audi-Actibe-Sphere-AR-3-640x416.jpeg 640w, https:\/\/welt-auto.ro\/file\/2023\/01\/Audi-Actibe-Sphere-AR-3-681x443.jpeg 681w, https:\/\/welt-auto.ro\/file\/2023\/01\/Audi-Actibe-Sphere-AR-3.jpeg 980w\" sizes=\"(max-width: 646px) 100vw, 646px\" alt=\"\">\r\n                            <\/a>\r\n                            \r\n                        <\/figure>\r\n                    <\/div>\r\n                    <div class = \"td-slide-item td-item4\">\r\n                        <figure class=\"td-slide-galery-figure td-slide-popup-gallery\">\r\n                            <a class=\"slide-gallery-image-link\" href=\"https:\/\/welt-auto.ro\/file\/2023\/01\/Audi-Actibe-Sphere-AR-4.jpeg\" title=\"Audi Actibe Sphere AR 4\"  data-caption=\"\"  data-description=\"\">\r\n                                <img decoding=\"async\" src=\"https:\/\/welt-auto.ro\/file\/2023\/01\/Audi-Actibe-Sphere-AR-4-560x420.jpeg\" srcset=\"https:\/\/welt-auto.ro\/file\/2023\/01\/Audi-Actibe-Sphere-AR-4-560x420.jpeg 560w, https:\/\/welt-auto.ro\/file\/2023\/01\/Audi-Actibe-Sphere-AR-4-300x225.jpeg 300w, https:\/\/welt-auto.ro\/file\/2023\/01\/Audi-Actibe-Sphere-AR-4-768x576.jpeg 768w, https:\/\/welt-auto.ro\/file\/2023\/01\/Audi-Actibe-Sphere-AR-4-80x60.jpeg 80w, https:\/\/welt-auto.ro\/file\/2023\/01\/Audi-Actibe-Sphere-AR-4-100x75.jpeg 100w, https:\/\/welt-auto.ro\/file\/2023\/01\/Audi-Actibe-Sphere-AR-4-180x135.jpeg 180w, https:\/\/welt-auto.ro\/file\/2023\/01\/Audi-Actibe-Sphere-AR-4-238x178.jpeg 238w, https:\/\/welt-auto.ro\/file\/2023\/01\/Audi-Actibe-Sphere-AR-4-640x480.jpeg 640w, https:\/\/welt-auto.ro\/file\/2023\/01\/Audi-Actibe-Sphere-AR-4-681x511.jpeg 681w, https:\/\/welt-auto.ro\/file\/2023\/01\/Audi-Actibe-Sphere-AR-4.jpeg 980w\" sizes=\"(max-width: 560px) 100vw, 560px\" alt=\"\">\r\n                            <\/a>\r\n                            \r\n                        <\/figure>\r\n                    <\/div>\r\n                    <div class = \"td-slide-item td-item5\">\r\n                        <figure class=\"td-slide-galery-figure td-slide-popup-gallery\">\r\n                            <a class=\"slide-gallery-image-link\" href=\"https:\/\/welt-auto.ro\/file\/2023\/01\/Audi-Actibe-Sphere-AR-5.jpeg\" title=\"Audi Actibe Sphere AR 5\"  data-caption=\"\"  data-description=\"\">\r\n                                <img decoding=\"async\" src=\"https:\/\/welt-auto.ro\/file\/2023\/01\/Audi-Actibe-Sphere-AR-5-560x420.jpeg\" srcset=\"https:\/\/welt-auto.ro\/file\/2023\/01\/Audi-Actibe-Sphere-AR-5-560x420.jpeg 560w, https:\/\/welt-auto.ro\/file\/2023\/01\/Audi-Actibe-Sphere-AR-5-300x225.jpeg 300w, https:\/\/welt-auto.ro\/file\/2023\/01\/Audi-Actibe-Sphere-AR-5-768x576.jpeg 768w, https:\/\/welt-auto.ro\/file\/2023\/01\/Audi-Actibe-Sphere-AR-5-80x60.jpeg 80w, https:\/\/welt-auto.ro\/file\/2023\/01\/Audi-Actibe-Sphere-AR-5-100x75.jpeg 100w, https:\/\/welt-auto.ro\/file\/2023\/01\/Audi-Actibe-Sphere-AR-5-180x135.jpeg 180w, https:\/\/welt-auto.ro\/file\/2023\/01\/Audi-Actibe-Sphere-AR-5-238x178.jpeg 238w, https:\/\/welt-auto.ro\/file\/2023\/01\/Audi-Actibe-Sphere-AR-5-640x480.jpeg 640w, https:\/\/welt-auto.ro\/file\/2023\/01\/Audi-Actibe-Sphere-AR-5-681x511.jpeg 681w, https:\/\/welt-auto.ro\/file\/2023\/01\/Audi-Actibe-Sphere-AR-5.jpeg 980w\" sizes=\"(max-width: 560px) 100vw, 560px\" alt=\"\">\r\n                            <\/a>\r\n                            \r\n                        <\/figure>\r\n                    <\/div>\r\n                    <div class = \"td-slide-item td-item6\">\r\n                        <figure class=\"td-slide-galery-figure td-slide-popup-gallery\">\r\n                            <a class=\"slide-gallery-image-link\" href=\"https:\/\/welt-auto.ro\/file\/2023\/01\/Audi-Actibe-Sphere-AR-6.jpeg\" title=\"Audi Actibe Sphere AR 6\"  data-caption=\"\"  data-description=\"\">\r\n                                <img decoding=\"async\" src=\"https:\/\/welt-auto.ro\/file\/2023\/01\/Audi-Actibe-Sphere-AR-6-560x420.jpeg\" srcset=\"https:\/\/welt-auto.ro\/file\/2023\/01\/Audi-Actibe-Sphere-AR-6-560x420.jpeg 560w, https:\/\/welt-auto.ro\/file\/2023\/01\/Audi-Actibe-Sphere-AR-6-300x225.jpeg 300w, https:\/\/welt-auto.ro\/file\/2023\/01\/Audi-Actibe-Sphere-AR-6-768x576.jpeg 768w, https:\/\/welt-auto.ro\/file\/2023\/01\/Audi-Actibe-Sphere-AR-6-80x60.jpeg 80w, https:\/\/welt-auto.ro\/file\/2023\/01\/Audi-Actibe-Sphere-AR-6-100x75.jpeg 100w, https:\/\/welt-auto.ro\/file\/2023\/01\/Audi-Actibe-Sphere-AR-6-180x135.jpeg 180w, https:\/\/welt-auto.ro\/file\/2023\/01\/Audi-Actibe-Sphere-AR-6-238x178.jpeg 238w, https:\/\/welt-auto.ro\/file\/2023\/01\/Audi-Actibe-Sphere-AR-6-640x480.jpeg 640w, https:\/\/welt-auto.ro\/file\/2023\/01\/Audi-Actibe-Sphere-AR-6-681x511.jpeg 681w, https:\/\/welt-auto.ro\/file\/2023\/01\/Audi-Actibe-Sphere-AR-6.jpeg 980w\" sizes=\"(max-width: 560px) 100vw, 560px\" alt=\"\">\r\n                            <\/a>\r\n                            \r\n                        <\/figure>\r\n                    <\/div>\r\n                    <div class = \"td-slide-item td-item7\">\r\n                        <figure class=\"td-slide-galery-figure td-slide-popup-gallery\">\r\n                            <a class=\"slide-gallery-image-link\" href=\"https:\/\/welt-auto.ro\/file\/2023\/01\/Audi-Actibe-Sphere-AR-7.jpeg\" title=\"Audi Actibe Sphere AR 7\"  data-caption=\"\"  data-description=\"\">\r\n                                <img decoding=\"async\" src=\"https:\/\/welt-auto.ro\/file\/2023\/01\/Audi-Actibe-Sphere-AR-7-686x420.jpeg\" srcset=\"https:\/\/welt-auto.ro\/file\/2023\/01\/Audi-Actibe-Sphere-AR-7-686x420.jpeg 686w, https:\/\/welt-auto.ro\/file\/2023\/01\/Audi-Actibe-Sphere-AR-7-300x184.jpeg 300w, https:\/\/welt-auto.ro\/file\/2023\/01\/Audi-Actibe-Sphere-AR-7-768x470.jpeg 768w, https:\/\/welt-auto.ro\/file\/2023\/01\/Audi-Actibe-Sphere-AR-7-640x392.jpeg 640w, https:\/\/welt-auto.ro\/file\/2023\/01\/Audi-Actibe-Sphere-AR-7-681x417.jpeg 681w, https:\/\/welt-auto.ro\/file\/2023\/01\/Audi-Actibe-Sphere-AR-7.jpeg 980w\" sizes=\"(max-width: 686px) 100vw, 686px\" alt=\"\">\r\n                            <\/a>\r\n                            \r\n                        <\/figure>\r\n                    <\/div>\r\n                    <div class = \"td-slide-item td-item8\">\r\n                        <figure class=\"td-slide-galery-figure td-slide-popup-gallery\">\r\n                            <a class=\"slide-gallery-image-link\" href=\"https:\/\/welt-auto.ro\/file\/2023\/01\/Audi-Actibe-Sphere-AR-8.jpeg\" title=\"Audi Actibe Sphere AR 8\"  data-caption=\"\"  data-description=\"\">\r\n                                <img decoding=\"async\" src=\"https:\/\/welt-auto.ro\/file\/2023\/01\/Audi-Actibe-Sphere-AR-8-560x420.jpeg\" srcset=\"https:\/\/welt-auto.ro\/file\/2023\/01\/Audi-Actibe-Sphere-AR-8-560x420.jpeg 560w, https:\/\/welt-auto.ro\/file\/2023\/01\/Audi-Actibe-Sphere-AR-8-300x225.jpeg 300w, https:\/\/welt-auto.ro\/file\/2023\/01\/Audi-Actibe-Sphere-AR-8-768x576.jpeg 768w, https:\/\/welt-auto.ro\/file\/2023\/01\/Audi-Actibe-Sphere-AR-8-80x60.jpeg 80w, https:\/\/welt-auto.ro\/file\/2023\/01\/Audi-Actibe-Sphere-AR-8-100x75.jpeg 100w, https:\/\/welt-auto.ro\/file\/2023\/01\/Audi-Actibe-Sphere-AR-8-180x135.jpeg 180w, https:\/\/welt-auto.ro\/file\/2023\/01\/Audi-Actibe-Sphere-AR-8-238x178.jpeg 238w, https:\/\/welt-auto.ro\/file\/2023\/01\/Audi-Actibe-Sphere-AR-8-640x480.jpeg 640w, https:\/\/welt-auto.ro\/file\/2023\/01\/Audi-Actibe-Sphere-AR-8-681x511.jpeg 681w, https:\/\/welt-auto.ro\/file\/2023\/01\/Audi-Actibe-Sphere-AR-8.jpeg 980w\" sizes=\"(max-width: 560px) 100vw, 560px\" alt=\"\">\r\n                            <\/a>\r\n                            \r\n                        <\/figure>\r\n                    <\/div>\r\n                    <div class = \"td-slide-item td-item9\">\r\n                        <figure class=\"td-slide-galery-figure td-slide-popup-gallery\">\r\n                            <a class=\"slide-gallery-image-link\" href=\"https:\/\/welt-auto.ro\/file\/2023\/01\/Audi-Actibe-Sphere-AR-9.jpeg\" title=\"Audi Actibe Sphere AR 9\"  data-caption=\"\"  data-description=\"\">\r\n                                <img decoding=\"async\" src=\"https:\/\/welt-auto.ro\/file\/2023\/01\/Audi-Actibe-Sphere-AR-9-560x420.jpeg\" srcset=\"https:\/\/welt-auto.ro\/file\/2023\/01\/Audi-Actibe-Sphere-AR-9-560x420.jpeg 560w, https:\/\/welt-auto.ro\/file\/2023\/01\/Audi-Actibe-Sphere-AR-9-300x225.jpeg 300w, https:\/\/welt-auto.ro\/file\/2023\/01\/Audi-Actibe-Sphere-AR-9-768x576.jpeg 768w, https:\/\/welt-auto.ro\/file\/2023\/01\/Audi-Actibe-Sphere-AR-9-80x60.jpeg 80w, https:\/\/welt-auto.ro\/file\/2023\/01\/Audi-Actibe-Sphere-AR-9-100x75.jpeg 100w, https:\/\/welt-auto.ro\/file\/2023\/01\/Audi-Actibe-Sphere-AR-9-180x135.jpeg 180w, https:\/\/welt-auto.ro\/file\/2023\/01\/Audi-Actibe-Sphere-AR-9-238x178.jpeg 238w, https:\/\/welt-auto.ro\/file\/2023\/01\/Audi-Actibe-Sphere-AR-9-640x480.jpeg 640w, https:\/\/welt-auto.ro\/file\/2023\/01\/Audi-Actibe-Sphere-AR-9-681x511.jpeg 681w, https:\/\/welt-auto.ro\/file\/2023\/01\/Audi-Actibe-Sphere-AR-9.jpeg 980w\" sizes=\"(max-width: 560px) 100vw, 560px\" alt=\"\">\r\n                            <\/a>\r\n                            \r\n                        <\/figure>\r\n                    <\/div>\r\n                    <div class = \"td-slide-item td-item10\">\r\n                        <figure class=\"td-slide-galery-figure td-slide-popup-gallery\">\r\n                            <a class=\"slide-gallery-image-link\" href=\"https:\/\/welt-auto.ro\/file\/2023\/01\/Audi-Actibe-Sphere-AR-10.jpeg\" title=\"Audi Actibe Sphere AR 10\"  data-caption=\"\"  data-description=\"\">\r\n                                <img decoding=\"async\" src=\"https:\/\/welt-auto.ro\/file\/2023\/01\/Audi-Actibe-Sphere-AR-10-560x420.jpeg\" srcset=\"https:\/\/welt-auto.ro\/file\/2023\/01\/Audi-Actibe-Sphere-AR-10-560x420.jpeg 560w, https:\/\/welt-auto.ro\/file\/2023\/01\/Audi-Actibe-Sphere-AR-10-300x225.jpeg 300w, https:\/\/welt-auto.ro\/file\/2023\/01\/Audi-Actibe-Sphere-AR-10-768x576.jpeg 768w, https:\/\/welt-auto.ro\/file\/2023\/01\/Audi-Actibe-Sphere-AR-10-80x60.jpeg 80w, https:\/\/welt-auto.ro\/file\/2023\/01\/Audi-Actibe-Sphere-AR-10-100x75.jpeg 100w, https:\/\/welt-auto.ro\/file\/2023\/01\/Audi-Actibe-Sphere-AR-10-180x135.jpeg 180w, https:\/\/welt-auto.ro\/file\/2023\/01\/Audi-Actibe-Sphere-AR-10-238x178.jpeg 238w, https:\/\/welt-auto.ro\/file\/2023\/01\/Audi-Actibe-Sphere-AR-10-640x480.jpeg 640w, https:\/\/welt-auto.ro\/file\/2023\/01\/Audi-Actibe-Sphere-AR-10-681x511.jpeg 681w, https:\/\/welt-auto.ro\/file\/2023\/01\/Audi-Actibe-Sphere-AR-10.jpeg 980w\" sizes=\"(max-width: 560px) 100vw, 560px\" alt=\"\">\r\n                            <\/a>\r\n                            \r\n                        <\/figure>\r\n                    <\/div>\r\n                    <div class = \"td-slide-item td-item11\">\r\n                        <figure class=\"td-slide-galery-figure td-slide-popup-gallery\">\r\n                            <a class=\"slide-gallery-image-link\" href=\"https:\/\/welt-auto.ro\/file\/2023\/01\/Audi-Actibe-Sphere-AR-11.jpeg\" title=\"Audi Actibe Sphere AR 11\"  data-caption=\"\"  data-description=\"\">\r\n                                <img decoding=\"async\" src=\"https:\/\/welt-auto.ro\/file\/2023\/01\/Audi-Actibe-Sphere-AR-11-560x420.jpeg\" srcset=\"https:\/\/welt-auto.ro\/file\/2023\/01\/Audi-Actibe-Sphere-AR-11-560x420.jpeg 560w, https:\/\/welt-auto.ro\/file\/2023\/01\/Audi-Actibe-Sphere-AR-11-300x225.jpeg 300w, https:\/\/welt-auto.ro\/file\/2023\/01\/Audi-Actibe-Sphere-AR-11-768x576.jpeg 768w, https:\/\/welt-auto.ro\/file\/2023\/01\/Audi-Actibe-Sphere-AR-11-80x60.jpeg 80w, https:\/\/welt-auto.ro\/file\/2023\/01\/Audi-Actibe-Sphere-AR-11-100x75.jpeg 100w, https:\/\/welt-auto.ro\/file\/2023\/01\/Audi-Actibe-Sphere-AR-11-180x135.jpeg 180w, https:\/\/welt-auto.ro\/file\/2023\/01\/Audi-Actibe-Sphere-AR-11-238x178.jpeg 238w, https:\/\/welt-auto.ro\/file\/2023\/01\/Audi-Actibe-Sphere-AR-11-640x480.jpeg 640w, https:\/\/welt-auto.ro\/file\/2023\/01\/Audi-Actibe-Sphere-AR-11-681x511.jpeg 681w, https:\/\/welt-auto.ro\/file\/2023\/01\/Audi-Actibe-Sphere-AR-11.jpeg 980w\" sizes=\"(max-width: 560px) 100vw, 560px\" alt=\"\">\r\n                            <\/a>\r\n                            \r\n                        <\/figure>\r\n                    <\/div>\r\n                    <div class = \"td-slide-item td-item12\">\r\n                        <figure class=\"td-slide-galery-figure td-slide-popup-gallery\">\r\n                            <a class=\"slide-gallery-image-link\" href=\"https:\/\/welt-auto.ro\/file\/2023\/01\/Audi-Actibe-Sphere-AR-12.jpeg\" title=\"Audi Actibe Sphere AR 12\"  data-caption=\"\"  data-description=\"\">\r\n                                <img decoding=\"async\" src=\"https:\/\/welt-auto.ro\/file\/2023\/01\/Audi-Actibe-Sphere-AR-12-560x420.jpeg\" srcset=\"https:\/\/welt-auto.ro\/file\/2023\/01\/Audi-Actibe-Sphere-AR-12-560x420.jpeg 560w, https:\/\/welt-auto.ro\/file\/2023\/01\/Audi-Actibe-Sphere-AR-12-300x225.jpeg 300w, https:\/\/welt-auto.ro\/file\/2023\/01\/Audi-Actibe-Sphere-AR-12-768x576.jpeg 768w, https:\/\/welt-auto.ro\/file\/2023\/01\/Audi-Actibe-Sphere-AR-12-80x60.jpeg 80w, https:\/\/welt-auto.ro\/file\/2023\/01\/Audi-Actibe-Sphere-AR-12-100x75.jpeg 100w, https:\/\/welt-auto.ro\/file\/2023\/01\/Audi-Actibe-Sphere-AR-12-180x135.jpeg 180w, https:\/\/welt-auto.ro\/file\/2023\/01\/Audi-Actibe-Sphere-AR-12-238x178.jpeg 238w, https:\/\/welt-auto.ro\/file\/2023\/01\/Audi-Actibe-Sphere-AR-12-640x480.jpeg 640w, https:\/\/welt-auto.ro\/file\/2023\/01\/Audi-Actibe-Sphere-AR-12-681x511.jpeg 681w, https:\/\/welt-auto.ro\/file\/2023\/01\/Audi-Actibe-Sphere-AR-12.jpeg 980w\" sizes=\"(max-width: 560px) 100vw, 560px\" alt=\"\">\r\n                            <\/a>\r\n                            \r\n                        <\/figure>\r\n                    <\/div>\r\n                    <div class = \"td-slide-item td-item13\">\r\n                        <figure class=\"td-slide-galery-figure td-slide-popup-gallery\">\r\n                            <a class=\"slide-gallery-image-link\" href=\"https:\/\/welt-auto.ro\/file\/2023\/01\/Audi-Actibe-Sphere-AR-13.jpg\" title=\"Audi Actibe Sphere AR 13\"  data-caption=\"\"  data-description=\"\">\r\n                                <img decoding=\"async\" src=\"https:\/\/welt-auto.ro\/file\/2023\/01\/Audi-Actibe-Sphere-AR-13-787x420.jpg\" srcset=\"https:\/\/welt-auto.ro\/file\/2023\/01\/Audi-Actibe-Sphere-AR-13-787x420.jpg 787w, https:\/\/welt-auto.ro\/file\/2023\/01\/Audi-Actibe-Sphere-AR-13-300x160.jpg 300w, https:\/\/welt-auto.ro\/file\/2023\/01\/Audi-Actibe-Sphere-AR-13-768x410.jpg 768w, https:\/\/welt-auto.ro\/file\/2023\/01\/Audi-Actibe-Sphere-AR-13-640x342.jpg 640w, https:\/\/welt-auto.ro\/file\/2023\/01\/Audi-Actibe-Sphere-AR-13-681x363.jpg 681w, https:\/\/welt-auto.ro\/file\/2023\/01\/Audi-Actibe-Sphere-AR-13.jpg 980w\" sizes=\"(max-width: 787px) 100vw, 787px\" alt=\"\">\r\n                            <\/a>\r\n                            \r\n                        <\/figure>\r\n                    <\/div>\r\n                    <div class = \"td-slide-item td-item14\">\r\n                        <figure class=\"td-slide-galery-figure td-slide-popup-gallery\">\r\n                            <a class=\"slide-gallery-image-link\" href=\"https:\/\/welt-auto.ro\/file\/2023\/01\/Audi-Actibe-Sphere-AR-14.jpg\" title=\"Audi Actibe Sphere AR 14\"  data-caption=\"\"  data-description=\"\">\r\n                                <img decoding=\"async\" src=\"https:\/\/welt-auto.ro\/file\/2023\/01\/Audi-Actibe-Sphere-AR-14-787x420.jpg\" srcset=\"https:\/\/welt-auto.ro\/file\/2023\/01\/Audi-Actibe-Sphere-AR-14-787x420.jpg 787w, https:\/\/welt-auto.ro\/file\/2023\/01\/Audi-Actibe-Sphere-AR-14-300x160.jpg 300w, https:\/\/welt-auto.ro\/file\/2023\/01\/Audi-Actibe-Sphere-AR-14-768x410.jpg 768w, https:\/\/welt-auto.ro\/file\/2023\/01\/Audi-Actibe-Sphere-AR-14-640x342.jpg 640w, https:\/\/welt-auto.ro\/file\/2023\/01\/Audi-Actibe-Sphere-AR-14-681x363.jpg 681w, https:\/\/welt-auto.ro\/file\/2023\/01\/Audi-Actibe-Sphere-AR-14.jpg 980w\" sizes=\"(max-width: 787px) 100vw, 787px\" alt=\"\">\r\n                            <\/a>\r\n                            \r\n                        <\/figure>\r\n                    <\/div>\r\n                    <div class = \"td-slide-item td-item15\">\r\n                        <figure class=\"td-slide-galery-figure td-slide-popup-gallery\">\r\n                            <a class=\"slide-gallery-image-link\" href=\"https:\/\/welt-auto.ro\/file\/2023\/01\/Audi-Actibe-Sphere-AR-15.jpeg\" title=\"Audi Actibe Sphere AR 15\"  data-caption=\"\"  data-description=\"\">\r\n                                <img decoding=\"async\" src=\"https:\/\/welt-auto.ro\/file\/2023\/01\/Audi-Actibe-Sphere-AR-15-560x420.jpeg\" srcset=\"https:\/\/welt-auto.ro\/file\/2023\/01\/Audi-Actibe-Sphere-AR-15-560x420.jpeg 560w, https:\/\/welt-auto.ro\/file\/2023\/01\/Audi-Actibe-Sphere-AR-15-300x225.jpeg 300w, https:\/\/welt-auto.ro\/file\/2023\/01\/Audi-Actibe-Sphere-AR-15-768x576.jpeg 768w, https:\/\/welt-auto.ro\/file\/2023\/01\/Audi-Actibe-Sphere-AR-15-80x60.jpeg 80w, https:\/\/welt-auto.ro\/file\/2023\/01\/Audi-Actibe-Sphere-AR-15-100x75.jpeg 100w, https:\/\/welt-auto.ro\/file\/2023\/01\/Audi-Actibe-Sphere-AR-15-180x135.jpeg 180w, https:\/\/welt-auto.ro\/file\/2023\/01\/Audi-Actibe-Sphere-AR-15-238x178.jpeg 238w, https:\/\/welt-auto.ro\/file\/2023\/01\/Audi-Actibe-Sphere-AR-15-640x480.jpeg 640w, https:\/\/welt-auto.ro\/file\/2023\/01\/Audi-Actibe-Sphere-AR-15-681x511.jpeg 681w, https:\/\/welt-auto.ro\/file\/2023\/01\/Audi-Actibe-Sphere-AR-15.jpeg 980w\" sizes=\"(max-width: 560px) 100vw, 560px\" alt=\"\">\r\n                            <\/a>\r\n                            \r\n                        <\/figure>\r\n                    <\/div>\r\n                    <div class = \"td-slide-item td-item16\">\r\n                        <figure class=\"td-slide-galery-figure td-slide-popup-gallery\">\r\n                            <a class=\"slide-gallery-image-link\" href=\"https:\/\/welt-auto.ro\/file\/2023\/01\/Audi-Actibe-Sphere-AR-16.jpeg\" title=\"Audi Actibe Sphere AR 16\"  data-caption=\"\"  data-description=\"\">\r\n                                <img decoding=\"async\" src=\"https:\/\/welt-auto.ro\/file\/2023\/01\/Audi-Actibe-Sphere-AR-16-560x420.jpeg\" srcset=\"https:\/\/welt-auto.ro\/file\/2023\/01\/Audi-Actibe-Sphere-AR-16-560x420.jpeg 560w, https:\/\/welt-auto.ro\/file\/2023\/01\/Audi-Actibe-Sphere-AR-16-300x225.jpeg 300w, https:\/\/welt-auto.ro\/file\/2023\/01\/Audi-Actibe-Sphere-AR-16-768x576.jpeg 768w, https:\/\/welt-auto.ro\/file\/2023\/01\/Audi-Actibe-Sphere-AR-16-80x60.jpeg 80w, https:\/\/welt-auto.ro\/file\/2023\/01\/Audi-Actibe-Sphere-AR-16-100x75.jpeg 100w, https:\/\/welt-auto.ro\/file\/2023\/01\/Audi-Actibe-Sphere-AR-16-180x135.jpeg 180w, https:\/\/welt-auto.ro\/file\/2023\/01\/Audi-Actibe-Sphere-AR-16-238x178.jpeg 238w, https:\/\/welt-auto.ro\/file\/2023\/01\/Audi-Actibe-Sphere-AR-16-640x480.jpeg 640w, https:\/\/welt-auto.ro\/file\/2023\/01\/Audi-Actibe-Sphere-AR-16-681x511.jpeg 681w, https:\/\/welt-auto.ro\/file\/2023\/01\/Audi-Actibe-Sphere-AR-16.jpeg 980w\" sizes=\"(max-width: 560px) 100vw, 560px\" alt=\"\">\r\n                            <\/a>\r\n                            \r\n                        <\/figure>\r\n                    <\/div>\r\n                    <div class = \"td-slide-item td-item17\">\r\n                        <figure class=\"td-slide-galery-figure td-slide-popup-gallery\">\r\n                            <a class=\"slide-gallery-image-link\" href=\"https:\/\/welt-auto.ro\/file\/2023\/01\/Audi-Actibe-Sphere-AR-17.jpeg\" title=\"Audi Actibe Sphere AR 17\"  data-caption=\"\"  data-description=\"\">\r\n                                <img decoding=\"async\" src=\"https:\/\/welt-auto.ro\/file\/2023\/01\/Audi-Actibe-Sphere-AR-17-746x420.jpeg\" srcset=\"https:\/\/welt-auto.ro\/file\/2023\/01\/Audi-Actibe-Sphere-AR-17-746x420.jpeg 746w, https:\/\/welt-auto.ro\/file\/2023\/01\/Audi-Actibe-Sphere-AR-17-300x169.jpeg 300w, https:\/\/welt-auto.ro\/file\/2023\/01\/Audi-Actibe-Sphere-AR-17-768x433.jpeg 768w, https:\/\/welt-auto.ro\/file\/2023\/01\/Audi-Actibe-Sphere-AR-17-640x360.jpeg 640w, https:\/\/welt-auto.ro\/file\/2023\/01\/Audi-Actibe-Sphere-AR-17-681x384.jpeg 681w, https:\/\/welt-auto.ro\/file\/2023\/01\/Audi-Actibe-Sphere-AR-17.jpeg 980w\" sizes=\"(max-width: 746px) 100vw, 746px\" alt=\"\">\r\n                            <\/a>\r\n                            \r\n                        <\/figure>\r\n                    <\/div>\r\n                    <div class = \"td-slide-item td-item18\">\r\n                        <figure class=\"td-slide-galery-figure td-slide-popup-gallery\">\r\n                            <a class=\"slide-gallery-image-link\" href=\"https:\/\/welt-auto.ro\/file\/2023\/01\/Audi-Actibe-Sphere-AR-18.jpeg\" title=\"Audi Actibe Sphere AR 18\"  data-caption=\"\"  data-description=\"\">\r\n                                <img decoding=\"async\" src=\"https:\/\/welt-auto.ro\/file\/2023\/01\/Audi-Actibe-Sphere-AR-18-560x420.jpeg\" srcset=\"https:\/\/welt-auto.ro\/file\/2023\/01\/Audi-Actibe-Sphere-AR-18-560x420.jpeg 560w, https:\/\/welt-auto.ro\/file\/2023\/01\/Audi-Actibe-Sphere-AR-18-300x225.jpeg 300w, https:\/\/welt-auto.ro\/file\/2023\/01\/Audi-Actibe-Sphere-AR-18-768x576.jpeg 768w, https:\/\/welt-auto.ro\/file\/2023\/01\/Audi-Actibe-Sphere-AR-18-80x60.jpeg 80w, https:\/\/welt-auto.ro\/file\/2023\/01\/Audi-Actibe-Sphere-AR-18-100x75.jpeg 100w, https:\/\/welt-auto.ro\/file\/2023\/01\/Audi-Actibe-Sphere-AR-18-180x135.jpeg 180w, https:\/\/welt-auto.ro\/file\/2023\/01\/Audi-Actibe-Sphere-AR-18-238x178.jpeg 238w, https:\/\/welt-auto.ro\/file\/2023\/01\/Audi-Actibe-Sphere-AR-18-640x480.jpeg 640w, https:\/\/welt-auto.ro\/file\/2023\/01\/Audi-Actibe-Sphere-AR-18-681x511.jpeg 681w, https:\/\/welt-auto.ro\/file\/2023\/01\/Audi-Actibe-Sphere-AR-18.jpeg 980w\" sizes=\"(max-width: 560px) 100vw, 560px\" alt=\"\">\r\n                            <\/a>\r\n                            \r\n                        <\/figure>\r\n                    <\/div>\r\n                    <div class = \"td-slide-item td-item19\">\r\n                        <figure class=\"td-slide-galery-figure td-slide-popup-gallery\">\r\n                            <a class=\"slide-gallery-image-link\" href=\"https:\/\/welt-auto.ro\/file\/2023\/01\/Audi-Actibe-Sphere-AR-19.jpeg\" title=\"Audi Actibe Sphere AR 19\"  data-caption=\"\"  data-description=\"\">\r\n                                <img decoding=\"async\" src=\"https:\/\/welt-auto.ro\/file\/2023\/01\/Audi-Actibe-Sphere-AR-19-560x420.jpeg\" srcset=\"https:\/\/welt-auto.ro\/file\/2023\/01\/Audi-Actibe-Sphere-AR-19-560x420.jpeg 560w, https:\/\/welt-auto.ro\/file\/2023\/01\/Audi-Actibe-Sphere-AR-19-300x225.jpeg 300w, https:\/\/welt-auto.ro\/file\/2023\/01\/Audi-Actibe-Sphere-AR-19-768x576.jpeg 768w, https:\/\/welt-auto.ro\/file\/2023\/01\/Audi-Actibe-Sphere-AR-19-80x60.jpeg 80w, https:\/\/welt-auto.ro\/file\/2023\/01\/Audi-Actibe-Sphere-AR-19-100x75.jpeg 100w, https:\/\/welt-auto.ro\/file\/2023\/01\/Audi-Actibe-Sphere-AR-19-180x135.jpeg 180w, https:\/\/welt-auto.ro\/file\/2023\/01\/Audi-Actibe-Sphere-AR-19-238x178.jpeg 238w, https:\/\/welt-auto.ro\/file\/2023\/01\/Audi-Actibe-Sphere-AR-19-640x480.jpeg 640w, https:\/\/welt-auto.ro\/file\/2023\/01\/Audi-Actibe-Sphere-AR-19-681x511.jpeg 681w, https:\/\/welt-auto.ro\/file\/2023\/01\/Audi-Actibe-Sphere-AR-19.jpeg 980w\" sizes=\"(max-width: 560px) 100vw, 560px\" alt=\"\">\r\n                            <\/a>\r\n                            \r\n                        <\/figure>\r\n                    <\/div>\r\n                    <div class = \"td-slide-item td-item20\">\r\n                        <figure class=\"td-slide-galery-figure td-slide-popup-gallery\">\r\n                            <a class=\"slide-gallery-image-link\" href=\"https:\/\/welt-auto.ro\/file\/2023\/01\/Audi-Actibe-Sphere-AR-20.jpeg\" title=\"Audi Actibe Sphere AR 20\"  data-caption=\"\"  data-description=\"\">\r\n                                <img decoding=\"async\" src=\"https:\/\/welt-auto.ro\/file\/2023\/01\/Audi-Actibe-Sphere-AR-20-560x420.jpeg\" srcset=\"https:\/\/welt-auto.ro\/file\/2023\/01\/Audi-Actibe-Sphere-AR-20-560x420.jpeg 560w, https:\/\/welt-auto.ro\/file\/2023\/01\/Audi-Actibe-Sphere-AR-20-300x225.jpeg 300w, https:\/\/welt-auto.ro\/file\/2023\/01\/Audi-Actibe-Sphere-AR-20-768x576.jpeg 768w, https:\/\/welt-auto.ro\/file\/2023\/01\/Audi-Actibe-Sphere-AR-20-80x60.jpeg 80w, https:\/\/welt-auto.ro\/file\/2023\/01\/Audi-Actibe-Sphere-AR-20-100x75.jpeg 100w, https:\/\/welt-auto.ro\/file\/2023\/01\/Audi-Actibe-Sphere-AR-20-180x135.jpeg 180w, https:\/\/welt-auto.ro\/file\/2023\/01\/Audi-Actibe-Sphere-AR-20-238x178.jpeg 238w, https:\/\/welt-auto.ro\/file\/2023\/01\/Audi-Actibe-Sphere-AR-20-640x480.jpeg 640w, https:\/\/welt-auto.ro\/file\/2023\/01\/Audi-Actibe-Sphere-AR-20-681x511.jpeg 681w, https:\/\/welt-auto.ro\/file\/2023\/01\/Audi-Actibe-Sphere-AR-20.jpeg 980w\" sizes=\"(max-width: 560px) 100vw, 560px\" alt=\"\">\r\n                            <\/a>\r\n                            \r\n                        <\/figure>\r\n                    <\/div>\r\n                    <div class = \"td-slide-item td-item21\">\r\n                        <figure class=\"td-slide-galery-figure td-slide-popup-gallery\">\r\n                            <a class=\"slide-gallery-image-link\" href=\"https:\/\/welt-auto.ro\/file\/2023\/01\/Audi-Actibe-Sphere-AR-21.jpeg\" title=\"Audi Actibe Sphere AR 21\"  data-caption=\"\"  data-description=\"\">\r\n                                <img decoding=\"async\" src=\"https:\/\/welt-auto.ro\/file\/2023\/01\/Audi-Actibe-Sphere-AR-21-647x420.jpeg\" srcset=\"https:\/\/welt-auto.ro\/file\/2023\/01\/Audi-Actibe-Sphere-AR-21-647x420.jpeg 647w, https:\/\/welt-auto.ro\/file\/2023\/01\/Audi-Actibe-Sphere-AR-21-300x194.jpeg 300w, https:\/\/welt-auto.ro\/file\/2023\/01\/Audi-Actibe-Sphere-AR-21-768x498.jpeg 768w, https:\/\/welt-auto.ro\/file\/2023\/01\/Audi-Actibe-Sphere-AR-21-341x220.jpeg 341w, https:\/\/welt-auto.ro\/file\/2023\/01\/Audi-Actibe-Sphere-AR-21-640x415.jpeg 640w, https:\/\/welt-auto.ro\/file\/2023\/01\/Audi-Actibe-Sphere-AR-21-681x442.jpeg 681w, https:\/\/welt-auto.ro\/file\/2023\/01\/Audi-Actibe-Sphere-AR-21.jpeg 980w\" sizes=\"(max-width: 647px) 100vw, 647px\" alt=\"\">\r\n                            <\/a>\r\n                            \r\n                        <\/figure>\r\n                    <\/div>\r\n                    <div class = \"td-slide-item td-item22\">\r\n                        <figure class=\"td-slide-galery-figure td-slide-popup-gallery\">\r\n                            <a class=\"slide-gallery-image-link\" href=\"https:\/\/welt-auto.ro\/file\/2023\/01\/Audi-Actibe-Sphere-AR-22.jpeg\" title=\"Audi Actibe Sphere AR 22\"  data-caption=\"\"  data-description=\"\">\r\n                                <img decoding=\"async\" src=\"https:\/\/welt-auto.ro\/file\/2023\/01\/Audi-Actibe-Sphere-AR-22-634x420.jpeg\" srcset=\"https:\/\/welt-auto.ro\/file\/2023\/01\/Audi-Actibe-Sphere-AR-22-634x420.jpeg 634w, https:\/\/welt-auto.ro\/file\/2023\/01\/Audi-Actibe-Sphere-AR-22-300x199.jpeg 300w, https:\/\/welt-auto.ro\/file\/2023\/01\/Audi-Actibe-Sphere-AR-22-768x509.jpeg 768w, https:\/\/welt-auto.ro\/file\/2023\/01\/Audi-Actibe-Sphere-AR-22-640x424.jpeg 640w, https:\/\/welt-auto.ro\/file\/2023\/01\/Audi-Actibe-Sphere-AR-22-681x451.jpeg 681w, https:\/\/welt-auto.ro\/file\/2023\/01\/Audi-Actibe-Sphere-AR-22.jpeg 980w\" sizes=\"(max-width: 634px) 100vw, 634px\" alt=\"\">\r\n                            <\/a>\r\n                            \r\n                        <\/figure>\r\n                    <\/div>\r\n                    <div class = \"td-slide-item td-item23\">\r\n                        <figure class=\"td-slide-galery-figure td-slide-popup-gallery\">\r\n                            <a class=\"slide-gallery-image-link\" href=\"https:\/\/welt-auto.ro\/file\/2023\/01\/Audi-Actibe-Sphere-AR-23.jpeg\" title=\"Audi Actibe Sphere AR 23\"  data-caption=\"\"  data-description=\"\">\r\n                                <img decoding=\"async\" src=\"https:\/\/welt-auto.ro\/file\/2023\/01\/Audi-Actibe-Sphere-AR-23-629x420.jpeg\" srcset=\"https:\/\/welt-auto.ro\/file\/2023\/01\/Audi-Actibe-Sphere-AR-23-629x420.jpeg 629w, https:\/\/welt-auto.ro\/file\/2023\/01\/Audi-Actibe-Sphere-AR-23-300x200.jpeg 300w, https:\/\/welt-auto.ro\/file\/2023\/01\/Audi-Actibe-Sphere-AR-23-768x513.jpeg 768w, https:\/\/welt-auto.ro\/file\/2023\/01\/Audi-Actibe-Sphere-AR-23-537x360.jpeg 537w, https:\/\/welt-auto.ro\/file\/2023\/01\/Audi-Actibe-Sphere-AR-23-640x427.jpeg 640w, https:\/\/welt-auto.ro\/file\/2023\/01\/Audi-Actibe-Sphere-AR-23-681x454.jpeg 681w, https:\/\/welt-auto.ro\/file\/2023\/01\/Audi-Actibe-Sphere-AR-23.jpeg 980w\" sizes=\"(max-width: 629px) 100vw, 629px\" alt=\"\">\r\n                            <\/a>\r\n                            \r\n                        <\/figure>\r\n                    <\/div>\r\n                    <div class = \"td-slide-item td-item24\">\r\n                        <figure class=\"td-slide-galery-figure td-slide-popup-gallery\">\r\n                            <a class=\"slide-gallery-image-link\" href=\"https:\/\/welt-auto.ro\/file\/2023\/01\/Audi-Actibe-Sphere-AR-24.jpeg\" title=\"Audi Actibe Sphere AR 24\"  data-caption=\"\"  data-description=\"\">\r\n                                <img decoding=\"async\" src=\"https:\/\/welt-auto.ro\/file\/2023\/01\/Audi-Actibe-Sphere-AR-24-628x420.jpeg\" srcset=\"https:\/\/welt-auto.ro\/file\/2023\/01\/Audi-Actibe-Sphere-AR-24-628x420.jpeg 628w, https:\/\/welt-auto.ro\/file\/2023\/01\/Audi-Actibe-Sphere-AR-24-300x201.jpeg 300w, https:\/\/welt-auto.ro\/file\/2023\/01\/Audi-Actibe-Sphere-AR-24-768x513.jpeg 768w, https:\/\/welt-auto.ro\/file\/2023\/01\/Audi-Actibe-Sphere-AR-24-537x360.jpeg 537w, https:\/\/welt-auto.ro\/file\/2023\/01\/Audi-Actibe-Sphere-AR-24-640x428.jpeg 640w, https:\/\/welt-auto.ro\/file\/2023\/01\/Audi-Actibe-Sphere-AR-24-681x455.jpeg 681w, https:\/\/welt-auto.ro\/file\/2023\/01\/Audi-Actibe-Sphere-AR-24.jpeg 980w\" sizes=\"(max-width: 628px) 100vw, 628px\" alt=\"\">\r\n                            <\/a>\r\n                            \r\n                        <\/figure>\r\n                    <\/div>\r\n                    <div class = \"td-slide-item td-item25\">\r\n                        <figure class=\"td-slide-galery-figure td-slide-popup-gallery\">\r\n                            <a class=\"slide-gallery-image-link\" href=\"https:\/\/welt-auto.ro\/file\/2023\/01\/Audi-Actibe-Sphere-AR-25.jpeg\" title=\"Audi Actibe Sphere AR 25\"  data-caption=\"\"  data-description=\"\">\r\n                                <img decoding=\"async\" src=\"https:\/\/welt-auto.ro\/file\/2023\/01\/Audi-Actibe-Sphere-AR-25-560x420.jpeg\" srcset=\"https:\/\/welt-auto.ro\/file\/2023\/01\/Audi-Actibe-Sphere-AR-25-560x420.jpeg 560w, https:\/\/welt-auto.ro\/file\/2023\/01\/Audi-Actibe-Sphere-AR-25-300x225.jpeg 300w, https:\/\/welt-auto.ro\/file\/2023\/01\/Audi-Actibe-Sphere-AR-25-768x576.jpeg 768w, https:\/\/welt-auto.ro\/file\/2023\/01\/Audi-Actibe-Sphere-AR-25-80x60.jpeg 80w, https:\/\/welt-auto.ro\/file\/2023\/01\/Audi-Actibe-Sphere-AR-25-100x75.jpeg 100w, https:\/\/welt-auto.ro\/file\/2023\/01\/Audi-Actibe-Sphere-AR-25-180x135.jpeg 180w, https:\/\/welt-auto.ro\/file\/2023\/01\/Audi-Actibe-Sphere-AR-25-238x178.jpeg 238w, https:\/\/welt-auto.ro\/file\/2023\/01\/Audi-Actibe-Sphere-AR-25-640x480.jpeg 640w, https:\/\/welt-auto.ro\/file\/2023\/01\/Audi-Actibe-Sphere-AR-25-681x511.jpeg 681w, https:\/\/welt-auto.ro\/file\/2023\/01\/Audi-Actibe-Sphere-AR-25.jpeg 980w\" sizes=\"(max-width: 560px) 100vw, 560px\" alt=\"\">\r\n                            <\/a>\r\n                            \r\n                        <\/figure>\r\n                    <\/div>\r\n                    <div class = \"td-slide-item td-item26\">\r\n                        <figure class=\"td-slide-galery-figure td-slide-popup-gallery\">\r\n                            <a class=\"slide-gallery-image-link\" href=\"https:\/\/welt-auto.ro\/file\/2023\/01\/Audi-Actibe-Sphere-AR-26.jpeg\" title=\"Audi Actibe Sphere AR 26\"  data-caption=\"\"  data-description=\"\">\r\n                                <img decoding=\"async\" src=\"https:\/\/welt-auto.ro\/file\/2023\/01\/Audi-Actibe-Sphere-AR-26-560x420.jpeg\" srcset=\"https:\/\/welt-auto.ro\/file\/2023\/01\/Audi-Actibe-Sphere-AR-26-560x420.jpeg 560w, https:\/\/welt-auto.ro\/file\/2023\/01\/Audi-Actibe-Sphere-AR-26-300x225.jpeg 300w, https:\/\/welt-auto.ro\/file\/2023\/01\/Audi-Actibe-Sphere-AR-26-768x576.jpeg 768w, https:\/\/welt-auto.ro\/file\/2023\/01\/Audi-Actibe-Sphere-AR-26-80x60.jpeg 80w, https:\/\/welt-auto.ro\/file\/2023\/01\/Audi-Actibe-Sphere-AR-26-100x75.jpeg 100w, https:\/\/welt-auto.ro\/file\/2023\/01\/Audi-Actibe-Sphere-AR-26-180x135.jpeg 180w, https:\/\/welt-auto.ro\/file\/2023\/01\/Audi-Actibe-Sphere-AR-26-238x178.jpeg 238w, https:\/\/welt-auto.ro\/file\/2023\/01\/Audi-Actibe-Sphere-AR-26-640x480.jpeg 640w, https:\/\/welt-auto.ro\/file\/2023\/01\/Audi-Actibe-Sphere-AR-26-681x511.jpeg 681w, https:\/\/welt-auto.ro\/file\/2023\/01\/Audi-Actibe-Sphere-AR-26.jpeg 980w\" sizes=\"(max-width: 560px) 100vw, 560px\" alt=\"\">\r\n                            <\/a>\r\n                            \r\n                        <\/figure>\r\n                    <\/div>\r\n                    <div class = \"td-slide-item td-item27\">\r\n                        <figure class=\"td-slide-galery-figure td-slide-popup-gallery\">\r\n                            <a class=\"slide-gallery-image-link\" href=\"https:\/\/welt-auto.ro\/file\/2023\/01\/Audi-Actibe-Sphere-AR-27.jpeg\" title=\"Audi Actibe Sphere AR 27\"  data-caption=\"\"  data-description=\"\">\r\n                                <img decoding=\"async\" src=\"https:\/\/welt-auto.ro\/file\/2023\/01\/Audi-Actibe-Sphere-AR-27-560x420.jpeg\" srcset=\"https:\/\/welt-auto.ro\/file\/2023\/01\/Audi-Actibe-Sphere-AR-27-560x420.jpeg 560w, https:\/\/welt-auto.ro\/file\/2023\/01\/Audi-Actibe-Sphere-AR-27-300x225.jpeg 300w, https:\/\/welt-auto.ro\/file\/2023\/01\/Audi-Actibe-Sphere-AR-27-768x576.jpeg 768w, https:\/\/welt-auto.ro\/file\/2023\/01\/Audi-Actibe-Sphere-AR-27-80x60.jpeg 80w, https:\/\/welt-auto.ro\/file\/2023\/01\/Audi-Actibe-Sphere-AR-27-100x75.jpeg 100w, https:\/\/welt-auto.ro\/file\/2023\/01\/Audi-Actibe-Sphere-AR-27-180x135.jpeg 180w, https:\/\/welt-auto.ro\/file\/2023\/01\/Audi-Actibe-Sphere-AR-27-238x178.jpeg 238w, https:\/\/welt-auto.ro\/file\/2023\/01\/Audi-Actibe-Sphere-AR-27-640x480.jpeg 640w, https:\/\/welt-auto.ro\/file\/2023\/01\/Audi-Actibe-Sphere-AR-27-681x511.jpeg 681w, https:\/\/welt-auto.ro\/file\/2023\/01\/Audi-Actibe-Sphere-AR-27.jpeg 980w\" sizes=\"(max-width: 560px) 100vw, 560px\" alt=\"\">\r\n                            <\/a>\r\n                            \r\n                        <\/figure>\r\n                    <\/div>\r\n                    <div class = \"td-slide-item td-item28\">\r\n                        <figure class=\"td-slide-galery-figure td-slide-popup-gallery\">\r\n                            <a class=\"slide-gallery-image-link\" href=\"https:\/\/welt-auto.ro\/file\/2023\/01\/Audi-Actibe-Sphere-AR-28.jpeg\" title=\"Audi Actibe Sphere AR 28\"  data-caption=\"\"  data-description=\"\">\r\n                                <img decoding=\"async\" src=\"https:\/\/welt-auto.ro\/file\/2023\/01\/Audi-Actibe-Sphere-AR-28-560x420.jpeg\" srcset=\"https:\/\/welt-auto.ro\/file\/2023\/01\/Audi-Actibe-Sphere-AR-28-560x420.jpeg 560w, https:\/\/welt-auto.ro\/file\/2023\/01\/Audi-Actibe-Sphere-AR-28-300x225.jpeg 300w, https:\/\/welt-auto.ro\/file\/2023\/01\/Audi-Actibe-Sphere-AR-28-768x576.jpeg 768w, https:\/\/welt-auto.ro\/file\/2023\/01\/Audi-Actibe-Sphere-AR-28-80x60.jpeg 80w, https:\/\/welt-auto.ro\/file\/2023\/01\/Audi-Actibe-Sphere-AR-28-100x75.jpeg 100w, https:\/\/welt-auto.ro\/file\/2023\/01\/Audi-Actibe-Sphere-AR-28-180x135.jpeg 180w, https:\/\/welt-auto.ro\/file\/2023\/01\/Audi-Actibe-Sphere-AR-28-238x178.jpeg 238w, https:\/\/welt-auto.ro\/file\/2023\/01\/Audi-Actibe-Sphere-AR-28-640x480.jpeg 640w, https:\/\/welt-auto.ro\/file\/2023\/01\/Audi-Actibe-Sphere-AR-28-681x511.jpeg 681w, https:\/\/welt-auto.ro\/file\/2023\/01\/Audi-Actibe-Sphere-AR-28.jpeg 980w\" sizes=\"(max-width: 560px) 100vw, 560px\" alt=\"\">\r\n                            <\/a>\r\n                            \r\n                        <\/figure>\r\n                    <\/div>\r\n                            <\/div>\r\n                        <\/div>\r\n\r\n                        <div class = \"td-doubleSlider-2\">\r\n                            <div class = \"td-slider\">\r\n                                \r\n                    <div class = \"td-button td-item1\">\r\n                        <div class = \"td-border\"><\/div>\r\n                    <\/div>\r\n                    <div class = \"td-button td-item2\">\r\n                        <div class = \"td-border\"><\/div>\r\n                    <\/div>\r\n                    <div class = \"td-button td-item3\">\r\n                        <div class = \"td-border\"><\/div>\r\n                    <\/div>\r\n                    <div class = \"td-button td-item4\">\r\n                        <div class = \"td-border\"><\/div>\r\n                    <\/div>\r\n                    <div class = \"td-button td-item5\">\r\n                        <div class = \"td-border\"><\/div>\r\n                    <\/div>\r\n                    <div class = \"td-button td-item6\">\r\n                        <div class = \"td-border\"><\/div>\r\n                    <\/div>\r\n                    <div class = \"td-button td-item7\">\r\n                        <div class = \"td-border\"><\/div>\r\n                    <\/div>\r\n                    <div class = \"td-button td-item8\">\r\n                        <div class = \"td-border\"><\/div>\r\n                    <\/div>\r\n                    <div class = \"td-button td-item9\">\r\n                        <div class = \"td-border\"><\/div>\r\n                    <\/div>\r\n                    <div class = \"td-button td-item10\">\r\n                        <div class = \"td-border\"><\/div>\r\n                    <\/div>\r\n                    <div class = \"td-button td-item11\">\r\n                        <div class = \"td-border\"><\/div>\r\n                    <\/div>\r\n                    <div class = \"td-button td-item12\">\r\n                        <div class = \"td-border\"><\/div>\r\n                    <\/div>\r\n                    <div class = \"td-button td-item13\">\r\n                        <div class = \"td-border\"><\/div>\r\n                    <\/div>\r\n                    <div class = \"td-button td-item14\">\r\n                        <div class = \"td-border\"><\/div>\r\n                    <\/div>\r\n                    <div class = \"td-button td-item15\">\r\n                        <div class = \"td-border\"><\/div>\r\n                    <\/div>\r\n                    <div class = \"td-button td-item16\">\r\n                        <div class = \"td-border\"><\/div>\r\n                    <\/div>\r\n                    <div class = \"td-button td-item17\">\r\n                        <div class = \"td-border\"><\/div>\r\n                    <\/div>\r\n                    <div class = \"td-button td-item18\">\r\n                        <div class = \"td-border\"><\/div>\r\n                    <\/div>\r\n                    <div class = \"td-button td-item19\">\r\n                        <div class = \"td-border\"><\/div>\r\n                    <\/div>\r\n                    <div class = \"td-button td-item20\">\r\n                        <div class = \"td-border\"><\/div>\r\n                    <\/div>\r\n                    <div class = \"td-button td-item21\">\r\n                        <div class = \"td-border\"><\/div>\r\n                    <\/div>\r\n                    <div class = \"td-button td-item22\">\r\n                        <div class = \"td-border\"><\/div>\r\n                    <\/div>\r\n                    <div class = \"td-button td-item23\">\r\n                        <div class = \"td-border\"><\/div>\r\n                    <\/div>\r\n                    <div class = \"td-button td-item24\">\r\n                        <div class = \"td-border\"><\/div>\r\n                    <\/div>\r\n                    <div class = \"td-button td-item25\">\r\n                        <div class = \"td-border\"><\/div>\r\n                    <\/div>\r\n                    <div class = \"td-button td-item26\">\r\n                        <div class = \"td-border\"><\/div>\r\n                    <\/div>\r\n                    <div class = \"td-button td-item27\">\r\n                        <div class = \"td-border\"><\/div>\r\n                    <\/div>\r\n                    <div class = \"td-button td-item28\">\r\n                        <div class = \"td-border\"><\/div>\r\n                    <\/div>\r\n                            <\/div>\r\n                        <\/div>\r\n\r\n                    <\/div>\r\n\r\n                <\/div>\r\n                \n","protected":false},"excerpt":{"rendered":"<p>Audi Activesphere este cel mai recent dintr-o serie de concepte &#8222;Sphere&#8221; \u0219i are forma unui crossover orientat spre off-road, cu o linie a acoperi\u0219ului asem\u0103n\u0103toare unui coupe. Punctul culminant este habitaclul, care folose\u0219te realitatea augmentat\u0103 pentru toate comenzile vehiculului &#8211; cum ar fi naviga\u021bia, climatizarea \u0219i divertismentul &#8211; \u00een locul unui ecran. O alt\u0103 caracteristic\u0103 [&hellip;]<\/p>\n","protected":false},"author":2,"featured_media":923,"comment_status":"open","ping_status":"open","sticky":false,"template":"","format":"standard","meta":{"footnotes":""},"categories":[17],"tags":[248,246,247],"class_list":["post-916","post","type-post","status-publish","format-standard","has-post-thumbnail","hentry","category-modele-noi-auto","tag-audi-ar","tag-audi-concept","tag-concepte"],"yoast_head":"<!-- This site is optimized with the Yoast SEO plugin v23.1 - https:\/\/yoast.com\/wordpress\/plugins\/seo\/ -->\n<title>Audi Activesphere este un Off-Roader f\u0103r\u0103 ecrane, cu realitate augmentat\u0103 \u0219i cu o platform\u0103 de camion - Un altfel de Blog Auto - Welt-auto.ro<\/title>\n<meta name=\"robots\" content=\"index, follow, max-snippet:-1, max-image-preview:large, max-video-preview:-1\" \/>\n<link rel=\"canonical\" href=\"https:\/\/welt-auto.ro\/audi-activesphere-este-un-off-roader-fara-ecrane-cu-realitate-augmentata-si-cu-o-platforma-de-camion\/\" \/>\n<meta property=\"og:locale\" content=\"ro_RO\" \/>\n<meta property=\"og:type\" content=\"article\" \/>\n<meta property=\"og:title\" content=\"Audi Activesphere este un Off-Roader f\u0103r\u0103 ecrane, cu realitate augmentat\u0103 \u0219i cu o platform\u0103 de camion - Un altfel de Blog Auto - Welt-auto.ro\" \/>\n<meta property=\"og:description\" content=\"Audi Activesphere este cel mai recent dintr-o serie de concepte &#8222;Sphere&#8221; \u0219i are forma unui crossover orientat spre off-road, cu o linie a acoperi\u0219ului asem\u0103n\u0103toare unui coupe. Punctul culminant este habitaclul, care folose\u0219te realitatea augmentat\u0103 pentru toate comenzile vehiculului &#8211; cum ar fi naviga\u021bia, climatizarea \u0219i divertismentul &#8211; \u00een locul unui ecran. O alt\u0103 caracteristic\u0103 [&hellip;]\" \/>\n<meta property=\"og:url\" content=\"https:\/\/welt-auto.ro\/audi-activesphere-este-un-off-roader-fara-ecrane-cu-realitate-augmentata-si-cu-o-platforma-de-camion\/\" \/>\n<meta property=\"og:site_name\" content=\"Un altfel de Blog Auto - Welt-auto.ro\" \/>\n<meta property=\"article:publisher\" content=\"https:\/\/www.facebook.com\/weltautor\" \/>\n<meta property=\"article:published_time\" content=\"2023-01-27T12:55:14+00:00\" \/>\n<meta property=\"article:modified_time\" content=\"2023-01-30T09:54:23+00:00\" \/>\n<meta property=\"og:image\" content=\"https:\/\/welt-auto.ro\/file\/2023\/01\/Audi-Actibe-Sphere-AR-2.jpeg\" \/>\n\t<meta property=\"og:image:width\" content=\"980\" \/>\n\t<meta property=\"og:image:height\" content=\"628\" \/>\n\t<meta property=\"og:image:type\" content=\"image\/jpeg\" \/>\n<meta name=\"author\" content=\"Andrei Welther\" \/>\n<meta name=\"twitter:card\" content=\"summary_large_image\" \/>\n<meta name=\"twitter:label1\" content=\"Scris de\" \/>\n\t<meta name=\"twitter:data1\" content=\"Andrei Welther\" \/>\n\t<meta name=\"twitter:label2\" content=\"Timp estimat pentru citire\" \/>\n\t<meta name=\"twitter:data2\" content=\"5 minute\" \/>\n<script type=\"application\/ld+json\" class=\"yoast-schema-graph\">{\"@context\":\"https:\/\/schema.org\",\"@graph\":[{\"@type\":\"WebPage\",\"@id\":\"https:\/\/welt-auto.ro\/audi-activesphere-este-un-off-roader-fara-ecrane-cu-realitate-augmentata-si-cu-o-platforma-de-camion\/\",\"url\":\"https:\/\/welt-auto.ro\/audi-activesphere-este-un-off-roader-fara-ecrane-cu-realitate-augmentata-si-cu-o-platforma-de-camion\/\",\"name\":\"Audi Activesphere este un Off-Roader f\u0103r\u0103 ecrane, cu realitate augmentat\u0103 \u0219i cu o platform\u0103 de camion - Un altfel de Blog Auto - Welt-auto.ro\",\"isPartOf\":{\"@id\":\"https:\/\/welt-auto.ro\/#website\"},\"primaryImageOfPage\":{\"@id\":\"https:\/\/welt-auto.ro\/audi-activesphere-este-un-off-roader-fara-ecrane-cu-realitate-augmentata-si-cu-o-platforma-de-camion\/#primaryimage\"},\"image\":{\"@id\":\"https:\/\/welt-auto.ro\/audi-activesphere-este-un-off-roader-fara-ecrane-cu-realitate-augmentata-si-cu-o-platforma-de-camion\/#primaryimage\"},\"thumbnailUrl\":\"https:\/\/welt-auto.ro\/file\/2023\/01\/Audi-Actibe-Sphere-AR-2.jpeg\",\"datePublished\":\"2023-01-27T12:55:14+00:00\",\"dateModified\":\"2023-01-30T09:54:23+00:00\",\"author\":{\"@id\":\"https:\/\/welt-auto.ro\/#\/schema\/person\/69a640369c1548e5b5e04f610d3be559\"},\"breadcrumb\":{\"@id\":\"https:\/\/welt-auto.ro\/audi-activesphere-este-un-off-roader-fara-ecrane-cu-realitate-augmentata-si-cu-o-platforma-de-camion\/#breadcrumb\"},\"inLanguage\":\"ro-RO\",\"potentialAction\":[{\"@type\":\"ReadAction\",\"target\":[\"https:\/\/welt-auto.ro\/audi-activesphere-este-un-off-roader-fara-ecrane-cu-realitate-augmentata-si-cu-o-platforma-de-camion\/\"]}]},{\"@type\":\"ImageObject\",\"inLanguage\":\"ro-RO\",\"@id\":\"https:\/\/welt-auto.ro\/audi-activesphere-este-un-off-roader-fara-ecrane-cu-realitate-augmentata-si-cu-o-platforma-de-camion\/#primaryimage\",\"url\":\"https:\/\/welt-auto.ro\/file\/2023\/01\/Audi-Actibe-Sphere-AR-2.jpeg\",\"contentUrl\":\"https:\/\/welt-auto.ro\/file\/2023\/01\/Audi-Actibe-Sphere-AR-2.jpeg\",\"width\":980,\"height\":628},{\"@type\":\"BreadcrumbList\",\"@id\":\"https:\/\/welt-auto.ro\/audi-activesphere-este-un-off-roader-fara-ecrane-cu-realitate-augmentata-si-cu-o-platforma-de-camion\/#breadcrumb\",\"itemListElement\":[{\"@type\":\"ListItem\",\"position\":1,\"name\":\"Prima pagin\u0103\",\"item\":\"https:\/\/welt-auto.ro\/\"},{\"@type\":\"ListItem\",\"position\":2,\"name\":\"Audi Activesphere este un Off-Roader f\u0103r\u0103 ecrane, cu realitate augmentat\u0103 \u0219i cu o platform\u0103 de camion\"}]},{\"@type\":\"WebSite\",\"@id\":\"https:\/\/welt-auto.ro\/#website\",\"url\":\"https:\/\/welt-auto.ro\/\",\"name\":\"Un altfel de Blog Auto - Welt-auto.ro\",\"description\":\"Un altfel de blog auto -afla acum detalii din lumea auto\",\"potentialAction\":[{\"@type\":\"SearchAction\",\"target\":{\"@type\":\"EntryPoint\",\"urlTemplate\":\"https:\/\/welt-auto.ro\/?s={search_term_string}\"},\"query-input\":\"required name=search_term_string\"}],\"inLanguage\":\"ro-RO\"},{\"@type\":\"Person\",\"@id\":\"https:\/\/welt-auto.ro\/#\/schema\/person\/69a640369c1548e5b5e04f610d3be559\",\"name\":\"Andrei Welther\",\"image\":{\"@type\":\"ImageObject\",\"inLanguage\":\"ro-RO\",\"@id\":\"https:\/\/welt-auto.ro\/#\/schema\/person\/image\/\",\"url\":\"https:\/\/secure.gravatar.com\/avatar\/bd4a792415fb39fa51798d58ac2f37a43840d82d0caaa90a29f315aec4e6d416?s=96&d=mm&r=g\",\"contentUrl\":\"https:\/\/secure.gravatar.com\/avatar\/bd4a792415fb39fa51798d58ac2f37a43840d82d0caaa90a29f315aec4e6d416?s=96&d=mm&r=g\",\"caption\":\"Andrei Welther\"},\"sameAs\":[\"https:\/\/weltcars.com\"],\"url\":\"https:\/\/welt-auto.ro\/profile\/weltandrei\/\"}]}<\/script>\n<!-- \/ Yoast SEO plugin. -->","yoast_head_json":{"title":"Audi Activesphere este un Off-Roader f\u0103r\u0103 ecrane, cu realitate augmentat\u0103 \u0219i cu o platform\u0103 de camion - Un altfel de Blog Auto - Welt-auto.ro","robots":{"index":"index","follow":"follow","max-snippet":"max-snippet:-1","max-image-preview":"max-image-preview:large","max-video-preview":"max-video-preview:-1"},"canonical":"https:\/\/welt-auto.ro\/audi-activesphere-este-un-off-roader-fara-ecrane-cu-realitate-augmentata-si-cu-o-platforma-de-camion\/","og_locale":"ro_RO","og_type":"article","og_title":"Audi Activesphere este un Off-Roader f\u0103r\u0103 ecrane, cu realitate augmentat\u0103 \u0219i cu o platform\u0103 de camion - Un altfel de Blog Auto - Welt-auto.ro","og_description":"Audi Activesphere este cel mai recent dintr-o serie de concepte &#8222;Sphere&#8221; \u0219i are forma unui crossover orientat spre off-road, cu o linie a acoperi\u0219ului asem\u0103n\u0103toare unui coupe. Punctul culminant este habitaclul, care folose\u0219te realitatea augmentat\u0103 pentru toate comenzile vehiculului &#8211; cum ar fi naviga\u021bia, climatizarea \u0219i divertismentul &#8211; \u00een locul unui ecran. O alt\u0103 caracteristic\u0103 [&hellip;]","og_url":"https:\/\/welt-auto.ro\/audi-activesphere-este-un-off-roader-fara-ecrane-cu-realitate-augmentata-si-cu-o-platforma-de-camion\/","og_site_name":"Un altfel de Blog Auto - Welt-auto.ro","article_publisher":"https:\/\/www.facebook.com\/weltautor","article_published_time":"2023-01-27T12:55:14+00:00","article_modified_time":"2023-01-30T09:54:23+00:00","og_image":[{"width":980,"height":628,"url":"https:\/\/welt-auto.ro\/file\/2023\/01\/Audi-Actibe-Sphere-AR-2.jpeg","type":"image\/jpeg"}],"author":"Andrei Welther","twitter_card":"summary_large_image","twitter_misc":{"Scris de":"Andrei Welther","Timp estimat pentru citire":"5 minute"},"schema":{"@context":"https:\/\/schema.org","@graph":[{"@type":"WebPage","@id":"https:\/\/welt-auto.ro\/audi-activesphere-este-un-off-roader-fara-ecrane-cu-realitate-augmentata-si-cu-o-platforma-de-camion\/","url":"https:\/\/welt-auto.ro\/audi-activesphere-este-un-off-roader-fara-ecrane-cu-realitate-augmentata-si-cu-o-platforma-de-camion\/","name":"Audi Activesphere este un Off-Roader f\u0103r\u0103 ecrane, cu realitate augmentat\u0103 \u0219i cu o platform\u0103 de camion - Un altfel de Blog Auto - Welt-auto.ro","isPartOf":{"@id":"https:\/\/welt-auto.ro\/#website"},"primaryImageOfPage":{"@id":"https:\/\/welt-auto.ro\/audi-activesphere-este-un-off-roader-fara-ecrane-cu-realitate-augmentata-si-cu-o-platforma-de-camion\/#primaryimage"},"image":{"@id":"https:\/\/welt-auto.ro\/audi-activesphere-este-un-off-roader-fara-ecrane-cu-realitate-augmentata-si-cu-o-platforma-de-camion\/#primaryimage"},"thumbnailUrl":"https:\/\/welt-auto.ro\/file\/2023\/01\/Audi-Actibe-Sphere-AR-2.jpeg","datePublished":"2023-01-27T12:55:14+00:00","dateModified":"2023-01-30T09:54:23+00:00","author":{"@id":"https:\/\/welt-auto.ro\/#\/schema\/person\/69a640369c1548e5b5e04f610d3be559"},"breadcrumb":{"@id":"https:\/\/welt-auto.ro\/audi-activesphere-este-un-off-roader-fara-ecrane-cu-realitate-augmentata-si-cu-o-platforma-de-camion\/#breadcrumb"},"inLanguage":"ro-RO","potentialAction":[{"@type":"ReadAction","target":["https:\/\/welt-auto.ro\/audi-activesphere-este-un-off-roader-fara-ecrane-cu-realitate-augmentata-si-cu-o-platforma-de-camion\/"]}]},{"@type":"ImageObject","inLanguage":"ro-RO","@id":"https:\/\/welt-auto.ro\/audi-activesphere-este-un-off-roader-fara-ecrane-cu-realitate-augmentata-si-cu-o-platforma-de-camion\/#primaryimage","url":"https:\/\/welt-auto.ro\/file\/2023\/01\/Audi-Actibe-Sphere-AR-2.jpeg","contentUrl":"https:\/\/welt-auto.ro\/file\/2023\/01\/Audi-Actibe-Sphere-AR-2.jpeg","width":980,"height":628},{"@type":"BreadcrumbList","@id":"https:\/\/welt-auto.ro\/audi-activesphere-este-un-off-roader-fara-ecrane-cu-realitate-augmentata-si-cu-o-platforma-de-camion\/#breadcrumb","itemListElement":[{"@type":"ListItem","position":1,"name":"Prima pagin\u0103","item":"https:\/\/welt-auto.ro\/"},{"@type":"ListItem","position":2,"name":"Audi Activesphere este un Off-Roader f\u0103r\u0103 ecrane, cu realitate augmentat\u0103 \u0219i cu o platform\u0103 de camion"}]},{"@type":"WebSite","@id":"https:\/\/welt-auto.ro\/#website","url":"https:\/\/welt-auto.ro\/","name":"Un altfel de Blog Auto - Welt-auto.ro","description":"Un altfel de blog auto -afla acum detalii din lumea auto","potentialAction":[{"@type":"SearchAction","target":{"@type":"EntryPoint","urlTemplate":"https:\/\/welt-auto.ro\/?s={search_term_string}"},"query-input":"required name=search_term_string"}],"inLanguage":"ro-RO"},{"@type":"Person","@id":"https:\/\/welt-auto.ro\/#\/schema\/person\/69a640369c1548e5b5e04f610d3be559","name":"Andrei Welther","image":{"@type":"ImageObject","inLanguage":"ro-RO","@id":"https:\/\/welt-auto.ro\/#\/schema\/person\/image\/","url":"https:\/\/secure.gravatar.com\/avatar\/bd4a792415fb39fa51798d58ac2f37a43840d82d0caaa90a29f315aec4e6d416?s=96&d=mm&r=g","contentUrl":"https:\/\/secure.gravatar.com\/avatar\/bd4a792415fb39fa51798d58ac2f37a43840d82d0caaa90a29f315aec4e6d416?s=96&d=mm&r=g","caption":"Andrei Welther"},"sameAs":["https:\/\/weltcars.com"],"url":"https:\/\/welt-auto.ro\/profile\/weltandrei\/"}]}},"_links":{"self":[{"href":"https:\/\/welt-auto.ro\/rest\/wp\/v2\/posts\/916","targetHints":{"allow":["GET"]}}],"collection":[{"href":"https:\/\/welt-auto.ro\/rest\/wp\/v2\/posts"}],"about":[{"href":"https:\/\/welt-auto.ro\/rest\/wp\/v2\/types\/post"}],"author":[{"embeddable":true,"href":"https:\/\/welt-auto.ro\/rest\/wp\/v2\/users\/2"}],"replies":[{"embeddable":true,"href":"https:\/\/welt-auto.ro\/rest\/wp\/v2\/comments?post=916"}],"version-history":[{"count":1,"href":"https:\/\/welt-auto.ro\/rest\/wp\/v2\/posts\/916\/revisions"}],"predecessor-version":[{"id":950,"href":"https:\/\/welt-auto.ro\/rest\/wp\/v2\/posts\/916\/revisions\/950"}],"wp:featuredmedia":[{"embeddable":true,"href":"https:\/\/welt-auto.ro\/rest\/wp\/v2\/media\/923"}],"wp:attachment":[{"href":"https:\/\/welt-auto.ro\/rest\/wp\/v2\/media?parent=916"}],"wp:term":[{"taxonomy":"category","embeddable":true,"href":"https:\/\/welt-auto.ro\/rest\/wp\/v2\/categories?post=916"},{"taxonomy":"post_tag","embeddable":true,"href":"https:\/\/welt-auto.ro\/rest\/wp\/v2\/tags?post=916"}],"curies":[{"name":"wp","href":"https:\/\/api.w.org\/{rel}","templated":true}]}}