{"id":973,"date":"2023-02-09T16:31:08","date_gmt":"2023-02-09T16:31:08","guid":{"rendered":"https:\/\/welt-auto.ro\/?p=973"},"modified":"2023-02-09T16:37:30","modified_gmt":"2023-02-09T16:37:30","slug":"bmw-vw-audi-amendate-de-coreea-de-sud-pentru-trucarea-emisiilor-diesel","status":"publish","type":"post","link":"https:\/\/welt-auto.ro\/bmw-vw-audi-amendate-de-coreea-de-sud-pentru-trucarea-emisiilor-diesel\/","title":{"rendered":"BMW, VW, Audi, amendate de Coreea de Sud pentru trucarea emisiilor diesel"},"content":{"rendered":"<p><a href=\"https:\/\/welt-auto.ro\/file\/2023\/02\/Bmw-Audi-si-VW-diesel.webp\"><img loading=\"lazy\" decoding=\"async\" class=\"aligncenter size-full wp-image-974\" src=\"https:\/\/welt-auto.ro\/file\/2023\/02\/Bmw-Audi-si-VW-diesel.webp\" alt=\"Bmw Audi si VW diesel\" width=\"792\" height=\"475\" srcset=\"https:\/\/welt-auto.ro\/file\/2023\/02\/Bmw-Audi-si-VW-diesel.webp 792w, https:\/\/welt-auto.ro\/file\/2023\/02\/Bmw-Audi-si-VW-diesel-300x180.webp 300w, https:\/\/welt-auto.ro\/file\/2023\/02\/Bmw-Audi-si-VW-diesel-768x461.webp 768w, https:\/\/welt-auto.ro\/file\/2023\/02\/Bmw-Audi-si-VW-diesel-700x420.webp 700w, https:\/\/welt-auto.ro\/file\/2023\/02\/Bmw-Audi-si-VW-diesel-640x384.webp 640w, https:\/\/welt-auto.ro\/file\/2023\/02\/Bmw-Audi-si-VW-diesel-681x408.webp 681w\" sizes=\"auto, (max-width: 792px) 100vw, 792px\" \/><\/a><\/p>\n<p>SEOUL &#8211; Autoritatea de reglementare antitrust din Coreea de Sud a declarat c\u0103 va impune o amend\u0103 combinat\u0103 de 42,3 miliarde de woni (33,48 milioane de dolari) companiilor <a href=\"https:\/\/welt-auto.ro\/search\/Mercedes-Benz\">Mercedes-Benz<\/a>, BMW, <a href=\"https:\/\/welt-auto.ro\/search\/Volkswagen\">Volkswagen<\/a> \u0219i <a href=\"https:\/\/welt-auto.ro\/search\/Audi\">Audi<\/a> pentru c\u0103 s-au \u00een\u021beles s\u0103 manipuleze emisiile ma\u0219inilor sale diesel cu ajutorul unui software.<\/p>\n<p>Cei patru au fost implica\u021bi \u00eentr-o coluziune care a redus concuren\u021ba \u0219i a restric\u021bionat posibilit\u0103\u021bile de alegere ale consumatorilor, a declarat joi Comisia Coreean\u0103 pentru Comer\u021b Coreean (KFTC).<\/p>\n<p>Mercedes a fost amendat\u0103 cu 20,7 miliarde de woni, <a href=\"https:\/\/welt-auto.ro\/search\/BMW\">BMW<\/a> cu 15,7 miliarde de woni \u0219i Audi cu 6 miliarde de woni, a declarat autoritatea de reglementare, ad\u0103ug\u00e2nd c\u0103 VW nu a fost amendat\u0103 deoarece nu a ob\u021binut venituri relevante pentru aceast\u0103 problem\u0103.<\/p>\n<p>Anul trecut, Mercedes \u0219i unitatea sa coreean\u0103 au fost amendate cu 20,2 miliarde de woni pentru publicitate fals\u0103 legat\u0103 de emisiile vehiculelor diesel pentru pasageri.<\/p>\n<p>\u00cen 2021, Comisia European\u0103 a amendat VW \u0219i BMW cu un total de 875 de milioane de euro pentru c\u0103 s-au \u00een\u021beles s\u0103 limiteze utilizarea tehnologiei de cur\u0103\u021bare a emisiilor pe care au dezvoltat-o.<\/p>\n<p>&nbsp;<\/p>\n","protected":false},"excerpt":{"rendered":"<p>SEOUL &#8211; Autoritatea de reglementare antitrust din Coreea de Sud a declarat c\u0103 va impune o amend\u0103 combinat\u0103 de 42,3 miliarde de woni (33,48 milioane de dolari) companiilor Mercedes-Benz, BMW, Volkswagen \u0219i Audi pentru c\u0103 s-au \u00een\u021beles s\u0103 manipuleze emisiile ma\u0219inilor sale diesel cu ajutorul unui software. Cei patru au fost implica\u021bi \u00eentr-o coluziune care [&hellip;]<\/p>\n","protected":false},"author":2,"featured_media":974,"comment_status":"open","ping_status":"open","sticky":false,"template":"","format":"standard","meta":{"footnotes":""},"categories":[17],"tags":[158,30,260,64,44,115],"class_list":["post-973","post","type-post","status-publish","format-standard","has-post-thumbnail","hentry","category-modele-noi-auto","tag-audi","tag-bmw","tag-coreea-de-sud","tag-mercedes","tag-mercedes-benz","tag-volkswage"],"yoast_head":"<!-- This site is optimized with the Yoast SEO plugin v23.1 - https:\/\/yoast.com\/wordpress\/plugins\/seo\/ -->\n<title>BMW, VW, Audi, amendate de Coreea de Sud pentru trucarea emisiilor diesel - Un altfel de Blog Auto - Welt-auto.ro<\/title>\n<meta name=\"robots\" content=\"index, follow, max-snippet:-1, max-image-preview:large, max-video-preview:-1\" \/>\n<link rel=\"canonical\" href=\"https:\/\/welt-auto.ro\/bmw-vw-audi-amendate-de-coreea-de-sud-pentru-trucarea-emisiilor-diesel\/\" \/>\n<meta property=\"og:locale\" content=\"ro_RO\" \/>\n<meta property=\"og:type\" content=\"article\" \/>\n<meta property=\"og:title\" content=\"BMW, VW, Audi, amendate de Coreea de Sud pentru trucarea emisiilor diesel - Un altfel de Blog Auto - Welt-auto.ro\" \/>\n<meta property=\"og:description\" content=\"SEOUL &#8211; Autoritatea de reglementare antitrust din Coreea de Sud a declarat c\u0103 va impune o amend\u0103 combinat\u0103 de 42,3 miliarde de woni (33,48 milioane de dolari) companiilor Mercedes-Benz, BMW, Volkswagen \u0219i Audi pentru c\u0103 s-au \u00een\u021beles s\u0103 manipuleze emisiile ma\u0219inilor sale diesel cu ajutorul unui software. Cei patru au fost implica\u021bi \u00eentr-o coluziune care [&hellip;]\" \/>\n<meta property=\"og:url\" content=\"https:\/\/welt-auto.ro\/bmw-vw-audi-amendate-de-coreea-de-sud-pentru-trucarea-emisiilor-diesel\/\" \/>\n<meta property=\"og:site_name\" content=\"Un altfel de Blog Auto - Welt-auto.ro\" \/>\n<meta property=\"article:publisher\" content=\"https:\/\/www.facebook.com\/weltautor\" \/>\n<meta property=\"article:published_time\" content=\"2023-02-09T16:31:08+00:00\" \/>\n<meta property=\"article:modified_time\" content=\"2023-02-09T16:37:30+00:00\" \/>\n<meta property=\"og:image\" content=\"https:\/\/welt-auto.ro\/file\/2023\/02\/Bmw-Audi-si-VW-diesel.webp\" \/>\n\t<meta property=\"og:image:width\" content=\"792\" \/>\n\t<meta property=\"og:image:height\" content=\"475\" \/>\n\t<meta property=\"og:image:type\" content=\"image\/webp\" \/>\n<meta name=\"author\" content=\"Andrei Welther\" \/>\n<meta name=\"twitter:card\" content=\"summary_large_image\" \/>\n<meta name=\"twitter:label1\" content=\"Scris de\" \/>\n\t<meta name=\"twitter:data1\" content=\"Andrei Welther\" \/>\n\t<meta name=\"twitter:label2\" content=\"Timp estimat pentru citire\" \/>\n\t<meta name=\"twitter:data2\" content=\"1 minut\" \/>\n<script type=\"application\/ld+json\" class=\"yoast-schema-graph\">{\"@context\":\"https:\/\/schema.org\",\"@graph\":[{\"@type\":\"WebPage\",\"@id\":\"https:\/\/welt-auto.ro\/bmw-vw-audi-amendate-de-coreea-de-sud-pentru-trucarea-emisiilor-diesel\/\",\"url\":\"https:\/\/welt-auto.ro\/bmw-vw-audi-amendate-de-coreea-de-sud-pentru-trucarea-emisiilor-diesel\/\",\"name\":\"BMW, VW, Audi, amendate de Coreea de Sud pentru trucarea emisiilor diesel - Un altfel de Blog Auto - Welt-auto.ro\",\"isPartOf\":{\"@id\":\"https:\/\/welt-auto.ro\/#website\"},\"primaryImageOfPage\":{\"@id\":\"https:\/\/welt-auto.ro\/bmw-vw-audi-amendate-de-coreea-de-sud-pentru-trucarea-emisiilor-diesel\/#primaryimage\"},\"image\":{\"@id\":\"https:\/\/welt-auto.ro\/bmw-vw-audi-amendate-de-coreea-de-sud-pentru-trucarea-emisiilor-diesel\/#primaryimage\"},\"thumbnailUrl\":\"https:\/\/welt-auto.ro\/file\/2023\/02\/Bmw-Audi-si-VW-diesel.webp\",\"datePublished\":\"2023-02-09T16:31:08+00:00\",\"dateModified\":\"2023-02-09T16:37:30+00:00\",\"author\":{\"@id\":\"https:\/\/welt-auto.ro\/#\/schema\/person\/69a640369c1548e5b5e04f610d3be559\"},\"breadcrumb\":{\"@id\":\"https:\/\/welt-auto.ro\/bmw-vw-audi-amendate-de-coreea-de-sud-pentru-trucarea-emisiilor-diesel\/#breadcrumb\"},\"inLanguage\":\"ro-RO\",\"potentialAction\":[{\"@type\":\"ReadAction\",\"target\":[\"https:\/\/welt-auto.ro\/bmw-vw-audi-amendate-de-coreea-de-sud-pentru-trucarea-emisiilor-diesel\/\"]}]},{\"@type\":\"ImageObject\",\"inLanguage\":\"ro-RO\",\"@id\":\"https:\/\/welt-auto.ro\/bmw-vw-audi-amendate-de-coreea-de-sud-pentru-trucarea-emisiilor-diesel\/#primaryimage\",\"url\":\"https:\/\/welt-auto.ro\/file\/2023\/02\/Bmw-Audi-si-VW-diesel.webp\",\"contentUrl\":\"https:\/\/welt-auto.ro\/file\/2023\/02\/Bmw-Audi-si-VW-diesel.webp\",\"width\":792,\"height\":475,\"caption\":\"Bmw Audi si VW diesel\"},{\"@type\":\"BreadcrumbList\",\"@id\":\"https:\/\/welt-auto.ro\/bmw-vw-audi-amendate-de-coreea-de-sud-pentru-trucarea-emisiilor-diesel\/#breadcrumb\",\"itemListElement\":[{\"@type\":\"ListItem\",\"position\":1,\"name\":\"Prima pagin\u0103\",\"item\":\"https:\/\/welt-auto.ro\/\"},{\"@type\":\"ListItem\",\"position\":2,\"name\":\"BMW, VW, Audi, amendate de Coreea de Sud pentru trucarea emisiilor diesel\"}]},{\"@type\":\"WebSite\",\"@id\":\"https:\/\/welt-auto.ro\/#website\",\"url\":\"https:\/\/welt-auto.ro\/\",\"name\":\"Un altfel de Blog Auto - Welt-auto.ro\",\"description\":\"Un altfel de blog auto -afla acum detalii din lumea auto\",\"potentialAction\":[{\"@type\":\"SearchAction\",\"target\":{\"@type\":\"EntryPoint\",\"urlTemplate\":\"https:\/\/welt-auto.ro\/?s={search_term_string}\"},\"query-input\":\"required name=search_term_string\"}],\"inLanguage\":\"ro-RO\"},{\"@type\":\"Person\",\"@id\":\"https:\/\/welt-auto.ro\/#\/schema\/person\/69a640369c1548e5b5e04f610d3be559\",\"name\":\"Andrei Welther\",\"image\":{\"@type\":\"ImageObject\",\"inLanguage\":\"ro-RO\",\"@id\":\"https:\/\/welt-auto.ro\/#\/schema\/person\/image\/\",\"url\":\"https:\/\/secure.gravatar.com\/avatar\/bd4a792415fb39fa51798d58ac2f37a43840d82d0caaa90a29f315aec4e6d416?s=96&d=mm&r=g\",\"contentUrl\":\"https:\/\/secure.gravatar.com\/avatar\/bd4a792415fb39fa51798d58ac2f37a43840d82d0caaa90a29f315aec4e6d416?s=96&d=mm&r=g\",\"caption\":\"Andrei Welther\"},\"sameAs\":[\"https:\/\/weltcars.com\"],\"url\":\"https:\/\/welt-auto.ro\/profile\/weltandrei\/\"}]}<\/script>\n<!-- \/ Yoast SEO plugin. -->","yoast_head_json":{"title":"BMW, VW, Audi, amendate de Coreea de Sud pentru trucarea emisiilor diesel - Un altfel de Blog Auto - Welt-auto.ro","robots":{"index":"index","follow":"follow","max-snippet":"max-snippet:-1","max-image-preview":"max-image-preview:large","max-video-preview":"max-video-preview:-1"},"canonical":"https:\/\/welt-auto.ro\/bmw-vw-audi-amendate-de-coreea-de-sud-pentru-trucarea-emisiilor-diesel\/","og_locale":"ro_RO","og_type":"article","og_title":"BMW, VW, Audi, amendate de Coreea de Sud pentru trucarea emisiilor diesel - Un altfel de Blog Auto - Welt-auto.ro","og_description":"SEOUL &#8211; Autoritatea de reglementare antitrust din Coreea de Sud a declarat c\u0103 va impune o amend\u0103 combinat\u0103 de 42,3 miliarde de woni (33,48 milioane de dolari) companiilor Mercedes-Benz, BMW, Volkswagen \u0219i Audi pentru c\u0103 s-au \u00een\u021beles s\u0103 manipuleze emisiile ma\u0219inilor sale diesel cu ajutorul unui software. Cei patru au fost implica\u021bi \u00eentr-o coluziune care [&hellip;]","og_url":"https:\/\/welt-auto.ro\/bmw-vw-audi-amendate-de-coreea-de-sud-pentru-trucarea-emisiilor-diesel\/","og_site_name":"Un altfel de Blog Auto - Welt-auto.ro","article_publisher":"https:\/\/www.facebook.com\/weltautor","article_published_time":"2023-02-09T16:31:08+00:00","article_modified_time":"2023-02-09T16:37:30+00:00","og_image":[{"width":792,"height":475,"url":"https:\/\/welt-auto.ro\/file\/2023\/02\/Bmw-Audi-si-VW-diesel.webp","type":"image\/webp"}],"author":"Andrei Welther","twitter_card":"summary_large_image","twitter_misc":{"Scris de":"Andrei Welther","Timp estimat pentru citire":"1 minut"},"schema":{"@context":"https:\/\/schema.org","@graph":[{"@type":"WebPage","@id":"https:\/\/welt-auto.ro\/bmw-vw-audi-amendate-de-coreea-de-sud-pentru-trucarea-emisiilor-diesel\/","url":"https:\/\/welt-auto.ro\/bmw-vw-audi-amendate-de-coreea-de-sud-pentru-trucarea-emisiilor-diesel\/","name":"BMW, VW, Audi, amendate de Coreea de Sud pentru trucarea emisiilor diesel - Un altfel de Blog Auto - Welt-auto.ro","isPartOf":{"@id":"https:\/\/welt-auto.ro\/#website"},"primaryImageOfPage":{"@id":"https:\/\/welt-auto.ro\/bmw-vw-audi-amendate-de-coreea-de-sud-pentru-trucarea-emisiilor-diesel\/#primaryimage"},"image":{"@id":"https:\/\/welt-auto.ro\/bmw-vw-audi-amendate-de-coreea-de-sud-pentru-trucarea-emisiilor-diesel\/#primaryimage"},"thumbnailUrl":"https:\/\/welt-auto.ro\/file\/2023\/02\/Bmw-Audi-si-VW-diesel.webp","datePublished":"2023-02-09T16:31:08+00:00","dateModified":"2023-02-09T16:37:30+00:00","author":{"@id":"https:\/\/welt-auto.ro\/#\/schema\/person\/69a640369c1548e5b5e04f610d3be559"},"breadcrumb":{"@id":"https:\/\/welt-auto.ro\/bmw-vw-audi-amendate-de-coreea-de-sud-pentru-trucarea-emisiilor-diesel\/#breadcrumb"},"inLanguage":"ro-RO","potentialAction":[{"@type":"ReadAction","target":["https:\/\/welt-auto.ro\/bmw-vw-audi-amendate-de-coreea-de-sud-pentru-trucarea-emisiilor-diesel\/"]}]},{"@type":"ImageObject","inLanguage":"ro-RO","@id":"https:\/\/welt-auto.ro\/bmw-vw-audi-amendate-de-coreea-de-sud-pentru-trucarea-emisiilor-diesel\/#primaryimage","url":"https:\/\/welt-auto.ro\/file\/2023\/02\/Bmw-Audi-si-VW-diesel.webp","contentUrl":"https:\/\/welt-auto.ro\/file\/2023\/02\/Bmw-Audi-si-VW-diesel.webp","width":792,"height":475,"caption":"Bmw Audi si VW diesel"},{"@type":"BreadcrumbList","@id":"https:\/\/welt-auto.ro\/bmw-vw-audi-amendate-de-coreea-de-sud-pentru-trucarea-emisiilor-diesel\/#breadcrumb","itemListElement":[{"@type":"ListItem","position":1,"name":"Prima pagin\u0103","item":"https:\/\/welt-auto.ro\/"},{"@type":"ListItem","position":2,"name":"BMW, VW, Audi, amendate de Coreea de Sud pentru trucarea emisiilor diesel"}]},{"@type":"WebSite","@id":"https:\/\/welt-auto.ro\/#website","url":"https:\/\/welt-auto.ro\/","name":"Un altfel de Blog Auto - Welt-auto.ro","description":"Un altfel de blog auto -afla acum detalii din lumea auto","potentialAction":[{"@type":"SearchAction","target":{"@type":"EntryPoint","urlTemplate":"https:\/\/welt-auto.ro\/?s={search_term_string}"},"query-input":"required name=search_term_string"}],"inLanguage":"ro-RO"},{"@type":"Person","@id":"https:\/\/welt-auto.ro\/#\/schema\/person\/69a640369c1548e5b5e04f610d3be559","name":"Andrei Welther","image":{"@type":"ImageObject","inLanguage":"ro-RO","@id":"https:\/\/welt-auto.ro\/#\/schema\/person\/image\/","url":"https:\/\/secure.gravatar.com\/avatar\/bd4a792415fb39fa51798d58ac2f37a43840d82d0caaa90a29f315aec4e6d416?s=96&d=mm&r=g","contentUrl":"https:\/\/secure.gravatar.com\/avatar\/bd4a792415fb39fa51798d58ac2f37a43840d82d0caaa90a29f315aec4e6d416?s=96&d=mm&r=g","caption":"Andrei Welther"},"sameAs":["https:\/\/weltcars.com"],"url":"https:\/\/welt-auto.ro\/profile\/weltandrei\/"}]}},"_links":{"self":[{"href":"https:\/\/welt-auto.ro\/rest\/wp\/v2\/posts\/973","targetHints":{"allow":["GET"]}}],"collection":[{"href":"https:\/\/welt-auto.ro\/rest\/wp\/v2\/posts"}],"about":[{"href":"https:\/\/welt-auto.ro\/rest\/wp\/v2\/types\/post"}],"author":[{"embeddable":true,"href":"https:\/\/welt-auto.ro\/rest\/wp\/v2\/users\/2"}],"replies":[{"embeddable":true,"href":"https:\/\/welt-auto.ro\/rest\/wp\/v2\/comments?post=973"}],"version-history":[{"count":1,"href":"https:\/\/welt-auto.ro\/rest\/wp\/v2\/posts\/973\/revisions"}],"predecessor-version":[{"id":975,"href":"https:\/\/welt-auto.ro\/rest\/wp\/v2\/posts\/973\/revisions\/975"}],"wp:featuredmedia":[{"embeddable":true,"href":"https:\/\/welt-auto.ro\/rest\/wp\/v2\/media\/974"}],"wp:attachment":[{"href":"https:\/\/welt-auto.ro\/rest\/wp\/v2\/media?parent=973"}],"wp:term":[{"taxonomy":"category","embeddable":true,"href":"https:\/\/welt-auto.ro\/rest\/wp\/v2\/categories?post=973"},{"taxonomy":"post_tag","embeddable":true,"href":"https:\/\/welt-auto.ro\/rest\/wp\/v2\/tags?post=973"}],"curies":[{"name":"wp","href":"https:\/\/api.w.org\/{rel}","templated":true}]}}