{"id":996,"date":"2023-02-11T12:36:45","date_gmt":"2023-02-11T12:36:45","guid":{"rendered":"https:\/\/welt-auto.ro\/?p=996"},"modified":"2023-02-11T12:36:53","modified_gmt":"2023-02-11T12:36:53","slug":"vw-va-accelera-trecerea-la-vehiculele-electrice-cadrul-unui-plan-pe-cinci-ani","status":"publish","type":"post","link":"https:\/\/welt-auto.ro\/vw-va-accelera-trecerea-la-vehiculele-electrice-cadrul-unui-plan-pe-cinci-ani\/","title":{"rendered":"VW va accelera trecerea la vehiculele electrice \u00een cadrul unui plan pe cinci ani"},"content":{"rendered":"<p><a href=\"https:\/\/welt-auto.ro\/file\/2023\/02\/Logo-Volkswagen.webp\"><img loading=\"lazy\" decoding=\"async\" class=\"aligncenter size-full wp-image-997\" src=\"https:\/\/welt-auto.ro\/file\/2023\/02\/Logo-Volkswagen.webp\" alt=\"Logo Volkswagen\" width=\"792\" height=\"475\" srcset=\"https:\/\/welt-auto.ro\/file\/2023\/02\/Logo-Volkswagen.webp 792w, https:\/\/welt-auto.ro\/file\/2023\/02\/Logo-Volkswagen-300x180.webp 300w, https:\/\/welt-auto.ro\/file\/2023\/02\/Logo-Volkswagen-768x461.webp 768w, https:\/\/welt-auto.ro\/file\/2023\/02\/Logo-Volkswagen-700x420.webp 700w, https:\/\/welt-auto.ro\/file\/2023\/02\/Logo-Volkswagen-640x384.webp 640w, https:\/\/welt-auto.ro\/file\/2023\/02\/Logo-Volkswagen-681x408.webp 681w\" sizes=\"auto, (max-width: 792px) 100vw, 792px\" \/><\/a><\/p>\n<p>BERLIN &#8211; Grupul Volkswagen va accelera trecerea la ma\u0219inile electrice \u0219i \u00ee\u0219i va moderniza strategia de software \u00eentr-un plan de investi\u021bii pe cinci ani prezentat vineri de conducere consiliului de supraveghere, a anun\u021bat vineri produc\u0103torul auto \u00eentr-un comunicat.<\/p>\n<p>Consiliul de supervizare al VW a discutat despre cum s\u0103 reorganizeze re\u021beaua de produc\u021bie a constructorului auto pentru a accelera trecerea la o conducere mai curat\u0103, se arat\u0103 \u00een comunicat, f\u0103r\u0103 a oferi detalii.<\/p>\n<p>Grupul VW, ale c\u0103rui m\u0103rci variaz\u0103 de la Audi \u0219i Porsche premium la VW \u0219i Skodas de mas\u0103, a analizat, de asemenea, cum s\u0103 remedieze o strategie software afectat\u0103 de \u00eent\u00e2rzieri \u0219i dep\u0103\u0219iri de costuri.<\/p>\n<p>Detaliile complete despre ceea ce s-a discutat vor fi prezentate la conferin\u021ba anual\u0103 a companiei pentru mass-media din 14 martie.<\/p>\n<p>Reuters a relatat mai devreme vineri c\u0103 membrii consiliului de administra\u021bie urmau s\u0103 discute la \u0219edin\u021ba de vineri dac\u0103 s\u0103 construiasc\u0103 o nou\u0103 fabric\u0103 pentru sedanul electric Trinity, o decizie despre care \u0219eful m\u0103rcii VW, Thomas Schaefer, a declarat \u00een decembrie c\u0103 va fi luat\u0103 \u00een aceast\u0103 lun\u0103.<\/p>\n<p>Declara\u021bia VW nu a precizat dac\u0103 planul, elaborat sub conducerea fostului director general Herbert Diess, va continua sau dac\u0103 va produce noua ma\u0219in\u0103 la principala sa uzin\u0103 din Wolfsburg, o idee lansat\u0103 de directori la sf\u00e2r\u0219itul anului trecut.<\/p>\n<p>De asemenea, consiliul de administra\u021bie ar urma s\u0103 discute ce modele noi ar putea fi produse la uzina VW din Hanovra, \u00een Germania, dup\u0103 ce produc\u021bia VW Bus 6.1 se va \u00eencheia, \u0219i la uzina sa din Osnabrueck, c\u0103reia i-ar putea fi atribuit un nou model Porsche, potrivit ziarului german de afaceri Handelsblatt, care citeaz\u0103 surse neidentificate.<\/p>\n<p>Angaja\u021bii se tem c\u0103 1.000 de locuri de munc\u0103 ar putea fi puse \u00een pericol la Hanovra dac\u0103 uzinei nu i se va aloca un nou model, potrivit ziarului, cit\u00e2nd surse apropiate for\u021bei de munc\u0103.<\/p>\n<p>Un purt\u0103tor de cuv\u00e2nt al comitetului de \u00eentreprindere a negat raportul Handelsblatt, spun\u00e2nd c\u0103 locurile de munc\u0103 din Hanovra sunt garantate \u00een cadrul unui acord cu compania p\u00e2n\u0103 \u00een 2029. &#8222;Va exista o solu\u021bie viabil\u0103 pentru Hanovra&#8221;, a declarat purt\u0103torul de cuv\u00e2nt.<\/p>\n<p>Runda de planificare a fost prima de c\u00e2nd \u0219eful Porsche, Oliver Blume, i-a succedat lui Diess \u00een func\u021bia de director general al grupului VW \u00een toamna anului trecut \u0219i a am\u00e2nat \u00eent\u00e2lnirea de la data planificat\u0103 ini\u021bial \u00een noiembrie.<\/p>\n<p>Blume a m\u0103turat planurile strategice ale constructorului auto de c\u00e2nd a preluat conducerea pentru a ra\u021bionaliza opera\u021biunile acestuia, un contrast fa\u021b\u0103 de Diess, care era cunoscut pentru planurile ambi\u021bioase, dar criticat de unii, inclusiv de comitetul de \u00eentreprindere, pentru lipsa unei execu\u021bii clare.<\/p>\n","protected":false},"excerpt":{"rendered":"<p>BERLIN &#8211; Grupul Volkswagen va accelera trecerea la ma\u0219inile electrice \u0219i \u00ee\u0219i va moderniza strategia de software \u00eentr-un plan de investi\u021bii pe cinci ani prezentat vineri de conducere consiliului de supraveghere, a anun\u021bat vineri produc\u0103torul auto \u00eentr-un comunicat. Consiliul de supervizare al VW a discutat despre cum s\u0103 reorganizeze re\u021beaua de produc\u021bie a constructorului auto [&hellip;]<\/p>\n","protected":false},"author":2,"featured_media":997,"comment_status":"open","ping_status":"open","sticky":false,"template":"","format":"standard","meta":{"footnotes":""},"categories":[17],"tags":[91,147],"class_list":["post-996","post","type-post","status-publish","format-standard","has-post-thumbnail","hentry","category-modele-noi-auto","tag-masini-electrice","tag-volkswagen"],"yoast_head":"<!-- This site is optimized with the Yoast SEO plugin v23.1 - https:\/\/yoast.com\/wordpress\/plugins\/seo\/ -->\n<title>VW va accelera trecerea la vehiculele electrice \u00een cadrul unui plan pe cinci ani - Un altfel de Blog Auto - Welt-auto.ro<\/title>\n<meta name=\"robots\" content=\"index, follow, max-snippet:-1, max-image-preview:large, max-video-preview:-1\" \/>\n<link rel=\"canonical\" href=\"https:\/\/welt-auto.ro\/vw-va-accelera-trecerea-la-vehiculele-electrice-cadrul-unui-plan-pe-cinci-ani\/\" \/>\n<meta property=\"og:locale\" content=\"ro_RO\" \/>\n<meta property=\"og:type\" content=\"article\" \/>\n<meta property=\"og:title\" content=\"VW va accelera trecerea la vehiculele electrice \u00een cadrul unui plan pe cinci ani - Un altfel de Blog Auto - Welt-auto.ro\" \/>\n<meta property=\"og:description\" content=\"BERLIN &#8211; Grupul Volkswagen va accelera trecerea la ma\u0219inile electrice \u0219i \u00ee\u0219i va moderniza strategia de software \u00eentr-un plan de investi\u021bii pe cinci ani prezentat vineri de conducere consiliului de supraveghere, a anun\u021bat vineri produc\u0103torul auto \u00eentr-un comunicat. Consiliul de supervizare al VW a discutat despre cum s\u0103 reorganizeze re\u021beaua de produc\u021bie a constructorului auto [&hellip;]\" \/>\n<meta property=\"og:url\" content=\"https:\/\/welt-auto.ro\/vw-va-accelera-trecerea-la-vehiculele-electrice-cadrul-unui-plan-pe-cinci-ani\/\" \/>\n<meta property=\"og:site_name\" content=\"Un altfel de Blog Auto - Welt-auto.ro\" \/>\n<meta property=\"article:publisher\" content=\"https:\/\/www.facebook.com\/weltautor\" \/>\n<meta property=\"article:published_time\" content=\"2023-02-11T12:36:45+00:00\" \/>\n<meta property=\"article:modified_time\" content=\"2023-02-11T12:36:53+00:00\" \/>\n<meta property=\"og:image\" content=\"https:\/\/welt-auto.ro\/file\/2023\/02\/Logo-Volkswagen.webp\" \/>\n\t<meta property=\"og:image:width\" content=\"792\" \/>\n\t<meta property=\"og:image:height\" content=\"475\" \/>\n\t<meta property=\"og:image:type\" content=\"image\/webp\" \/>\n<meta name=\"author\" content=\"Andrei Welther\" \/>\n<meta name=\"twitter:card\" content=\"summary_large_image\" \/>\n<meta name=\"twitter:label1\" content=\"Scris de\" \/>\n\t<meta name=\"twitter:data1\" content=\"Andrei Welther\" \/>\n\t<meta name=\"twitter:label2\" content=\"Timp estimat pentru citire\" \/>\n\t<meta name=\"twitter:data2\" content=\"2 minute\" \/>\n<script type=\"application\/ld+json\" class=\"yoast-schema-graph\">{\"@context\":\"https:\/\/schema.org\",\"@graph\":[{\"@type\":\"WebPage\",\"@id\":\"https:\/\/welt-auto.ro\/vw-va-accelera-trecerea-la-vehiculele-electrice-cadrul-unui-plan-pe-cinci-ani\/\",\"url\":\"https:\/\/welt-auto.ro\/vw-va-accelera-trecerea-la-vehiculele-electrice-cadrul-unui-plan-pe-cinci-ani\/\",\"name\":\"VW va accelera trecerea la vehiculele electrice \u00een cadrul unui plan pe cinci ani - Un altfel de Blog Auto - Welt-auto.ro\",\"isPartOf\":{\"@id\":\"https:\/\/welt-auto.ro\/#website\"},\"primaryImageOfPage\":{\"@id\":\"https:\/\/welt-auto.ro\/vw-va-accelera-trecerea-la-vehiculele-electrice-cadrul-unui-plan-pe-cinci-ani\/#primaryimage\"},\"image\":{\"@id\":\"https:\/\/welt-auto.ro\/vw-va-accelera-trecerea-la-vehiculele-electrice-cadrul-unui-plan-pe-cinci-ani\/#primaryimage\"},\"thumbnailUrl\":\"https:\/\/welt-auto.ro\/file\/2023\/02\/Logo-Volkswagen.webp\",\"datePublished\":\"2023-02-11T12:36:45+00:00\",\"dateModified\":\"2023-02-11T12:36:53+00:00\",\"author\":{\"@id\":\"https:\/\/welt-auto.ro\/#\/schema\/person\/69a640369c1548e5b5e04f610d3be559\"},\"breadcrumb\":{\"@id\":\"https:\/\/welt-auto.ro\/vw-va-accelera-trecerea-la-vehiculele-electrice-cadrul-unui-plan-pe-cinci-ani\/#breadcrumb\"},\"inLanguage\":\"ro-RO\",\"potentialAction\":[{\"@type\":\"ReadAction\",\"target\":[\"https:\/\/welt-auto.ro\/vw-va-accelera-trecerea-la-vehiculele-electrice-cadrul-unui-plan-pe-cinci-ani\/\"]}]},{\"@type\":\"ImageObject\",\"inLanguage\":\"ro-RO\",\"@id\":\"https:\/\/welt-auto.ro\/vw-va-accelera-trecerea-la-vehiculele-electrice-cadrul-unui-plan-pe-cinci-ani\/#primaryimage\",\"url\":\"https:\/\/welt-auto.ro\/file\/2023\/02\/Logo-Volkswagen.webp\",\"contentUrl\":\"https:\/\/welt-auto.ro\/file\/2023\/02\/Logo-Volkswagen.webp\",\"width\":792,\"height\":475,\"caption\":\"Logo Volkswagen\"},{\"@type\":\"BreadcrumbList\",\"@id\":\"https:\/\/welt-auto.ro\/vw-va-accelera-trecerea-la-vehiculele-electrice-cadrul-unui-plan-pe-cinci-ani\/#breadcrumb\",\"itemListElement\":[{\"@type\":\"ListItem\",\"position\":1,\"name\":\"Prima pagin\u0103\",\"item\":\"https:\/\/welt-auto.ro\/\"},{\"@type\":\"ListItem\",\"position\":2,\"name\":\"VW va accelera trecerea la vehiculele electrice \u00een cadrul unui plan pe cinci ani\"}]},{\"@type\":\"WebSite\",\"@id\":\"https:\/\/welt-auto.ro\/#website\",\"url\":\"https:\/\/welt-auto.ro\/\",\"name\":\"Un altfel de Blog Auto - Welt-auto.ro\",\"description\":\"Un altfel de blog auto -afla acum detalii din lumea auto\",\"potentialAction\":[{\"@type\":\"SearchAction\",\"target\":{\"@type\":\"EntryPoint\",\"urlTemplate\":\"https:\/\/welt-auto.ro\/?s={search_term_string}\"},\"query-input\":\"required name=search_term_string\"}],\"inLanguage\":\"ro-RO\"},{\"@type\":\"Person\",\"@id\":\"https:\/\/welt-auto.ro\/#\/schema\/person\/69a640369c1548e5b5e04f610d3be559\",\"name\":\"Andrei Welther\",\"image\":{\"@type\":\"ImageObject\",\"inLanguage\":\"ro-RO\",\"@id\":\"https:\/\/welt-auto.ro\/#\/schema\/person\/image\/\",\"url\":\"https:\/\/secure.gravatar.com\/avatar\/bd4a792415fb39fa51798d58ac2f37a43840d82d0caaa90a29f315aec4e6d416?s=96&d=mm&r=g\",\"contentUrl\":\"https:\/\/secure.gravatar.com\/avatar\/bd4a792415fb39fa51798d58ac2f37a43840d82d0caaa90a29f315aec4e6d416?s=96&d=mm&r=g\",\"caption\":\"Andrei Welther\"},\"sameAs\":[\"https:\/\/weltcars.com\"],\"url\":\"https:\/\/welt-auto.ro\/profile\/weltandrei\/\"}]}<\/script>\n<!-- \/ Yoast SEO plugin. -->","yoast_head_json":{"title":"VW va accelera trecerea la vehiculele electrice \u00een cadrul unui plan pe cinci ani - Un altfel de Blog Auto - Welt-auto.ro","robots":{"index":"index","follow":"follow","max-snippet":"max-snippet:-1","max-image-preview":"max-image-preview:large","max-video-preview":"max-video-preview:-1"},"canonical":"https:\/\/welt-auto.ro\/vw-va-accelera-trecerea-la-vehiculele-electrice-cadrul-unui-plan-pe-cinci-ani\/","og_locale":"ro_RO","og_type":"article","og_title":"VW va accelera trecerea la vehiculele electrice \u00een cadrul unui plan pe cinci ani - Un altfel de Blog Auto - Welt-auto.ro","og_description":"BERLIN &#8211; Grupul Volkswagen va accelera trecerea la ma\u0219inile electrice \u0219i \u00ee\u0219i va moderniza strategia de software \u00eentr-un plan de investi\u021bii pe cinci ani prezentat vineri de conducere consiliului de supraveghere, a anun\u021bat vineri produc\u0103torul auto \u00eentr-un comunicat. Consiliul de supervizare al VW a discutat despre cum s\u0103 reorganizeze re\u021beaua de produc\u021bie a constructorului auto [&hellip;]","og_url":"https:\/\/welt-auto.ro\/vw-va-accelera-trecerea-la-vehiculele-electrice-cadrul-unui-plan-pe-cinci-ani\/","og_site_name":"Un altfel de Blog Auto - Welt-auto.ro","article_publisher":"https:\/\/www.facebook.com\/weltautor","article_published_time":"2023-02-11T12:36:45+00:00","article_modified_time":"2023-02-11T12:36:53+00:00","og_image":[{"width":792,"height":475,"url":"https:\/\/welt-auto.ro\/file\/2023\/02\/Logo-Volkswagen.webp","type":"image\/webp"}],"author":"Andrei Welther","twitter_card":"summary_large_image","twitter_misc":{"Scris de":"Andrei Welther","Timp estimat pentru citire":"2 minute"},"schema":{"@context":"https:\/\/schema.org","@graph":[{"@type":"WebPage","@id":"https:\/\/welt-auto.ro\/vw-va-accelera-trecerea-la-vehiculele-electrice-cadrul-unui-plan-pe-cinci-ani\/","url":"https:\/\/welt-auto.ro\/vw-va-accelera-trecerea-la-vehiculele-electrice-cadrul-unui-plan-pe-cinci-ani\/","name":"VW va accelera trecerea la vehiculele electrice \u00een cadrul unui plan pe cinci ani - Un altfel de Blog Auto - Welt-auto.ro","isPartOf":{"@id":"https:\/\/welt-auto.ro\/#website"},"primaryImageOfPage":{"@id":"https:\/\/welt-auto.ro\/vw-va-accelera-trecerea-la-vehiculele-electrice-cadrul-unui-plan-pe-cinci-ani\/#primaryimage"},"image":{"@id":"https:\/\/welt-auto.ro\/vw-va-accelera-trecerea-la-vehiculele-electrice-cadrul-unui-plan-pe-cinci-ani\/#primaryimage"},"thumbnailUrl":"https:\/\/welt-auto.ro\/file\/2023\/02\/Logo-Volkswagen.webp","datePublished":"2023-02-11T12:36:45+00:00","dateModified":"2023-02-11T12:36:53+00:00","author":{"@id":"https:\/\/welt-auto.ro\/#\/schema\/person\/69a640369c1548e5b5e04f610d3be559"},"breadcrumb":{"@id":"https:\/\/welt-auto.ro\/vw-va-accelera-trecerea-la-vehiculele-electrice-cadrul-unui-plan-pe-cinci-ani\/#breadcrumb"},"inLanguage":"ro-RO","potentialAction":[{"@type":"ReadAction","target":["https:\/\/welt-auto.ro\/vw-va-accelera-trecerea-la-vehiculele-electrice-cadrul-unui-plan-pe-cinci-ani\/"]}]},{"@type":"ImageObject","inLanguage":"ro-RO","@id":"https:\/\/welt-auto.ro\/vw-va-accelera-trecerea-la-vehiculele-electrice-cadrul-unui-plan-pe-cinci-ani\/#primaryimage","url":"https:\/\/welt-auto.ro\/file\/2023\/02\/Logo-Volkswagen.webp","contentUrl":"https:\/\/welt-auto.ro\/file\/2023\/02\/Logo-Volkswagen.webp","width":792,"height":475,"caption":"Logo Volkswagen"},{"@type":"BreadcrumbList","@id":"https:\/\/welt-auto.ro\/vw-va-accelera-trecerea-la-vehiculele-electrice-cadrul-unui-plan-pe-cinci-ani\/#breadcrumb","itemListElement":[{"@type":"ListItem","position":1,"name":"Prima pagin\u0103","item":"https:\/\/welt-auto.ro\/"},{"@type":"ListItem","position":2,"name":"VW va accelera trecerea la vehiculele electrice \u00een cadrul unui plan pe cinci ani"}]},{"@type":"WebSite","@id":"https:\/\/welt-auto.ro\/#website","url":"https:\/\/welt-auto.ro\/","name":"Un altfel de Blog Auto - Welt-auto.ro","description":"Un altfel de blog auto -afla acum detalii din lumea auto","potentialAction":[{"@type":"SearchAction","target":{"@type":"EntryPoint","urlTemplate":"https:\/\/welt-auto.ro\/?s={search_term_string}"},"query-input":"required name=search_term_string"}],"inLanguage":"ro-RO"},{"@type":"Person","@id":"https:\/\/welt-auto.ro\/#\/schema\/person\/69a640369c1548e5b5e04f610d3be559","name":"Andrei Welther","image":{"@type":"ImageObject","inLanguage":"ro-RO","@id":"https:\/\/welt-auto.ro\/#\/schema\/person\/image\/","url":"https:\/\/secure.gravatar.com\/avatar\/bd4a792415fb39fa51798d58ac2f37a43840d82d0caaa90a29f315aec4e6d416?s=96&d=mm&r=g","contentUrl":"https:\/\/secure.gravatar.com\/avatar\/bd4a792415fb39fa51798d58ac2f37a43840d82d0caaa90a29f315aec4e6d416?s=96&d=mm&r=g","caption":"Andrei Welther"},"sameAs":["https:\/\/weltcars.com"],"url":"https:\/\/welt-auto.ro\/profile\/weltandrei\/"}]}},"_links":{"self":[{"href":"https:\/\/welt-auto.ro\/rest\/wp\/v2\/posts\/996","targetHints":{"allow":["GET"]}}],"collection":[{"href":"https:\/\/welt-auto.ro\/rest\/wp\/v2\/posts"}],"about":[{"href":"https:\/\/welt-auto.ro\/rest\/wp\/v2\/types\/post"}],"author":[{"embeddable":true,"href":"https:\/\/welt-auto.ro\/rest\/wp\/v2\/users\/2"}],"replies":[{"embeddable":true,"href":"https:\/\/welt-auto.ro\/rest\/wp\/v2\/comments?post=996"}],"version-history":[{"count":1,"href":"https:\/\/welt-auto.ro\/rest\/wp\/v2\/posts\/996\/revisions"}],"predecessor-version":[{"id":998,"href":"https:\/\/welt-auto.ro\/rest\/wp\/v2\/posts\/996\/revisions\/998"}],"wp:featuredmedia":[{"embeddable":true,"href":"https:\/\/welt-auto.ro\/rest\/wp\/v2\/media\/997"}],"wp:attachment":[{"href":"https:\/\/welt-auto.ro\/rest\/wp\/v2\/media?parent=996"}],"wp:term":[{"taxonomy":"category","embeddable":true,"href":"https:\/\/welt-auto.ro\/rest\/wp\/v2\/categories?post=996"},{"taxonomy":"post_tag","embeddable":true,"href":"https:\/\/welt-auto.ro\/rest\/wp\/v2\/tags?post=996"}],"curies":[{"name":"wp","href":"https:\/\/api.w.org\/{rel}","templated":true}]}}