{"id":999,"date":"2023-02-11T12:42:39","date_gmt":"2023-02-11T12:42:39","guid":{"rendered":"https:\/\/welt-auto.ro\/?p=999"},"modified":"2023-02-11T12:42:50","modified_gmt":"2023-02-11T12:42:50","slug":"urmariti-trailerul-pentru-fast-x-chiar-aici","status":"publish","type":"post","link":"https:\/\/welt-auto.ro\/urmariti-trailerul-pentru-fast-x-chiar-aici\/","title":{"rendered":"Urm\u0103ri\u021bi trailerul pentru Fast X chiar aici"},"content":{"rendered":"<p><iframe loading=\"lazy\" title=\"YouTube video player\" src=\"https:\/\/www.youtube.com\/embed\/32RAq6JzY-w\" width=\"560\" height=\"315\" frameborder=\"0\" allowfullscreen=\"allowfullscreen\"><\/iframe><\/p>\n<p>Primul trailer pentru Fast X, cel de-al zecelea film din seria Fast &amp; Furious, a ap\u0103rut \u00een sf\u00e2r\u0219it. Filmul arat\u0103 chiar mai ridicol \u0219i mai exagerat dec\u00e2t ne-am fi a\u0219teptat vreodat\u0103.<\/p>\n<p>Fast X este prima parte a unei serii de filme \u00een dou\u0103 p\u0103r\u021bi care prezint\u0103 finalul francizei Fast. Vin Diesel, Michelle Rodriguez, Tyrese Gibson, John Cena, Jason Statham \u0219i Ludacris revin \u00een rolurile principale, \u00een timp ce Jason Momoa, starul din Aquaman, \u00ee\u0219i face prima apari\u021bie \u00een seria Fast \u00een rolul principalului r\u0103uf\u0103c\u0103tor, Dante. Printre al\u021bi actori nou-veni\u021bi se num\u0103r\u0103 Brie Larson \u0219i Rita Moreno.<\/p>\n<p>&#8222;Am fost at\u00e2t de binecuv\u00e2ntat s\u0103 fac parte din aceast\u0103 familie&#8221;, a declarat Diesel \u00een fa\u021ba publicului la premiera trailerului de joi sear\u0103. &#8222;Sunte\u021bi cu adev\u0103rat, \u0219i o spun din suflet, cei mai buni fani la care orice film ar putea visa vreodat\u0103. Ne-a\u021bi permis s\u0103 fim familia voastr\u0103. Abia a\u0219tept s\u0103 vede\u021bi asta&#8221;.<\/p>\n<p>Spre surprinderea nim\u0103nui, trailerul Fast X este plin de familie \u0219i ma\u0219ini rapide. Intriga, care pare s\u0103 se bazeze pe evenimentele care au avut loc \u00een Fast Five, \u00eel arat\u0103 pe r\u0103uf\u0103c\u0103torul Dante \u00eencerc\u00e2nd s\u0103 destrame familia lui Dom, merg\u00e2nd p\u00e2n\u0103 la a-i r\u0103pi copilul. Exist\u0103 numeroase secven\u021be de ac\u021biune \u0219i de lupt\u0103, cu multe imagini cu Diesel conduc\u00e2nd Dodge Chargers.<\/p>\n<p>Fast X se lanseaz\u0103 \u00een primele cinematografe pe 19 mai 2023.<\/p>\n","protected":false},"excerpt":{"rendered":"<p>Primul trailer pentru Fast X, cel de-al zecelea film din seria Fast &amp; Furious, a ap\u0103rut \u00een sf\u00e2r\u0219it. Filmul arat\u0103 chiar mai ridicol \u0219i mai exagerat dec\u00e2t ne-am fi a\u0219teptat vreodat\u0103. Fast X este prima parte a unei serii de filme \u00een dou\u0103 p\u0103r\u021bi care prezint\u0103 finalul francizei Fast. Vin Diesel, Michelle Rodriguez, Tyrese Gibson, [&hellip;]<\/p>\n","protected":false},"author":2,"featured_media":1000,"comment_status":"open","ping_status":"open","sticky":false,"template":"","format":"standard","meta":{"footnotes":""},"categories":[17],"tags":[268,267,269],"class_list":["post-999","post","type-post","status-publish","format-standard","has-post-thumbnail","hentry","category-modele-noi-auto","tag-fast-furious","tag-fast-x","tag-filme"],"yoast_head":"<!-- This site is optimized with the Yoast SEO plugin v23.1 - https:\/\/yoast.com\/wordpress\/plugins\/seo\/ -->\n<title>Urm\u0103ri\u021bi trailerul pentru Fast X chiar aici - Un altfel de Blog Auto - Welt-auto.ro<\/title>\n<meta name=\"robots\" content=\"index, follow, max-snippet:-1, max-image-preview:large, max-video-preview:-1\" \/>\n<link rel=\"canonical\" href=\"https:\/\/welt-auto.ro\/urmariti-trailerul-pentru-fast-x-chiar-aici\/\" \/>\n<meta property=\"og:locale\" content=\"ro_RO\" \/>\n<meta property=\"og:type\" content=\"article\" \/>\n<meta property=\"og:title\" content=\"Urm\u0103ri\u021bi trailerul pentru Fast X chiar aici - Un altfel de Blog Auto - Welt-auto.ro\" \/>\n<meta property=\"og:description\" content=\"Primul trailer pentru Fast X, cel de-al zecelea film din seria Fast &amp; Furious, a ap\u0103rut \u00een sf\u00e2r\u0219it. Filmul arat\u0103 chiar mai ridicol \u0219i mai exagerat dec\u00e2t ne-am fi a\u0219teptat vreodat\u0103. Fast X este prima parte a unei serii de filme \u00een dou\u0103 p\u0103r\u021bi care prezint\u0103 finalul francizei Fast. Vin Diesel, Michelle Rodriguez, Tyrese Gibson, [&hellip;]\" \/>\n<meta property=\"og:url\" content=\"https:\/\/welt-auto.ro\/urmariti-trailerul-pentru-fast-x-chiar-aici\/\" \/>\n<meta property=\"og:site_name\" content=\"Un altfel de Blog Auto - Welt-auto.ro\" \/>\n<meta property=\"article:publisher\" content=\"https:\/\/www.facebook.com\/weltautor\" \/>\n<meta property=\"article:published_time\" content=\"2023-02-11T12:42:39+00:00\" \/>\n<meta property=\"article:modified_time\" content=\"2023-02-11T12:42:50+00:00\" \/>\n<meta property=\"og:image\" content=\"https:\/\/welt-auto.ro\/file\/2023\/02\/Fast-X-trailer.jpg\" \/>\n\t<meta property=\"og:image:width\" content=\"1280\" \/>\n\t<meta property=\"og:image:height\" content=\"720\" \/>\n\t<meta property=\"og:image:type\" content=\"image\/jpeg\" \/>\n<meta name=\"author\" content=\"Andrei Welther\" \/>\n<meta name=\"twitter:card\" content=\"summary_large_image\" \/>\n<meta name=\"twitter:label1\" content=\"Scris de\" \/>\n\t<meta name=\"twitter:data1\" content=\"Andrei Welther\" \/>\n\t<meta name=\"twitter:label2\" content=\"Timp estimat pentru citire\" \/>\n\t<meta name=\"twitter:data2\" content=\"1 minut\" \/>\n<script type=\"application\/ld+json\" class=\"yoast-schema-graph\">{\"@context\":\"https:\/\/schema.org\",\"@graph\":[{\"@type\":\"WebPage\",\"@id\":\"https:\/\/welt-auto.ro\/urmariti-trailerul-pentru-fast-x-chiar-aici\/\",\"url\":\"https:\/\/welt-auto.ro\/urmariti-trailerul-pentru-fast-x-chiar-aici\/\",\"name\":\"Urm\u0103ri\u021bi trailerul pentru Fast X chiar aici - Un altfel de Blog Auto - Welt-auto.ro\",\"isPartOf\":{\"@id\":\"https:\/\/welt-auto.ro\/#website\"},\"primaryImageOfPage\":{\"@id\":\"https:\/\/welt-auto.ro\/urmariti-trailerul-pentru-fast-x-chiar-aici\/#primaryimage\"},\"image\":{\"@id\":\"https:\/\/welt-auto.ro\/urmariti-trailerul-pentru-fast-x-chiar-aici\/#primaryimage\"},\"thumbnailUrl\":\"https:\/\/welt-auto.ro\/file\/2023\/02\/Fast-X-trailer.jpg\",\"datePublished\":\"2023-02-11T12:42:39+00:00\",\"dateModified\":\"2023-02-11T12:42:50+00:00\",\"author\":{\"@id\":\"https:\/\/welt-auto.ro\/#\/schema\/person\/69a640369c1548e5b5e04f610d3be559\"},\"breadcrumb\":{\"@id\":\"https:\/\/welt-auto.ro\/urmariti-trailerul-pentru-fast-x-chiar-aici\/#breadcrumb\"},\"inLanguage\":\"ro-RO\",\"potentialAction\":[{\"@type\":\"ReadAction\",\"target\":[\"https:\/\/welt-auto.ro\/urmariti-trailerul-pentru-fast-x-chiar-aici\/\"]}]},{\"@type\":\"ImageObject\",\"inLanguage\":\"ro-RO\",\"@id\":\"https:\/\/welt-auto.ro\/urmariti-trailerul-pentru-fast-x-chiar-aici\/#primaryimage\",\"url\":\"https:\/\/welt-auto.ro\/file\/2023\/02\/Fast-X-trailer.jpg\",\"contentUrl\":\"https:\/\/welt-auto.ro\/file\/2023\/02\/Fast-X-trailer.jpg\",\"width\":1280,\"height\":720,\"caption\":\"Fast X trailer\"},{\"@type\":\"BreadcrumbList\",\"@id\":\"https:\/\/welt-auto.ro\/urmariti-trailerul-pentru-fast-x-chiar-aici\/#breadcrumb\",\"itemListElement\":[{\"@type\":\"ListItem\",\"position\":1,\"name\":\"Prima pagin\u0103\",\"item\":\"https:\/\/welt-auto.ro\/\"},{\"@type\":\"ListItem\",\"position\":2,\"name\":\"Urm\u0103ri\u021bi trailerul pentru Fast X chiar aici\"}]},{\"@type\":\"WebSite\",\"@id\":\"https:\/\/welt-auto.ro\/#website\",\"url\":\"https:\/\/welt-auto.ro\/\",\"name\":\"Un altfel de Blog Auto - Welt-auto.ro\",\"description\":\"Un altfel de blog auto -afla acum detalii din lumea auto\",\"potentialAction\":[{\"@type\":\"SearchAction\",\"target\":{\"@type\":\"EntryPoint\",\"urlTemplate\":\"https:\/\/welt-auto.ro\/?s={search_term_string}\"},\"query-input\":\"required name=search_term_string\"}],\"inLanguage\":\"ro-RO\"},{\"@type\":\"Person\",\"@id\":\"https:\/\/welt-auto.ro\/#\/schema\/person\/69a640369c1548e5b5e04f610d3be559\",\"name\":\"Andrei Welther\",\"image\":{\"@type\":\"ImageObject\",\"inLanguage\":\"ro-RO\",\"@id\":\"https:\/\/welt-auto.ro\/#\/schema\/person\/image\/\",\"url\":\"https:\/\/secure.gravatar.com\/avatar\/bd4a792415fb39fa51798d58ac2f37a43840d82d0caaa90a29f315aec4e6d416?s=96&d=mm&r=g\",\"contentUrl\":\"https:\/\/secure.gravatar.com\/avatar\/bd4a792415fb39fa51798d58ac2f37a43840d82d0caaa90a29f315aec4e6d416?s=96&d=mm&r=g\",\"caption\":\"Andrei Welther\"},\"sameAs\":[\"https:\/\/weltcars.com\"],\"url\":\"https:\/\/welt-auto.ro\/profile\/weltandrei\/\"}]}<\/script>\n<!-- \/ Yoast SEO plugin. -->","yoast_head_json":{"title":"Urm\u0103ri\u021bi trailerul pentru Fast X chiar aici - Un altfel de Blog Auto - Welt-auto.ro","robots":{"index":"index","follow":"follow","max-snippet":"max-snippet:-1","max-image-preview":"max-image-preview:large","max-video-preview":"max-video-preview:-1"},"canonical":"https:\/\/welt-auto.ro\/urmariti-trailerul-pentru-fast-x-chiar-aici\/","og_locale":"ro_RO","og_type":"article","og_title":"Urm\u0103ri\u021bi trailerul pentru Fast X chiar aici - Un altfel de Blog Auto - Welt-auto.ro","og_description":"Primul trailer pentru Fast X, cel de-al zecelea film din seria Fast &amp; Furious, a ap\u0103rut \u00een sf\u00e2r\u0219it. Filmul arat\u0103 chiar mai ridicol \u0219i mai exagerat dec\u00e2t ne-am fi a\u0219teptat vreodat\u0103. Fast X este prima parte a unei serii de filme \u00een dou\u0103 p\u0103r\u021bi care prezint\u0103 finalul francizei Fast. Vin Diesel, Michelle Rodriguez, Tyrese Gibson, [&hellip;]","og_url":"https:\/\/welt-auto.ro\/urmariti-trailerul-pentru-fast-x-chiar-aici\/","og_site_name":"Un altfel de Blog Auto - Welt-auto.ro","article_publisher":"https:\/\/www.facebook.com\/weltautor","article_published_time":"2023-02-11T12:42:39+00:00","article_modified_time":"2023-02-11T12:42:50+00:00","og_image":[{"width":1280,"height":720,"url":"https:\/\/welt-auto.ro\/file\/2023\/02\/Fast-X-trailer.jpg","type":"image\/jpeg"}],"author":"Andrei Welther","twitter_card":"summary_large_image","twitter_misc":{"Scris de":"Andrei Welther","Timp estimat pentru citire":"1 minut"},"schema":{"@context":"https:\/\/schema.org","@graph":[{"@type":"WebPage","@id":"https:\/\/welt-auto.ro\/urmariti-trailerul-pentru-fast-x-chiar-aici\/","url":"https:\/\/welt-auto.ro\/urmariti-trailerul-pentru-fast-x-chiar-aici\/","name":"Urm\u0103ri\u021bi trailerul pentru Fast X chiar aici - Un altfel de Blog Auto - Welt-auto.ro","isPartOf":{"@id":"https:\/\/welt-auto.ro\/#website"},"primaryImageOfPage":{"@id":"https:\/\/welt-auto.ro\/urmariti-trailerul-pentru-fast-x-chiar-aici\/#primaryimage"},"image":{"@id":"https:\/\/welt-auto.ro\/urmariti-trailerul-pentru-fast-x-chiar-aici\/#primaryimage"},"thumbnailUrl":"https:\/\/welt-auto.ro\/file\/2023\/02\/Fast-X-trailer.jpg","datePublished":"2023-02-11T12:42:39+00:00","dateModified":"2023-02-11T12:42:50+00:00","author":{"@id":"https:\/\/welt-auto.ro\/#\/schema\/person\/69a640369c1548e5b5e04f610d3be559"},"breadcrumb":{"@id":"https:\/\/welt-auto.ro\/urmariti-trailerul-pentru-fast-x-chiar-aici\/#breadcrumb"},"inLanguage":"ro-RO","potentialAction":[{"@type":"ReadAction","target":["https:\/\/welt-auto.ro\/urmariti-trailerul-pentru-fast-x-chiar-aici\/"]}]},{"@type":"ImageObject","inLanguage":"ro-RO","@id":"https:\/\/welt-auto.ro\/urmariti-trailerul-pentru-fast-x-chiar-aici\/#primaryimage","url":"https:\/\/welt-auto.ro\/file\/2023\/02\/Fast-X-trailer.jpg","contentUrl":"https:\/\/welt-auto.ro\/file\/2023\/02\/Fast-X-trailer.jpg","width":1280,"height":720,"caption":"Fast X trailer"},{"@type":"BreadcrumbList","@id":"https:\/\/welt-auto.ro\/urmariti-trailerul-pentru-fast-x-chiar-aici\/#breadcrumb","itemListElement":[{"@type":"ListItem","position":1,"name":"Prima pagin\u0103","item":"https:\/\/welt-auto.ro\/"},{"@type":"ListItem","position":2,"name":"Urm\u0103ri\u021bi trailerul pentru Fast X chiar aici"}]},{"@type":"WebSite","@id":"https:\/\/welt-auto.ro\/#website","url":"https:\/\/welt-auto.ro\/","name":"Un altfel de Blog Auto - Welt-auto.ro","description":"Un altfel de blog auto -afla acum detalii din lumea auto","potentialAction":[{"@type":"SearchAction","target":{"@type":"EntryPoint","urlTemplate":"https:\/\/welt-auto.ro\/?s={search_term_string}"},"query-input":"required name=search_term_string"}],"inLanguage":"ro-RO"},{"@type":"Person","@id":"https:\/\/welt-auto.ro\/#\/schema\/person\/69a640369c1548e5b5e04f610d3be559","name":"Andrei Welther","image":{"@type":"ImageObject","inLanguage":"ro-RO","@id":"https:\/\/welt-auto.ro\/#\/schema\/person\/image\/","url":"https:\/\/secure.gravatar.com\/avatar\/bd4a792415fb39fa51798d58ac2f37a43840d82d0caaa90a29f315aec4e6d416?s=96&d=mm&r=g","contentUrl":"https:\/\/secure.gravatar.com\/avatar\/bd4a792415fb39fa51798d58ac2f37a43840d82d0caaa90a29f315aec4e6d416?s=96&d=mm&r=g","caption":"Andrei Welther"},"sameAs":["https:\/\/weltcars.com"],"url":"https:\/\/welt-auto.ro\/profile\/weltandrei\/"}]}},"_links":{"self":[{"href":"https:\/\/welt-auto.ro\/rest\/wp\/v2\/posts\/999","targetHints":{"allow":["GET"]}}],"collection":[{"href":"https:\/\/welt-auto.ro\/rest\/wp\/v2\/posts"}],"about":[{"href":"https:\/\/welt-auto.ro\/rest\/wp\/v2\/types\/post"}],"author":[{"embeddable":true,"href":"https:\/\/welt-auto.ro\/rest\/wp\/v2\/users\/2"}],"replies":[{"embeddable":true,"href":"https:\/\/welt-auto.ro\/rest\/wp\/v2\/comments?post=999"}],"version-history":[{"count":1,"href":"https:\/\/welt-auto.ro\/rest\/wp\/v2\/posts\/999\/revisions"}],"predecessor-version":[{"id":1001,"href":"https:\/\/welt-auto.ro\/rest\/wp\/v2\/posts\/999\/revisions\/1001"}],"wp:featuredmedia":[{"embeddable":true,"href":"https:\/\/welt-auto.ro\/rest\/wp\/v2\/media\/1000"}],"wp:attachment":[{"href":"https:\/\/welt-auto.ro\/rest\/wp\/v2\/media?parent=999"}],"wp:term":[{"taxonomy":"category","embeddable":true,"href":"https:\/\/welt-auto.ro\/rest\/wp\/v2\/categories?post=999"},{"taxonomy":"post_tag","embeddable":true,"href":"https:\/\/welt-auto.ro\/rest\/wp\/v2\/tags?post=999"}],"curies":[{"name":"wp","href":"https:\/\/api.w.org\/{rel}","templated":true}]}}